{"id":43774,"date":"2014-09-09T04:34:59","date_gmt":"2014-09-09T02:34:59","guid":{"rendered":"http:\/\/stockportal.hu\/?p=43774"},"modified":"2014-09-08T21:15:22","modified_gmt":"2014-09-08T19:15:22","slug":"norveg-alapok-megszalta-a-rendorseg-az-okotars-alapitvany-irodajat","status":"publish","type":"post","link":"https:\/\/gazdasagportal.hu\/index.php\/norveg-alapok-megszalta-a-rendorseg-az-okotars-alapitvany-irodajat\/","title":{"rendered":"Norv\u00e9g alapok &#8211; Megsz\u00e1lta a rend\u0151rs\u00e9g az \u00d6kot\u00e1rs Alap\u00edtv\u00e1ny irod\u00e1j\u00e1t"},"content":{"rendered":"<p><strong>A K\u00e9szenl\u00e9ti Rend\u0151rs\u00e9g Nemzeti Nyomoz\u00f3 Iroda h\u0171tlen kezel\u00e9s, valamint jogosulatlan p\u00e9nz\u00fcgyi tev\u00e9kenys\u00e9g elk\u00f6vet\u00e9s\u00e9nek gyan\u00faja miatt ind\u00edtott elj\u00e1r\u00e1s keret\u00e9ben h\u00e9tf\u0151n h\u00e1zkutat\u00e1st tartott az \u00d6kot\u00e1rs Alap\u00edtv\u00e1ny budapesti irod\u00e1j\u00e1ban &#8211; k\u00f6z\u00f6lte az Orsz\u00e1gos Rend\u0151r-f\u0151kapit\u00e1nys\u00e1g kommunik\u00e1ci\u00f3s szolg\u00e1lata.<\/strong><!--more--><br \/>\n<div class=\"ads-in-post1\"><div id=\"gazdasagportal.hu_fullbanner_wideboard\"><\/div>\r\n<\/div>\n<p>    Az elj\u00e1r\u00e1st ismeretlen tettes ellen indult.<br \/>\n    A kommunik\u00e1ci\u00f3s szolg\u00e1lat este a police.hu-n azt k\u00f6z\u00f6lte: t\u00f6bb helysz\u00ednen hajtottak v\u00e9gre h\u00e1zkutat\u00e1st, amelyek sor\u00e1n a Nemzeti Nyomoz\u00f3 Iroda munkat\u00e1rsai iratokat, sz\u00e1m\u00edt\u00e1stechnikai adatokat foglaltak le.<br \/>\n    A nyomoz\u00e1sba igazs\u00e1g\u00fcgyi szak\u00e9rt\u0151t is bevonnak &#8211; tett\u00e9k hozz\u00e1.<br \/>\n    Sajt\u00f3h\u00edrek szerint a rend\u0151rs\u00e9g nagy er\u0151kkel sz\u00e1llt ki h\u00e9tf\u0151 reggel a Norv\u00e9g Civil T\u00e1mogat\u00e1si Alap forr\u00e1sait koordin\u00e1l\u00f3 \u00d6kot\u00e1rs Alap\u00edtv\u00e1ny budapesti irod\u00e1j\u00e1hoz. D\u00e9lben a nyomoz\u00f3k jelentek meg a p\u00e1ly\u00e1zati programot lebonyol\u00edt\u00f3 konzorcium egy m\u00e1sik tagj\u00e1nak, a Demokratikus Jogok Fejleszt\u00e9s\u00e9\u00e9rt Alap\u00edtv\u00e1nynak az irod\u00e1j\u00e1n\u00e1l is &#8211; \u00edrt\u00e1k.<br \/>\n    A Magyar Nemzet szeptember 3-i sz\u00e1m\u00e1ban tette k\u00f6zz\u00e9 azt az \u00e9rtes\u00fcl\u00e9s\u00e9t, hogy a Korm\u00e1nyzati Ellen\u0151rz\u00e9si Hivatal (Kehi) \u00e1ltal &#8222;a norv\u00e9g alap ellen\u0151rz\u00e9se sor\u00e1n vizsg\u00e1lt egyik szervezet hat \u00e9v alatt csaknem sz\u00e1zmilli\u00f3 forint k\u00f6lcs\u00f6nt adott tizenh\u00e9t civil egyes\u00fcletnek, illetve alap\u00edtv\u00e1nynak \u00fagy, hogy a gyan\u00fa szerint erre nem volt enged\u00e9lye. Az \u00fcgyben b\u00fcntet\u0151feljelent\u00e9s sz\u00fcletett, \u00e9s piacfel\u00fcgyeleti elj\u00e1r\u00e1s indult.&#8221;<br \/>\n    A Kehi ezut\u00e1n az MTI \u00e9rdekl\u0151d\u00e9s\u00e9re k\u00f6z\u00f6lte: a Korm\u00e1nyzati Ellen\u0151rz\u00e9si Hivatal jogosulatlan p\u00e9nz\u00fcgyi tev\u00e9kenys\u00e9g b\u0171ncselekm\u00e9ny\u00e9nek gyan\u00faja miatt ismeretlen tettes ellen feljelent\u00e9st tett az orsz\u00e1gos rend\u0151rf\u0151kapit\u00e1nyn\u00e1l, illetve piacfel\u00fcgyeleti elj\u00e1r\u00e1st kezdem\u00e9nyezett a Magyar Nemzeti Bankn\u00e1l. Azt azonban, hogy mely szervezetr\u0151l van sz\u00f3, nem k\u00f6z\u00f6lte.<br \/>\n    A Kehi szerint a vizsg\u00e1lt szervezet t\u00f6bb mint egy tucat egyes\u00fclet, illetve alap\u00edtv\u00e1ny r\u00e9sz\u00e9re mintegy \u00f6t \u00e9ven kereszt\u00fcl ny\u00fajtott p\u00e9nzk\u00f6lcs\u00f6n\u00f6ket.<br \/>\n    Csepreghy N\u00e1ndor, a Minisztereln\u00f6ks\u00e9g fejleszt\u00e9spolitikai kommunik\u00e1ci\u00f3\u00e9rt felel\u0151s helyettes \u00e1llamtitk\u00e1ra m\u00e1jusban jelentette be, hogy a Minisztereln\u00f6ks\u00e9g felk\u00e9ri a Kehit a Norv\u00e9g Alap felhaszn\u00e1l\u00e1s\u00e1nak teljes k\u00f6r\u0171 vizsg\u00e1lat\u00e1ra. Hozz\u00e1tette: az \u00e1tfog\u00f3 vizsg\u00e1lat c\u00e9lja az, hogy tiszt\u00e1zz\u00e1k, meg\u00e1ll-e az a magyar korm\u00e1nyzati gyan\u00fa, amely szerint a norv\u00e9g alap hazai felhaszn\u00e1l\u00e1sakor \u00e1tt\u00e9telesen politikai szervezeteket vagy hozz\u00e1juk szorosan k\u00f6t\u0151d\u0151 civil szervezeteket t\u00e1mogattak.<br \/>\n    Az \u00d6kot\u00e1rs Alap\u00edtv\u00e1ny szerint a norv\u00e9g alapokt\u00f3l \u00e9rkez\u0151 t\u00e1mogat\u00e1sok felhaszn\u00e1l\u00e1sa \u00e1tl\u00e1that\u00f3 volt. Az alap\u00edtv\u00e1ny azt is kijelentette, hogy egyetlen p\u00e1rttal &#8222;sem volt p\u00e9nz\u00fcgyi kapcsolata&#8221;.(MTI)<br \/>\n<div class=\"ads-in-post2\"><script async src=\"https:\/\/pagead2.googlesyndication.com\/pagead\/js\/adsbygoogle.js\"><\/script>\r\n<ins class=\"adsbygoogle\"\r\n     style=\"display:block\"\r\n     data-ad-format=\"fluid\"\r\n     data-ad-layout-key=\"-6t+ed+2i-1n-4w\"\r\n     data-ad-client=\"ca-pub-1959107119989764\"\r\n     data-ad-slot=\"4008251320\"><\/ins>\r\n<script>\r\n     (adsbygoogle = window.adsbygoogle || []).push({});\r\n<\/script><\/div>\n","protected":false},"excerpt":{"rendered":"<p>A K\u00e9szenl\u00e9ti Rend\u0151rs\u00e9g Nemzeti Nyomoz\u00f3 Iroda h\u0171tlen kezel\u00e9s, valamint jogosulatlan p\u00e9nz\u00fcgyi tev\u00e9kenys\u00e9g elk\u00f6vet\u00e9s\u00e9nek gyan\u00faja miatt ind\u00edtott elj\u00e1r\u00e1s keret\u00e9ben h\u00e9tf\u0151n h\u00e1zkutat\u00e1st tartott az \u00d6kot\u00e1rs Alap\u00edtv\u00e1ny budapesti irod\u00e1j\u00e1ban &#8211; k\u00f6z\u00f6lte az Orsz\u00e1gos Rend\u0151r-f\u0151kapit\u00e1nys\u00e1g kommunik\u00e1ci\u00f3s szolg\u00e1lata.<\/p>\n","protected":false},"author":1,"featured_media":0,"comment_status":"open","ping_status":"closed","sticky":false,"template":"","format":"standard","meta":[],"categories":[18],"tags":[],"_links":{"self":[{"href":"https:\/\/gazdasagportal.hu\/index.php\/wp-json\/wp\/v2\/posts\/43774"}],"collection":[{"href":"https:\/\/gazdasagportal.hu\/index.php\/wp-json\/wp\/v2\/posts"}],"about":[{"href":"https:\/\/gazdasagportal.hu\/index.php\/wp-json\/wp\/v2\/types\/post"}],"author":[{"embeddable":true,"href":"https:\/\/gazdasagportal.hu\/index.php\/wp-json\/wp\/v2\/users\/1"}],"replies":[{"embeddable":true,"href":"https:\/\/gazdasagportal.hu\/index.php\/wp-json\/wp\/v2\/comments?post=43774"}],"version-history":[{"count":2,"href":"https:\/\/gazdasagportal.hu\/index.php\/wp-json\/wp\/v2\/posts\/43774\/revisions"}],"predecessor-version":[{"id":43785,"href":"https:\/\/gazdasagportal.hu\/index.php\/wp-json\/wp\/v2\/posts\/43774\/revisions\/43785"}],"wp:attachment":[{"href":"https:\/\/gazdasagportal.hu\/index.php\/wp-json\/wp\/v2\/media?parent=43774"}],"wp:term":[{"taxonomy":"category","embeddable":true,"href":"https:\/\/gazdasagportal.hu\/index.php\/wp-json\/wp\/v2\/categories?post=43774"},{"taxonomy":"post_tag","embeddable":true,"href":"https:\/\/gazdasagportal.hu\/index.php\/wp-json\/wp\/v2\/tags?post=43774"}],"curies":[{"name":"wp","href":"https:\/\/api.w.org\/{rel}","templated":true}]}}