{"id":43772,"date":"2014-09-09T05:04:38","date_gmt":"2014-09-09T03:04:38","guid":{"rendered":"http:\/\/stockportal.hu\/?p=43772"},"modified":"2014-09-09T05:05:52","modified_gmt":"2014-09-09T03:05:52","slug":"a-citi-magyarorszag-4-videki-fiokbol-3-at-bezar","status":"publish","type":"post","link":"https:\/\/gazdasagportal.hu\/index.php\/a-citi-magyarorszag-4-videki-fiokbol-3-at-bezar\/","title":{"rendered":"Egy kiv\u00e9tel\u00e9vel bez\u00e1rja az \u00f6sszes vid\u00e9ki fi\u00f3kjait a Citi Magyarorsz\u00e1g"},"content":{"rendered":"<p><strong>A Citi Magyarorsz\u00e1g bez\u00e1rja h\u00e1rom vid\u00e9ki fi\u00f3kj\u00e1t 2014. szeptember 26-ai hat\u00e1llyal, nevezetesen a miskolcit, a gy\u0151rit \u00e9s a debrecenit, ezt k\u00f6vet\u0151en a hitelint\u00e9zet magyarorsz\u00e1gi fi\u00f3kh\u00e1l\u00f3zata kilenc budapesti \u00e9s egy sz\u00e9kesfeh\u00e9rv\u00e1ri egys\u00e9gb\u0151l \u00e1ll majd &#8211; k\u00f6z\u00f6lte a hitelint\u00e9zet az MTI-vel h\u00e9tf\u0151n.<\/strong><!--more--><br \/>\n<div class=\"ads-in-post1\"><div id=\"gazdasagportal.hu_fullbanner_wideboard\"><\/div>\r\n<\/div>\n<p>    A k\u00f6zlem\u00e9ny kit\u00e9r arra: a Citi \u00e9rt\u00e9kes\u00edt\u00e9si \u00e9s \u00fcgyf\u00e9lkiszolg\u00e1l\u00e1si h\u00e1l\u00f3zat\u00e1t \u00e9rint\u0151 glob\u00e1lis strat\u00e9gi\u00e1j\u00e1t az \u00fcgyfelek banki \u00fcgyint\u00e9z\u00e9si szok\u00e1sainak \u00e9s ig\u00e9nyeinek alakul\u00e1s\u00e1hoz igaz\u00edtj\u00e1k. Hozz\u00e1tett\u00e9k: jelent\u0151s befektet\u00e9st k\u00f6vet\u0151en, 2013 \u00e1prilis\u00e1ban a vil\u00e1gon els\u0151k\u00e9nt Magyarorsz\u00e1gon vezett\u00e9k be a Citi \u00faj glob\u00e1lis lakoss\u00e1gi IT-platformj\u00e1t, bele\u00e9rtve az \u00faj Citibank Online \u00e9s Citi Mobilbank platformokat.<br \/>\n    Kit\u00e9rnek arra: az \u00faj glob\u00e1lis internetbanki \u00e9s mobilbanki platformjaikon az \u00fcgyfeleik k\u00e9nyelmesen, biztons\u00e1gosan \u00e9s k\u00f6lts\u00e9ghat\u00e9konyan vehetik ig\u00e9nybe befektet\u00e9si, hitelk\u00e1rtya- \u00e9s szem\u00e9lyihitel-term\u00e9keiket \u00e9s szolg\u00e1ltat\u00e1saikat a h\u00e9t minden napj\u00e1n 0-24 \u00f3ra k\u00f6z\u00f6tt, f\u00fcggetlen\u00fcl att\u00f3l, hogy az orsz\u00e1g mely pontj\u00e1n \u00e9lnek.<br \/>\n    A banki k\u00f6zlem\u00e9ny szerint a megsokszorozott funkci\u00f3knak, a megn\u00f6velt k\u00e9nyelemnek \u00e9s a felhaszn\u00e1l\u00f3bar\u00e1t strukt\u00far\u00e1nak k\u00f6sz\u00f6nhet\u0151en egyre t\u00f6bb \u00fcgyfel\u00fck int\u00e9zi p\u00e9nz\u00fcgyeit a digit\u00e1lis csatorn\u00e1kon kereszt\u00fcl. A 2013. janu\u00e1ri \u00e1llapothoz viszony\u00edtva 60 sz\u00e1zal\u00e9kkal emelkedett a mobilbankot ig\u00e9nybe vev\u0151 \u00fcgyfelek sz\u00e1ma, \u00e9s 40 sz\u00e1zal\u00e9kkal n\u0151tt az internetbankot akt\u00edvan haszn\u00e1l\u00f3k k\u00f6re &#8211; tudatta a bank.<br \/>\n    A Citi k\u00f6zlem\u00e9nye szerint a digit\u00e1lis platformjaik fejleszt\u00e9s\u00e9vel p\u00e1rhuzamosan alak\u00edtj\u00e1k \u00e1t a magyarorsz\u00e1gi fi\u00f3kh\u00e1l\u00f3zatukat. A Budapest-k\u00f6zpont\u00fa fi\u00f3kh\u00e1l\u00f3zatukat olyan nagy forgalm\u00fa helyekre koncentr\u00e1lt\u00e1k, ahol az \u00fcgyfeleik nagyr\u00e9szt \u00e9lnek, dolgoznak \u00e9s szabadidej\u00fcket is ott t\u00f6ltik, \u00e9s ahol legink\u00e1bb ig\u00e9nylik a bankfi\u00f3ki kiszolg\u00e1l\u00e1st &#8211; \u00edrj\u00e1k a k\u00f6zlem\u00e9nyben.<br \/>\n    A Citi Magyarorsz\u00e1g szervezet\u00e9n\u00e9l &#8211; bele\u00e9rtve a budapesti Citi Szolg\u00e1ltat\u00f3 K\u00f6zpontot is &#8211; dolgoz\u00f3, \u00f6sszesen mintegy k\u00e9tezer munkav\u00e1llal\u00f3 k\u00f6z\u00fcl mindenki sz\u00e1m\u00e1ra rendelkez\u00e9sre \u00e1ll a lehet\u0151s\u00e9g, hogy a bankban, illetve a szolg\u00e1ltat\u00e1sok \u00e9s a dolgoz\u00f3i l\u00e9tsz\u00e1m tekintet\u00e9ben folyamatosan b\u0151v\u00fcl\u0151 Budapest Citi Szolg\u00e1ltat\u00f3 K\u00f6zpontban nyitva \u00e1ll\u00f3 \u00e1ll\u00e1sokra p\u00e1ly\u00e1zzanak, \u00edgy igyekeznek megtartani az \u00e9rintett dolgoz\u00f3kat a bank szervezet\u00e9n\u00e9l &#8211; tett\u00e9k hozz\u00e1.(MTI)<br \/>\n<div class=\"ads-in-post2\"><script async src=\"https:\/\/pagead2.googlesyndication.com\/pagead\/js\/adsbygoogle.js\"><\/script>\r\n<ins class=\"adsbygoogle\"\r\n     style=\"display:block\"\r\n     data-ad-format=\"fluid\"\r\n     data-ad-layout-key=\"-6t+ed+2i-1n-4w\"\r\n     data-ad-client=\"ca-pub-1959107119989764\"\r\n     data-ad-slot=\"4008251320\"><\/ins>\r\n<script>\r\n     (adsbygoogle = window.adsbygoogle || []).push({});\r\n<\/script><\/div>\n","protected":false},"excerpt":{"rendered":"<p>A Citi Magyarorsz\u00e1g bez\u00e1rja h\u00e1rom vid\u00e9ki fi\u00f3kj\u00e1t 2014. szeptember 26-ai hat\u00e1llyal, nevezetesen a miskolcit, a gy\u0151rit \u00e9s a debrecenit, ezt k\u00f6vet\u0151en a hitelint\u00e9zet magyarorsz\u00e1gi fi\u00f3kh\u00e1l\u00f3zata kilenc budapesti \u00e9s egy sz\u00e9kesfeh\u00e9rv\u00e1ri egys\u00e9gb\u0151l \u00e1ll majd &#8211; k\u00f6z\u00f6lte a hitelint\u00e9zet az MTI-vel h\u00e9tf\u0151n.<\/p>\n","protected":false},"author":1,"featured_media":0,"comment_status":"open","ping_status":"closed","sticky":false,"template":"","format":"standard","meta":[],"categories":[19],"tags":[],"_links":{"self":[{"href":"https:\/\/gazdasagportal.hu\/index.php\/wp-json\/wp\/v2\/posts\/43772"}],"collection":[{"href":"https:\/\/gazdasagportal.hu\/index.php\/wp-json\/wp\/v2\/posts"}],"about":[{"href":"https:\/\/gazdasagportal.hu\/index.php\/wp-json\/wp\/v2\/types\/post"}],"author":[{"embeddable":true,"href":"https:\/\/gazdasagportal.hu\/index.php\/wp-json\/wp\/v2\/users\/1"}],"replies":[{"embeddable":true,"href":"https:\/\/gazdasagportal.hu\/index.php\/wp-json\/wp\/v2\/comments?post=43772"}],"version-history":[{"count":5,"href":"https:\/\/gazdasagportal.hu\/index.php\/wp-json\/wp\/v2\/posts\/43772\/revisions"}],"predecessor-version":[{"id":43790,"href":"https:\/\/gazdasagportal.hu\/index.php\/wp-json\/wp\/v2\/posts\/43772\/revisions\/43790"}],"wp:attachment":[{"href":"https:\/\/gazdasagportal.hu\/index.php\/wp-json\/wp\/v2\/media?parent=43772"}],"wp:term":[{"taxonomy":"category","embeddable":true,"href":"https:\/\/gazdasagportal.hu\/index.php\/wp-json\/wp\/v2\/categories?post=43772"},{"taxonomy":"post_tag","embeddable":true,"href":"https:\/\/gazdasagportal.hu\/index.php\/wp-json\/wp\/v2\/tags?post=43772"}],"curies":[{"name":"wp","href":"https:\/\/api.w.org\/{rel}","templated":true}]}}