{"id":43758,"date":"2014-09-08T18:13:08","date_gmt":"2014-09-08T16:13:08","guid":{"rendered":"http:\/\/stockportal.hu\/?p=43758"},"modified":"2014-09-08T16:33:49","modified_gmt":"2014-09-08T14:33:49","slug":"beuhazasai-novelesere-osztokeli-nemetorszagot-az-imf-vezerigazgatoja","status":"publish","type":"post","link":"https:\/\/gazdasagportal.hu\/index.php\/beuhazasai-novelesere-osztokeli-nemetorszagot-az-imf-vezerigazgatoja\/","title":{"rendered":"Beuh\u00e1z\u00e1sai n\u00f6vel\u00e9s\u00e9re \u00f6szt\u00f6k\u00e9li N\u00e9metorsz\u00e1got az IMF vez\u00e9rigazgat\u00f3ja"},"content":{"rendered":"<p><strong>A Nemzetk\u00f6zi Valutaalap (IMF) vez\u00e9rigazgat\u00f3ja arra buzd\u00edtotta N\u00e9metorsz\u00e1got, hogy beruh\u00e1z\u00e1sainak n\u00f6vel\u00e9s\u00e9vel seg\u00edtsen fellend\u00edteni az eur\u00f3z\u00f3na halov\u00e1ny gazdas\u00e1gi teljes\u00edtm\u00e9ny\u00e9t. Christine Lagarde egy\u00fattal arra is figyelmeztetett, hogy az eg\u00e9sz eur\u00f3z\u00f3n\u00e1ban tov\u00e1bbi szerkezeti reformokat kell v\u00e9grehajtani.<\/strong><!--more--><br \/>\n<div class=\"ads-in-post1\"><div id=\"gazdasagportal.hu_fullbanner_wideboard\"><\/div>\r\n<\/div>\n<p>    A Radio Classique c\u00edm\u0171 francia r\u00e1di\u00f3ban h\u00e9tf\u0151n sug\u00e1rzott nyilatkozat\u00e1ban Lagarde r\u00e1mutatott, hogy N\u00e9metorsz\u00e1g az eur\u00f3\u00f6vezet egyik olyan ritka tag\u00e1llama, amelynek van k\u00f6lts\u00e9gvet\u00e9si mozg\u00e1stere. Az Angela Merkel vezette n\u00e9met korm\u00e1ny m\u00e1r tervezi a b\u00e9rek emel\u00e9s\u00e9t \u00e9s a k\u00f6zleked\u00e9si infrastrukt\u00far\u00e1ba val\u00f3 nagyobb \u00e1llami beruh\u00e1z\u00e1sokat, mindazon\u00e1ltal a valutaalap \u00e1ll\u00e1spontja szerint N\u00e9metorsz\u00e1g, saj\u00e1t \u00e9rdek\u00e9ben is, enn\u00e9l t\u00f6bbet tud tenni, hogy \u00f6szt\u00f6n\u00f6zze a fogyaszt\u00e1st \u00e9s el\u0151seg\u00edtse a gazdas\u00e1gi fellend\u00fcl\u00e9st \u00fagy belf\u00f6ld\u00f6n, mint az eur\u00f3z\u00f3na eg\u00e9sz\u00e9ben &#8211; mondta.<br \/>\n    A Les \u00c9chos c\u00edm\u0171 francia napilapban h\u00e9tf\u0151n megjelent interj\u00faj\u00e1ban az IMF vez\u00e9rigazgat\u00f3ja azt javasolta, hogy N\u00e9metorsz\u00e1g a k\u00f6vetkez\u0151 n\u00e9gy \u00e9vben a tervezett 0,2 sz\u00e1zal\u00e9k helyett brutt\u00f3 hazai term\u00e9k\u00e9nek (GDP) 0,5 sz\u00e1zal\u00e9k\u00e1t ford\u00edtsa k\u00f6zleked\u00e9si beruh\u00e1z\u00e1sokra. Ezenk\u00edv\u00fcl N\u00e9metorsz\u00e1g a magasabb b\u00e9rki\u00e1raml\u00e1ssal t\u00e1mogatni tudn\u00e1 az eur\u00f3\u00f6vezeti gazdas\u00e1g fel\u00e9p\u00fcl\u00e9s\u00e9t, mert akkor a n\u00e9met fogyaszt\u00f3k &#8222;t\u00e1pl\u00e1lhatn\u00e1k&#8221; a keresletet.<br \/>\n    Lagarde azt is kifejtette, hogy az IMF szerint az eur\u00f3\u00f6vezeti orsz\u00e1gok eset\u00e9ben nem lehet t\u00falzott m\u00e9rt\u00e9k\u0171 megszor\u00edt\u00e1sokr\u00f3l besz\u00e9lni, a k\u00f6lts\u00e9gvet\u00e9si deficitek cs\u00f6kkent\u00e9s\u00e9nek temp\u00f3ja minden orsz\u00e1gban megfelel\u0151nek t\u0171nik. Hangs\u00falyozta, hogy a deficitek cs\u00f6kkent\u00e9s\u00e9re tett \u00edg\u00e9reteket be kell tartani, m\u00e9g akkor is, ha az infl\u00e1ci\u00f3 a v\u00e1rtn\u00e1l alacsonyabban alakul, azt nem lehet \u00fcr\u00fcgyk\u00e9nt haszn\u00e1lni a k\u00f6zkiad\u00e1sok ter\u00e9n sz\u00fcks\u00e9ges er\u0151fesz\u00edt\u00e9sek elhalaszt\u00e1s\u00e1ra.<br \/>\n    A vez\u00e9rigazgat\u00f3 \u00fagy fogalmazott, hogy a vil\u00e1ggazdas\u00e1gi n\u00f6veked\u00e9s egyszerre &#8222;gyenge, t\u00f6r\u00e9keny \u00e9s egyenl\u0151tlen&#8221;. T\u00f6bb geopolitikai kock\u00e1zat mellett az is hozz\u00e1j\u00e1rul a p\u00e9nz\u00fcgyi bizonytalans\u00e1ghoz, hogy bizonyos akt\u00edvumok, nem csak r\u00e9szv\u00e9nyek, er\u0151sen t\u00fal\u00e9rt\u00e9keltek. &#8222;Nem bubor\u00e9kr\u00f3l besz\u00e9lek&#8221; &#8211; mondta, hozz\u00e1t\u00e9ve ugyanakkor, hogy a piacszab\u00e1lyoz\u00f3 \u00e9s -fel\u00fcgyel\u0151 szerveknek fokozott figyelmet kell ford\u00edtaniuk erre a jelens\u00e9gre.(MTI)<\/p>\n","protected":false},"excerpt":{"rendered":"<p>A Nemzetk\u00f6zi Valutaalap (IMF) vez\u00e9rigazgat\u00f3ja arra buzd\u00edtotta N\u00e9metorsz\u00e1got, hogy beruh\u00e1z\u00e1sainak n\u00f6vel\u00e9s\u00e9vel seg\u00edtsen fellend\u00edteni az eur\u00f3z\u00f3na halov\u00e1ny gazdas\u00e1gi teljes\u00edtm\u00e9ny\u00e9t. Christine Lagarde egy\u00fattal arra is figyelmeztetett, hogy az eg\u00e9sz eur\u00f3z\u00f3n\u00e1ban tov\u00e1bbi szerkezeti reformokat kell v\u00e9grehajtani.<\/p>\n","protected":false},"author":1,"featured_media":0,"comment_status":"open","ping_status":"closed","sticky":false,"template":"","format":"standard","meta":[],"categories":[8],"tags":[],"_links":{"self":[{"href":"https:\/\/gazdasagportal.hu\/index.php\/wp-json\/wp\/v2\/posts\/43758"}],"collection":[{"href":"https:\/\/gazdasagportal.hu\/index.php\/wp-json\/wp\/v2\/posts"}],"about":[{"href":"https:\/\/gazdasagportal.hu\/index.php\/wp-json\/wp\/v2\/types\/post"}],"author":[{"embeddable":true,"href":"https:\/\/gazdasagportal.hu\/index.php\/wp-json\/wp\/v2\/users\/1"}],"replies":[{"embeddable":true,"href":"https:\/\/gazdasagportal.hu\/index.php\/wp-json\/wp\/v2\/comments?post=43758"}],"version-history":[{"count":1,"href":"https:\/\/gazdasagportal.hu\/index.php\/wp-json\/wp\/v2\/posts\/43758\/revisions"}],"predecessor-version":[{"id":43759,"href":"https:\/\/gazdasagportal.hu\/index.php\/wp-json\/wp\/v2\/posts\/43758\/revisions\/43759"}],"wp:attachment":[{"href":"https:\/\/gazdasagportal.hu\/index.php\/wp-json\/wp\/v2\/media?parent=43758"}],"wp:term":[{"taxonomy":"category","embeddable":true,"href":"https:\/\/gazdasagportal.hu\/index.php\/wp-json\/wp\/v2\/categories?post=43758"},{"taxonomy":"post_tag","embeddable":true,"href":"https:\/\/gazdasagportal.hu\/index.php\/wp-json\/wp\/v2\/tags?post=43758"}],"curies":[{"name":"wp","href":"https:\/\/api.w.org\/{rel}","templated":true}]}}