{"id":43745,"date":"2014-09-08T16:12:48","date_gmt":"2014-09-08T14:12:48","guid":{"rendered":"http:\/\/stockportal.hu\/?p=43745"},"modified":"2014-09-08T16:12:48","modified_gmt":"2014-09-08T14:12:48","slug":"norveg-alapok-egyutt-pm-politikai-koncepcios-eljaras-zajlik-az-okotars-ellen","status":"publish","type":"post","link":"https:\/\/gazdasagportal.hu\/index.php\/norveg-alapok-egyutt-pm-politikai-koncepcios-eljaras-zajlik-az-okotars-ellen\/","title":{"rendered":"Norv\u00e9g alapok &#8211; Egy\u00fctt-PM: politikai koncepci\u00f3s elj\u00e1r\u00e1s zajlik az \u00d6kot\u00e1rs ellen"},"content":{"rendered":"<p><strong>Az Egy\u00fctt-PM politikai koncepci\u00f3s elj\u00e1r\u00e1s r\u00e9sz\u00e9nek tartja, hogy a rend\u0151rs\u00e9g h\u00e9tf\u0151n nagy er\u0151kkel vonult ki az \u00d6kot\u00e1rs Alap\u00edtv\u00e1nyhoz.<\/strong><!--more--><br \/>\n<div class=\"ads-in-post1\"><div id=\"gazdasagportal.hu_fullbanner_wideboard\"><\/div>\r\n<\/div>\n<p>    Az ellenz\u00e9ki p\u00e1rtsz\u00f6vets\u00e9g az MTI-hez eljuttatott k\u00f6zlem\u00e9ny\u00e9ben azt \u00edrta, tov\u00e1bbra is biztosak abban, hogy az \u00d6kot\u00e1rs a magyar jogszab\u00e1lyok teljes betart\u00e1sa mellett m\u0171k\u00f6dik, \u00e9s a t\u00e1rsadalomnak hasznos tev\u00e9kenys\u00e9get v\u00e9gez.<br \/>\n    Az Egy\u00fctt-PM szerint az \u00d6kot\u00e1rs Alap\u00edtv\u00e1ny \u00e9s &#8222;a korm\u00e1ny \u00e1ltal putyini m\u00f3dszerekkel \u00fcld\u00f6z\u00f6tt &#8211; r\u00e9szben norv\u00e9g p\u00e9nzekb\u0151l finansz\u00edrozott &#8211; civil szervezetek&#8221; nem t\u00e1madj\u00e1k, hanem \u00e9ppens\u00e9ggel v\u00e9dik a magyar polg\u00e1rok \u00e9rdekeit \u00e9s &#8222;a magyar demokr\u00e1cia marad\u00e9k\u00e1t&#8221;.<br \/>\n    A p\u00e1rtsz\u00f6vets\u00e9g felsz\u00f3l\u00edtotta a korm\u00e1nyt, hagyjon f\u00f6l a &#8222;boszork\u00e1ny\u00fcld\u00f6z\u00e9ssel&#8221;, egy\u00fattal magyar\u00e1zatot v\u00e1r arra, hogy mi\u00e9rt kellett &#8222;f\u00e9lelmet kelt\u0151 m\u00f3don&#8221;, komoly rend\u0151ri er\u0151vel &#8222;megrohamozni&#8221; az alap\u00edtv\u00e1ny irod\u00e1it.<br \/>\n    Az Orsz\u00e1gos Rend\u0151r-f\u0151kapit\u00e1nys\u00e1g kommunik\u00e1ci\u00f3s szolg\u00e1lat\u00e1nak t\u00e1j\u00e9koztat\u00e1sa szerint a K\u00e9szenl\u00e9ti Rend\u0151rs\u00e9g Nemzeti Nyomoz\u00f3 Iroda h\u0171tlen kezel\u00e9s, valamint jogosulatlan p\u00e9nz\u00fcgyi tev\u00e9kenys\u00e9g elk\u00f6vet\u00e9s\u00e9nek gyan\u00faja miatt ind\u00edtott elj\u00e1r\u00e1s keret\u00e9ben tart h\u00e1zkutat\u00e1st h\u00e9tf\u0151n az \u00d6kot\u00e1rs Alap\u00edtv\u00e1ny budapesti irod\u00e1j\u00e1ban.(MTI)<\/p>\n","protected":false},"excerpt":{"rendered":"<p>Az Egy\u00fctt-PM politikai koncepci\u00f3s elj\u00e1r\u00e1s r\u00e9sz\u00e9nek tartja, hogy a rend\u0151rs\u00e9g h\u00e9tf\u0151n nagy er\u0151kkel vonult ki az \u00d6kot\u00e1rs Alap\u00edtv\u00e1nyhoz.<\/p>\n","protected":false},"author":1,"featured_media":0,"comment_status":"open","ping_status":"closed","sticky":false,"template":"","format":"standard","meta":[],"categories":[18],"tags":[],"_links":{"self":[{"href":"https:\/\/gazdasagportal.hu\/index.php\/wp-json\/wp\/v2\/posts\/43745"}],"collection":[{"href":"https:\/\/gazdasagportal.hu\/index.php\/wp-json\/wp\/v2\/posts"}],"about":[{"href":"https:\/\/gazdasagportal.hu\/index.php\/wp-json\/wp\/v2\/types\/post"}],"author":[{"embeddable":true,"href":"https:\/\/gazdasagportal.hu\/index.php\/wp-json\/wp\/v2\/users\/1"}],"replies":[{"embeddable":true,"href":"https:\/\/gazdasagportal.hu\/index.php\/wp-json\/wp\/v2\/comments?post=43745"}],"version-history":[{"count":1,"href":"https:\/\/gazdasagportal.hu\/index.php\/wp-json\/wp\/v2\/posts\/43745\/revisions"}],"predecessor-version":[{"id":43746,"href":"https:\/\/gazdasagportal.hu\/index.php\/wp-json\/wp\/v2\/posts\/43745\/revisions\/43746"}],"wp:attachment":[{"href":"https:\/\/gazdasagportal.hu\/index.php\/wp-json\/wp\/v2\/media?parent=43745"}],"wp:term":[{"taxonomy":"category","embeddable":true,"href":"https:\/\/gazdasagportal.hu\/index.php\/wp-json\/wp\/v2\/categories?post=43745"},{"taxonomy":"post_tag","embeddable":true,"href":"https:\/\/gazdasagportal.hu\/index.php\/wp-json\/wp\/v2\/tags?post=43745"}],"curies":[{"name":"wp","href":"https:\/\/api.w.org\/{rel}","templated":true}]}}