{"id":43733,"date":"2014-09-08T15:18:01","date_gmt":"2014-09-08T13:18:01","guid":{"rendered":"http:\/\/stockportal.hu\/?p=43733"},"modified":"2014-09-08T15:18:01","modified_gmt":"2014-09-08T13:18:01","slug":"komplex-energetikai-felujitast-kinal-az-elmu-emasz","status":"publish","type":"post","link":"https:\/\/gazdasagportal.hu\/index.php\/komplex-energetikai-felujitast-kinal-az-elmu-emasz\/","title":{"rendered":"Komplex energetikai fel\u00faj\u00edt\u00e1st k\u00edn\u00e1l az Elm\u0171-\u00c9m\u00e1sz"},"content":{"rendered":"<p><strong>H\u00e1rom h\u00f3napos sz\u0171k k\u00f6r\u0171 k\u00eds\u00e9rlet ut\u00e1n orsz\u00e1gosan elindul az Elm\u0171-\u00c9m\u00e1sz enHome nev\u0171 \u00fczlet\u00e1ga, amely a lakoss\u00e1gnak k\u00edn\u00e1l komplex energetikai fel\u00faj\u00edt\u00e1st, illetve napelemes kiser\u0151m\u0171vet &#8211; jelentette be Marie-Theres Thiell, a n\u00e9met RWE magyarorsz\u00e1gi c\u00e9gcsoportj\u00e1nak igazgat\u00f3s\u00e1gi eln\u00f6ke h\u00e9tf\u0151n sajt\u00f3t\u00e1j\u00e9koztat\u00f3n, Budapesten.<\/strong><!--more--><br \/>\n<div class=\"ads-in-post1\"><div id=\"gazdasagportal.hu_fullbanner_wideboard\"><\/div>\r\n<\/div>\n<p>A komplex fel\u00faj\u00edt\u00e1s a h\u00e1z h\u0151szigetel\u00e9s\u00e9t, a g\u00e9p\u00e9szet cser\u00e9j\u00e9t, valamint napelemek felszerel\u00e9s\u00e9t jelenti &#8211; k\u00f6z\u00f6lte Papp Andr\u00e1s \u00fczlet\u00e1gvezet\u0151.<br \/>\n    A beruh\u00e1z\u00e1shoz az Erste Bank ny\u00fajt hitelt, jelz\u00e1logfedezettel 6 sz\u00e1zal\u00e9k alatti teljes hiteld\u00edjmutat\u00f3val (thm), m\u00edg jelz\u00e1logfedezet n\u00e9lk\u00fcl 14-15 sz\u00e1zal\u00e9kos thm mellett lehet hozz\u00e1jutni a Z\u00f6ld Hitelhez &#8211; v\u00e1zolta a finansz\u00edroz\u00e1st Jelasity Radov\u00e1n, a bank eln\u00f6k-vez\u00e9rigazgat\u00f3ja.<br \/>\n    Egy projekt \u00fagy indul, hogy az Elm\u0171-\u00c9m\u00e1sz honlapj\u00e1n egy tesztet kit\u00f6ltve meghat\u00e1rozhat\u00f3k a h\u00e1z energetikai jellemz\u0151i. Amennyiben a tulajdonos elakad, akkor telefonos seg\u00edts\u00e9get k\u00e9rhet, illetve a c\u00e9g szem\u00e9lyes felm\u00e9r\u00e9sre kik\u00fcldi a szakembereit.<br \/>\n    A tervez\u00e9st, a hat\u00f3s\u00e1gi enged\u00e9lyez\u00e9st is a c\u00e9g v\u00e9gzi, de a kivitelez\u00e9sbe m\u00e1r alv\u00e1llalkoz\u00f3kat is bevon. \u00cdgy alv\u00e1llalkoz\u00f3k h\u0151szigetelik a h\u00e1zat, szerelnek fel h\u0151szivatty\u00fat, illetve cser\u00e9lik kondenz\u00e1ci\u00f3sra a megl\u00e9v\u0151 rossz hat\u00e1sfok\u00fa g\u00e1zkaz\u00e1nt. Aki napelemes kis er\u0151m\u0171vet is fel akar szereltetni a h\u00e1za tetej\u00e9re, azt m\u00e1r \u00fajra az Elm\u0171-\u00c9m\u00e1sz szakemberi v\u00e9gzik el.<br \/>\n    Az MTI k\u00e9rd\u00e9s\u00e9re Papp Andr\u00e1s elmondta, hogy 10 \u00e9ves t\u00e1vlatban 100-200 ezer lak\u00e1s energetikai fel\u00faj\u00edt\u00e1s\u00e1t akarj\u00e1k elv\u00e9gezni ebben a konstrukci\u00f3ban.<br \/>\n    Jelasity Radov\u00e1n arra is kit\u00e9rt, hogy a Z\u00f6ld Hitelhez jelenleg is j\u00e1r \u00e1llami t\u00e1mogat\u00e1s. A 6 sz\u00e1zal\u00e9k alatti thm kedvez\u0151, mivel a piaci \u00e1tlag jelenleg 7,11 sz\u00e1zal\u00e9k. A hitel futamideje 2-30 \u00e9v, a nagys\u00e1ga pedig 1-50 milli\u00f3 forint. A hitel felv\u00e9tel\u00e9t semmilyen k\u00f6lts\u00e9g nem terheli, \u00edgy m\u00e9g az \u00e9rt\u00e9kbecsl\u00e9s d\u00edj\u00e1t is visszat\u00e9r\u00edti a bank.<br \/>\n    Az \u00e1tlagos hitel nagys\u00e1ga v\u00e1rhat\u00f3an 1-5 milli\u00f3 forint lesz. Egy ekkora beruh\u00e1z\u00e1s &#8211; ilyen alacsony thm mellett &#8211; m\u00e1r bel\u00e1that\u00f3 id\u0151n bel\u00fcl megt\u00e9r\u00fcl.<br \/>\n    A t\u00e1rsas\u00e1g megversenyeztette a besz\u00e1ll\u00edt\u00f3kat, \u00edgy a napelem rendszereket p\u00e9ld\u00e1ul egy n\u00e9met \u00e9s egy magyar c\u00e9g sz\u00e1ll\u00edtja.<br \/>\n    \u00d6sszehasonl\u00edt\u00e1sk\u00e9nt eml\u00edtette Papp Andr\u00e1s, hogy N\u00e9metorsz\u00e1gban 40 ezer megawatt be\u00e9p\u00edtett kapacit\u00e1s\u00fa napelem termel \u00e1ramot, ez a magyar fogyaszt\u00e1s t\u00edzszerese.(MTI)<\/p>\n","protected":false},"excerpt":{"rendered":"<p>H\u00e1rom h\u00f3napos sz\u0171k k\u00f6r\u0171 k\u00eds\u00e9rlet ut\u00e1n orsz\u00e1gosan elindul az Elm\u0171-\u00c9m\u00e1sz enHome nev\u0171 \u00fczlet\u00e1ga, amely a lakoss\u00e1gnak k\u00edn\u00e1l komplex energetikai fel\u00faj\u00edt\u00e1st, illetve napelemes kiser\u0151m\u0171vet &#8211; jelentette be Marie-Theres Thiell, a n\u00e9met RWE magyarorsz\u00e1gi c\u00e9gcsoportj\u00e1nak igazgat\u00f3s\u00e1gi eln\u00f6ke h\u00e9tf\u0151n sajt\u00f3t\u00e1j\u00e9koztat\u00f3n, Budapesten.<\/p>\n","protected":false},"author":1,"featured_media":0,"comment_status":"open","ping_status":"closed","sticky":false,"template":"","format":"standard","meta":[],"categories":[19],"tags":[],"_links":{"self":[{"href":"https:\/\/gazdasagportal.hu\/index.php\/wp-json\/wp\/v2\/posts\/43733"}],"collection":[{"href":"https:\/\/gazdasagportal.hu\/index.php\/wp-json\/wp\/v2\/posts"}],"about":[{"href":"https:\/\/gazdasagportal.hu\/index.php\/wp-json\/wp\/v2\/types\/post"}],"author":[{"embeddable":true,"href":"https:\/\/gazdasagportal.hu\/index.php\/wp-json\/wp\/v2\/users\/1"}],"replies":[{"embeddable":true,"href":"https:\/\/gazdasagportal.hu\/index.php\/wp-json\/wp\/v2\/comments?post=43733"}],"version-history":[{"count":1,"href":"https:\/\/gazdasagportal.hu\/index.php\/wp-json\/wp\/v2\/posts\/43733\/revisions"}],"predecessor-version":[{"id":43734,"href":"https:\/\/gazdasagportal.hu\/index.php\/wp-json\/wp\/v2\/posts\/43733\/revisions\/43734"}],"wp:attachment":[{"href":"https:\/\/gazdasagportal.hu\/index.php\/wp-json\/wp\/v2\/media?parent=43733"}],"wp:term":[{"taxonomy":"category","embeddable":true,"href":"https:\/\/gazdasagportal.hu\/index.php\/wp-json\/wp\/v2\/categories?post=43733"},{"taxonomy":"post_tag","embeddable":true,"href":"https:\/\/gazdasagportal.hu\/index.php\/wp-json\/wp\/v2\/tags?post=43733"}],"curies":[{"name":"wp","href":"https:\/\/api.w.org\/{rel}","templated":true}]}}