{"id":43727,"date":"2014-09-08T14:03:03","date_gmt":"2014-09-08T12:03:03","guid":{"rendered":"http:\/\/stockportal.hu\/?p=43727"},"modified":"2014-09-08T14:03:03","modified_gmt":"2014-09-08T12:03:03","slug":"ukran-valsagnato-csucs-siklosi-magyarorszag-a-kibervedelem-erositesehez-is-hozzajarul","status":"publish","type":"post","link":"https:\/\/gazdasagportal.hu\/index.php\/ukran-valsagnato-csucs-siklosi-magyarorszag-a-kibervedelem-erositesehez-is-hozzajarul\/","title":{"rendered":"Ukr\u00e1n v\u00e1ls\u00e1g\/NATO-cs\u00facs &#8211; Sikl\u00f3si: Magyarorsz\u00e1g a kiberv\u00e9delem er\u0151s\u00edt\u00e9s\u00e9hez is hozz\u00e1j\u00e1rul"},"content":{"rendered":"<p><strong>A m\u00falt heti NATO-cs\u00facson az ukr\u00e1n v\u00e1ls\u00e1g kezel\u00e9s\u00e9re elfogadott t\u00f6bb ter\u00fcletet \u00e9rint\u0151 int\u00e9zked\u00e9sek k\u00f6z\u00fcl Magyarorsz\u00e1g 100 ezer eur\u00f3val j\u00e1rul hozz\u00e1 a kiberv\u00e9delem er\u0151s\u00edt\u00e9s\u00e9hez. Err\u0151l Sikl\u00f3si P\u00e9ter, a Honv\u00e9delmi Miniszt\u00e9rium (HM), v\u00e9delempolitik\u00e1\u00e9rt \u00e9s v\u00e9delmi tervez\u00e9s\u00e9rt felel\u0151s helyettes \u00e1llamtitk\u00e1ra besz\u00e9lt h\u00e9tf\u0151n egy budapesti konferenci\u00e1n.<\/strong><!--more--><br \/>\n<div class=\"ads-in-post1\"><div id=\"gazdasagportal.hu_fullbanner_wideboard\"><\/div>\r\n<\/div>\n<p>    Az \u00e1llamtitk\u00e1r elmondta: ez az int\u00e9zked\u00e9scsomag a kiberv\u00e9delem mellett a logisztikai t\u00e1mogat\u00e1s, a vezet\u00e9s \u00e9s ir\u00e1ny\u00edt\u00e1s, a kommunik\u00e1ci\u00f3, valamint  a sebes\u00fclt katon\u00e1k \u00e1pol\u00e1s\u00e1nak ter\u00fclet\u00e9t \u00e9rinti. Magyarorsz\u00e1g azt is felaj\u00e1nlotta, hogy seg\u00edti az ukr\u00e1n konfliktus sor\u00e1n megs\u00e9r\u00fclt katon\u00e1k kezel\u00e9s\u00e9t \u00e9s rehabilit\u00e1ci\u00f3j\u00e1t.<br \/>\n    Magyarorsz\u00e1g v\u00e1llalta: ha az Orsz\u00e1ggy\u0171l\u00e9s is hozz\u00e1j\u00e1rul, a kor\u00e1bban  egy 2012-es korm\u00e1nyhat\u00e1rozatban tett v\u00e1llal\u00e1s\u00e1hoz k\u00e9pest, amely a v\u00e9delmi k\u00f6lts\u00e9gvet\u00e9s nomin\u00e1lis szinten tart\u00e1s\u00e1r\u00f3l, majd 2016-t\u00f3l a GDP 0,1 sz\u00e1zal\u00e9kkal val\u00f3 emel\u00e9s\u00e9r\u0151l sz\u00f3lt, n\u00f6velni fogja a v\u00e9delemi k\u00f6lts\u00e9gvet\u00e9s\u00e9t. A p\u00e1pai b\u00e1zisrep\u00fcl\u0151t\u00e9ren olyan infrastruktur\u00e1lis fejleszt\u00e9seket terveznek, hogy azt ak\u00e1r a NATO legnagyobb rep\u00fcl\u0151g\u00e9pe is haszn\u00e1lni tudja. A honv\u00e9ds\u00e9g r\u00f6vid id\u0151n bel\u00fcl egy l\u00f6v\u00e9szsz\u00e1zadot telep\u00edt a Baltikumba 2-2,5 h\u00f3napra, a kijevi NATO \u00f6sszek\u00f6t\u0151 irod\u00e1ba szak\u00e9rt\u0151t k\u00fcld, s szerepet v\u00e1llal a gyors reag\u00e1l\u00e1s\u00fa er\u0151ben is. Szerepet v\u00e1llalunk tov\u00e1bb\u00e1 a j\u00f6v\u0151ben intenz\u00edvebb \u00e9s gyakoribb kik\u00e9pz\u00e9si programokban, s j\u00f6v\u0151re t\u00f6bb t\u00f6bbnemzeti, NATO-parancsnoks\u00e1g fel\u00fcgyelete al\u00e1 tartoz\u00f3 hadgyakorlatokat is tartanak Magyarorsz\u00e1gon &#8211; fejtette ki Sikl\u00f3si P\u00e9ter.<br \/>\n    A NATO j\u00f6v\u0151re Afganiszt\u00e1nban tervezett &#8222;Resolute Support&#8221; elnevez\u00e9s\u0171 misszi\u00f3j\u00e1ban k\u00f6r\u00fclbel\u00fcl sz\u00e1z katon\u00e1val vesz r\u00e9szt a Magyar Honv\u00e9ds\u00e9g &#8211; tette hozz\u00e1 Sikl\u00f3si P\u00e9ter.<br \/>\n    A HM helyettes \u00e1llamtitk\u00e1ra szerint a m\u00falt heti NATO-cs\u00facs egy\u00e9rtelm\u0171 \u00fczenete volt, hogy a Nyugat egys\u00e9ges.<br \/>\n    Tak\u00e1cs Szabolcs, K\u00fclgazdas\u00e1gi \u00e9s K\u00fcl\u00fcgyminiszt\u00e9rium , biztons\u00e1gpolitik\u00e1\u00e9rt felel\u0151s helyettes \u00e1llamtitk\u00e1ra is a m\u00falt heti NATO-cs\u00facs legfontosabb eredm\u00e9ny\u00e9nek azt nevezte, hogy a sz\u00f6vets\u00e9g meger\u0151s\u00f6d\u00f6tt. Egy\u00e9rtelm\u0171 \u00fczenete volt, hogy a NATO egy er\u0151s katonai egy\u00fcttm\u0171k\u00f6d\u00e9s, amely nem t\u0171ri, hogy b\u00e1rmely tagj\u00e1t atrocit\u00e1s \u00e9rje &#8211; tette hozz\u00e1.<br \/>\n    A KKM helyettes \u00e1llamtitk\u00e1ra szerint abban konszenzus van, hogy a m\u00falt heti NATO-cs\u00facs a sz\u00f6vets\u00e9g leg\u00fajabbkori t\u00f6rt\u00e9net\u00e9nek tal\u00e1n legfontosabb cs\u00facstal\u00e1koz\u00f3ja volt. Olyankor rendezt\u00e9k ezt meg, amikor a sz\u00f6vets\u00e9g ter\u00fclet\u00e9nek k\u00f6zvetlen szomsz\u00e9ds\u00e1g\u00e1ban h\u00e1bor\u00fak d\u00falnak. B\u00e1r d\u00e9li ir\u00e1nyban a konfliktus m\u00e1r nem \u00fajkelet\u0171, az esem\u00e9nyek sem Sz\u00edri\u00e1ban sem Irakban nem a rendez\u00e9sr\u0151l sz\u00f3lnak, hanem a puszt\u00edt\u00e1sr\u00f3l. Mint kiemelte: az ut\u00f3bbi id\u0151ben a K\u00f6zel-Keleten olyan er\u0151k er\u0151s\u00f6dtek meg, amelyekkel szembeni k\u00fczdelem nem t\u0171r halaszt\u00e1st. Az Iszl\u00e1m \u00c1llam elnevez\u00e9s\u0171 terrorszervezet etnikai \u00e9s vall\u00e1si k\u00f6z\u00f6ss\u00e9gek (k\u00f6zt\u00fck a kereszt\u00e9nyek) teljes kiirt\u00e1s\u00e1ra esk\u00fcd\u00f6tt fel &#8211; hangzott el.  A NATO, s a tag\u00e1llamok vezet\u0151i kiemelt\u00e9k, a c\u00e9l nem az Iszl\u00e1m \u00c1llam megf\u00e9kez\u00e9se, hanem annak elpuszt\u00edt\u00e1sa &#8211; ismertette Tak\u00e1cs Szabolcs, hozz\u00e1t\u00e9ve: ezt Magyarorsz\u00e1g teljes m\u00e9rt\u00e9kben t\u00e1mogatja. Kit\u00e9rt arra is:  sok NATO tag\u00e1llam sz\u00e1m\u00e1ra probl\u00e9ma, hogy \u00e1llampolg\u00e1raik is harcolnak ezeken a ter\u00fcleteken, s nem a nyugati er\u0151k oldal\u00e1n. \u00datlevel\u00fckkel b\u00e1rmikor visszat\u00e9rhetnek haz\u00e1jukba, amely komoly biztons\u00e1gi kock\u00e1zatot jelent &#8211; hangs\u00falyozta a k\u00fcl\u00fcgyi t\u00e1rca helyettes \u00e1llamtitk\u00e1ra.<br \/>\n    Tak\u00e1cs Szabolcs kit\u00e9rt arra is, magyar korm\u00e1ny szerint az afganiszt\u00e1ni misszi\u00f3ban voltak neh\u00e9zs\u00e9gek \u00e9s s\u00falyos \u00e1ldozatok, \u00f6sszess\u00e9g\u00e9ben a sz\u00f6vets\u00e9g teljes\u00edtette azt a feladatot, amelyet az afganiszt\u00e1ni v\u00e1ls\u00e1g kezdet\u00e9n v\u00e1llalt. Mint mondta, a folyamat m\u00e9g nem \u00e9rt v\u00e9get, de rem\u00e9lhet\u0151leg n\u00e9h\u00e1ny h\u00e9ten bel\u00fcl minden politikai szerepl\u0151 \u00e1ltal elismert legitim vezet\u0151je lesz az \u00e1llamnak, s \u00edgy meg lehet k\u00f6tni azokat a &#8211; Afganiszt\u00e1n \u00e9s az USA, valamint a Afganiszt\u00e1n \u00e9s a NATO k\u00f6z\u00f6tti &#8211; biztons\u00e1gi szerz\u0151d\u00e9seket, amelyekkel hosszabb t\u00e1von rendez\u0151dhet a helyzet.<br \/>\n    A KKM \u00e1llamtitk\u00e1ra azt is elmondta, hogy a NATO-cs\u00facson a magyar korm\u00e1ny azt is kifejezte, a sz\u00f6vets\u00e9g tov\u00e1bbi b\u0151v\u00edt\u00e9s\u00e9t &#8211; k\u00fcl\u00f6n\u00f6sen a nyugat-balk\u00e1ni t\u00e9rs\u00e9g orsz\u00e1gait \u00e9rint\u0151en &#8211; napirenden kell tartani.(MTI)<\/p>\n","protected":false},"excerpt":{"rendered":"<p>A m\u00falt heti NATO-cs\u00facson az ukr\u00e1n v\u00e1ls\u00e1g kezel\u00e9s\u00e9re elfogadott t\u00f6bb ter\u00fcletet \u00e9rint\u0151 int\u00e9zked\u00e9sek k\u00f6z\u00fcl Magyarorsz\u00e1g 100 ezer eur\u00f3val j\u00e1rul hozz\u00e1 a kiberv\u00e9delem er\u0151s\u00edt\u00e9s\u00e9hez. Err\u0151l Sikl\u00f3si P\u00e9ter, a Honv\u00e9delmi Miniszt\u00e9rium (HM), v\u00e9delempolitik\u00e1\u00e9rt \u00e9s v\u00e9delmi tervez\u00e9s\u00e9rt felel\u0151s helyettes \u00e1llamtitk\u00e1ra besz\u00e9lt h\u00e9tf\u0151n egy budapesti konferenci\u00e1n.<\/p>\n","protected":false},"author":1,"featured_media":0,"comment_status":"open","ping_status":"closed","sticky":false,"template":"","format":"standard","meta":[],"categories":[19],"tags":[],"_links":{"self":[{"href":"https:\/\/gazdasagportal.hu\/index.php\/wp-json\/wp\/v2\/posts\/43727"}],"collection":[{"href":"https:\/\/gazdasagportal.hu\/index.php\/wp-json\/wp\/v2\/posts"}],"about":[{"href":"https:\/\/gazdasagportal.hu\/index.php\/wp-json\/wp\/v2\/types\/post"}],"author":[{"embeddable":true,"href":"https:\/\/gazdasagportal.hu\/index.php\/wp-json\/wp\/v2\/users\/1"}],"replies":[{"embeddable":true,"href":"https:\/\/gazdasagportal.hu\/index.php\/wp-json\/wp\/v2\/comments?post=43727"}],"version-history":[{"count":1,"href":"https:\/\/gazdasagportal.hu\/index.php\/wp-json\/wp\/v2\/posts\/43727\/revisions"}],"predecessor-version":[{"id":43728,"href":"https:\/\/gazdasagportal.hu\/index.php\/wp-json\/wp\/v2\/posts\/43727\/revisions\/43728"}],"wp:attachment":[{"href":"https:\/\/gazdasagportal.hu\/index.php\/wp-json\/wp\/v2\/media?parent=43727"}],"wp:term":[{"taxonomy":"category","embeddable":true,"href":"https:\/\/gazdasagportal.hu\/index.php\/wp-json\/wp\/v2\/categories?post=43727"},{"taxonomy":"post_tag","embeddable":true,"href":"https:\/\/gazdasagportal.hu\/index.php\/wp-json\/wp\/v2\/tags?post=43727"}],"curies":[{"name":"wp","href":"https:\/\/api.w.org\/{rel}","templated":true}]}}