{"id":43723,"date":"2014-09-08T13:26:48","date_gmt":"2014-09-08T11:26:48","guid":{"rendered":"http:\/\/stockportal.hu\/?p=43723"},"modified":"2014-09-08T13:42:07","modified_gmt":"2014-09-08T11:42:07","slug":"ukran-valsag-orosz-lapok-a-minszki-tuzszuneti-megallapodas-senkit-sem-kotelez","status":"publish","type":"post","link":"https:\/\/gazdasagportal.hu\/index.php\/ukran-valsag-orosz-lapok-a-minszki-tuzszuneti-megallapodas-senkit-sem-kotelez\/","title":{"rendered":"Ukr\u00e1n v\u00e1ls\u00e1g &#8211; A t\u0171zsz\u00fcneti meg\u00e1llapod\u00e1s senkit sem k\u00f6telez"},"content":{"rendered":"<p><strong>Senkit semmire sem k\u00f6telez a kelet-ukrajnai harcok besz\u00fcntet\u00e9s\u00e9t c\u00e9lz\u00f3 minszki t\u0171zsz\u00fcneti meg\u00e1llapod\u00e1s &#8211; \u00edrta h\u00e9tf\u0151i komment\u00e1rj\u00e1ban a Vedomosztyi c\u00edm\u0171 orosz napilap. Vezet\u0151 orosz \u00fajs\u00e1goknak nyilatkoz\u00f3 politol\u00f3gusok k\u00e9nyszerhelyzetben hozott, el\u0151zetes egyezs\u00e9gnek tekintik a minszkit.<!--more--><\/strong><br \/>\n<div class=\"ads-in-post1\"><div id=\"gazdasagportal.hu_fullbanner_wideboard\"><\/div>\r\n<\/div>\n<p>A Vedomosztyi ironikusan &#8222;\u00faj diplom\u00e1ciai remekm\u0171nek&#8221; nevezte a p\u00e9nteken al\u00e1\u00edrt meg\u00e1llapod\u00e1st, amely szerinte &#8222;minden konfliktusban \u00e9rintett f\u00e9lnek megfelel, mert senkit semmire sem k\u00f6telez&#8221;. Hozz\u00e1teszi ugyanakkor, hogy b\u00e1r a Minszkben al\u00e1\u00edrt jegyz\u0151k\u00f6nyv &#8222;nem teremti meg az ukr\u00e1n v\u00e1ls\u00e1g teljes \u00e9rt\u00e9k\u0171 rendez\u00e9s\u00e9nek felt\u00e9teleit, m\u00e9g a t\u00f6r\u00e9keny b\u00e9ke is jobb a mindk\u00e9t oldalon t\u00f6meges \u00e1ldozatokkal j\u00e1r\u00f3 nagyszab\u00e1s\u00fa h\u00e1bor\u00fan\u00e1l&#8221;.<br \/>\nA Kremlt\u0151l f\u00fcggetlen orosz napilap (a brit Financial Times, az amerikai The Wall Street Journal \u00fajs\u00e1gok \u00e9s a holland alap\u00edt\u00e1s\u00fa Sanoma Independent Media k\u00f6z\u00f6s oroszorsz\u00e1gi kiadv\u00e1nya) szerkeszt\u0151s\u00e9g\u00e9nek v\u00e9lem\u00e9ny\u00e9t tartalmaz\u00f3 cikk meg\u00e1llap\u00edtja: b\u00e1r Kijev sz\u00e1m\u00e1ra fontos, hogy a minszki meg\u00e1llapod\u00e1s jogilag elismeri ter\u00fcleti egys\u00e9g\u00e9t, a diplom\u00e1ciai gy\u0151zelem \u00e9rt\u00e9k\u00e9t cs\u00f6kkenti sz\u00e1m\u00e1ra, hogy a d\u00e9lkelet-ukrajnai szakad\u00e1rok csak k\u00f6ztes szakasznak tartj\u00e1k az egyezs\u00e9get. A lap eml\u00e9keztetett arra, hogy Ihor Plotnyickij, az \u00fagynevezett luhanszki n\u00e9pk\u00f6zt\u00e1rsas\u00e1g vezet\u0151je vas\u00e1rnap m\u00e1ris kijelentette, a jegyz\u0151k\u00f6nyv al\u00e1\u00edr\u00e1sa nem jelenti azt, hogy lemondan\u00e1nak a f\u00fcggetlens\u00e9g\u00fckr\u0151l.<br \/>\nA minszki meg\u00e1llapod\u00e1s a k\u00edv\u00e1nt v\u00e1ltoz\u00e1sok el\u0151zetes terv\u00e9nek tekinthet\u0151, amely sem a konkr\u00e9t cselekv\u00e9si tervet, sem a hat\u00e1rid\u0151ket, sem a felek k\u00f6telezetts\u00e9gv\u00e1llal\u00e1sait nem tartalmazza &#8211; \u00e9rt\u00e9kelte az egyezs\u00e9get Mihajlo Pohrebinszkij tekint\u00e9lyes ukr\u00e1n politol\u00f3gus a Kommerszant c\u00edm\u0171 orosz napilapnak. Szerinte az ukr\u00e1n vezet\u00e9s \u00e9s a szakad\u00e1rok az EBESZ \u00e9s Moszkva k\u00f6zvet\u00edt\u00e9s\u00e9vel az\u00e9rt \u00e1ll\u00edtott\u00e1k \u00f6ssze a 12 pontos meg\u00e1llapod\u00e1st, hogy elkezdhess\u00e9k az ukr\u00e1n lakoss\u00e1g megment\u00e9s\u00e9t a katasztr\u00f3f\u00e1t\u00f3l, s hogy felk\u00e9sz\u00fclhessenek a t\u00e9lre Ukrajn\u00e1ban \u00e9s a val\u00f3di t\u00e1rgyal\u00e1sokat k\u00e9s\u0151bbre halassz\u00e1k.<br \/>\nA Nyezaviszimaja Gazeta c\u00edm\u0171 orosz napilapnak Konsztantyin Bondarenko, az Ukr\u00e1n Politikai Int\u00e9zet nev\u0171 elemz\u0151 c\u00e9g igazgat\u00f3ja \u00fagy v\u00e9lekedett, hogy Kijev r\u00e1k\u00e9nyszer\u00fclt a b\u00e9kek\u00f6t\u00e9sre, mert &#8222;meggy\u0151z\u0151dtek arr\u00f3l, hogy katonai er\u0151vel nem k\u00e9pesek megoldani a (d\u00e9lkelet-ukrajnai) probl\u00e9m\u00e1t&#8221;. Szerinte m\u00e9g \u00e9vekig elh\u00faz\u00f3dhatnak a t\u00e1rgyal\u00e1sok az \u00f6nk\u00e9nyesen kiki\u00e1ltott szakad\u00e1r &#8222;n\u00e9pk\u00f6zt\u00e1rsas\u00e1gok&#8221; st\u00e1tus\u00e1r\u00f3l. Mikola Szungurovszkij, a kijevi Razumkov K\u00f6zpont katonai kutat\u00e1sainak vezet\u0151je att\u00f3l tart, hogy a minszki meg\u00e1llapod\u00e1s c\u00e9lja a szakad\u00e1rok \u00e9s Moszkva r\u00e9sz\u00e9r\u0151l a Donyec-medenc\u00e9ben a bizonytalans\u00e1g fenntart\u00e1sa \u00e9s a Dnyeszteren t\u00fali ter\u00fclethez hasonl\u00f3 helyzet alakulhat ki D\u00e9lkelet-Ukrajn\u00e1ban is.<br \/>\nA Novaja Gazeta c\u00edm\u0171 ellenz\u00e9ki orosz lap komment\u00e1rja szerint a minszki t\u00e1rgyal\u00e1sok v\u00e9gleg t\u00f6rv\u00e9nyes\u00edtett\u00e9k a donyec-medencei szakad\u00e1rokat azzal, hogy nem csak t\u00e1rgyal\u00e1si, hanem al\u00e1\u00edr\u00e1si jogot is kaptak. \u00a0(MTI)<br \/>\n<strong><a title=\"Hely megnyit\u00e1sa\" href=\"http:\/\/www.vedomosti.ru\/newspaper\/article\/749501\/ni-mira-ni-vojny\" target=\"_blank\" rel=\"noopener\">http:\/\/www.vedomosti.ru\/newspaper\/article\/749501\/ni-mira-ni-vojny<\/a><\/strong><br \/>\n<strong><a title=\"Hely megnyit\u00e1sa\" href=\"http:\/\/www.kommersant.ru\/doc\/2562229\" target=\"_blank\" rel=\"noopener\">www.kommersant.ru\/doc\/2562229<\/a><\/strong><br \/>\n<strong><a title=\"Hely megnyit\u00e1sa\" href=\"http:\/\/www.ng.ru\/cis\/2014-09-08\/1_status.html\" target=\"_blank\" rel=\"noopener\">www.ng.ru\/cis\/2014-09-08\/1_status.html<\/a><\/strong><br \/>\n<strong><a title=\"Hely megnyit\u00e1sa\" href=\"http:\/\/www.novayagazeta.ru\/columns\/65147.html\" target=\"_blank\" rel=\"noopener\">www.novayagazeta.ru\/columns\/65147.html<\/a><\/strong><\/p>\n","protected":false},"excerpt":{"rendered":"<p>Senkit semmire sem k\u00f6telez a kelet-ukrajnai harcok besz\u00fcntet\u00e9s\u00e9t c\u00e9lz\u00f3 minszki t\u0171zsz\u00fcneti meg\u00e1llapod\u00e1s &#8211; \u00edrta h\u00e9tf\u0151i komment\u00e1rj\u00e1ban a Vedomosztyi c\u00edm\u0171 orosz napilap. Vezet\u0151 orosz \u00fajs\u00e1goknak nyilatkoz\u00f3 politol\u00f3gusok k\u00e9nyszerhelyzetben hozott, el\u0151zetes egyezs\u00e9gnek tekintik a minszkit.<\/p>\n","protected":false},"author":1,"featured_media":0,"comment_status":"open","ping_status":"closed","sticky":false,"template":"","format":"standard","meta":[],"categories":[139],"tags":[],"_links":{"self":[{"href":"https:\/\/gazdasagportal.hu\/index.php\/wp-json\/wp\/v2\/posts\/43723"}],"collection":[{"href":"https:\/\/gazdasagportal.hu\/index.php\/wp-json\/wp\/v2\/posts"}],"about":[{"href":"https:\/\/gazdasagportal.hu\/index.php\/wp-json\/wp\/v2\/types\/post"}],"author":[{"embeddable":true,"href":"https:\/\/gazdasagportal.hu\/index.php\/wp-json\/wp\/v2\/users\/1"}],"replies":[{"embeddable":true,"href":"https:\/\/gazdasagportal.hu\/index.php\/wp-json\/wp\/v2\/comments?post=43723"}],"version-history":[{"count":2,"href":"https:\/\/gazdasagportal.hu\/index.php\/wp-json\/wp\/v2\/posts\/43723\/revisions"}],"predecessor-version":[{"id":43725,"href":"https:\/\/gazdasagportal.hu\/index.php\/wp-json\/wp\/v2\/posts\/43723\/revisions\/43725"}],"wp:attachment":[{"href":"https:\/\/gazdasagportal.hu\/index.php\/wp-json\/wp\/v2\/media?parent=43723"}],"wp:term":[{"taxonomy":"category","embeddable":true,"href":"https:\/\/gazdasagportal.hu\/index.php\/wp-json\/wp\/v2\/categories?post=43723"},{"taxonomy":"post_tag","embeddable":true,"href":"https:\/\/gazdasagportal.hu\/index.php\/wp-json\/wp\/v2\/tags?post=43723"}],"curies":[{"name":"wp","href":"https:\/\/api.w.org\/{rel}","templated":true}]}}