{"id":43721,"date":"2014-09-08T13:11:42","date_gmt":"2014-09-08T11:11:42","guid":{"rendered":"http:\/\/stockportal.hu\/?p=43721"},"modified":"2014-09-11T13:47:15","modified_gmt":"2014-09-11T11:47:15","slug":"devizahitelek-az-otp-is-kerte-hogy-a-torvenyszek-forduljon-az-alkotmanybirosaghoz","status":"publish","type":"post","link":"https:\/\/gazdasagportal.hu\/index.php\/devizahitelek-az-otp-is-kerte-hogy-a-torvenyszek-forduljon-az-alkotmanybirosaghoz\/","title":{"rendered":"Devizahitelek &#8211; Az OTP is k\u00e9rte, hogy a t\u00f6rv\u00e9nysz\u00e9k forduljon az Alkotm\u00e1nyb\u00edr\u00f3s\u00e1ghoz"},"content":{"rendered":"<p><strong>Az OTP csoport c\u00e9gei ism\u00e9t beadt\u00e1k a F\u0151v\u00e1rosi T\u00f6rv\u00e9nysz\u00e9kre kereseteiket, amelyekben t\u00f6bbek k\u00f6z\u00f6tt azt k\u00e9rik, hogy a b\u00edr\u00f3s\u00e1g forduljon az Alkotm\u00e1nyb\u00edr\u00f3s\u00e1ghoz \u00e9s az Eur\u00f3pai Uni\u00f3 B\u00edr\u00f3s\u00e1g\u00e1hoz a K\u00faria jogegys\u00e9gi d\u00f6nt\u00e9s\u00e9t jogszab\u00e1lyba foglal\u00f3 devizahiteles t\u00f6rv\u00e9ny miatt &#8211; mondta Cs\u00e1nyi S\u00e1ndor, az OTP Bank eln\u00f6k-vez\u00e9rigazgat\u00f3ja h\u00e9tf\u0151n az MTI-nek.<\/strong><!--more--><br \/>\n<div class=\"ads-in-post1\"><div id=\"gazdasagportal.hu_fullbanner_wideboard\"><\/div>\r\n<\/div>\n<p>    Cs\u00e1nyi S\u00e1ndor a Prima Primissima jel\u00f6lteket bejelent\u0151 budapesti sajt\u00f3t\u00e1j\u00e9koztat\u00f3t k\u00f6vet\u0151en nyilatkozott.<br \/>\n    A F\u0151v\u00e1rosi T\u00f6rv\u00e9nysz\u00e9k augusztus v\u00e9g\u00e9n k\u00fcl\u00f6nb\u00f6z\u0151 formai okokb\u00f3l elutas\u00edtotta az OTP Bank, az OTP Jelz\u00e1logbank, a Merkantil Bank \u00e9s az OTP Ingatlanl\u00edzing kereseteit. Cs\u00e1nyi S\u00e1ndor jelezte: ezek a formai okok nem voltak pontosan meghat\u00e1rozva, ami \u00e1ll\u00e1spontja szerint szint\u00e9n tisztess\u00e9gtelen volt.<br \/>\n    Az eln\u00f6k-vez\u00e9rigazgat\u00f3 elmondta: az OTP Bank a perrel \u00e9rintett teljes szerz\u0151d\u00e9s\u00e1llom\u00e1ny\u00e1r\u00f3l, k\u00f6r\u00fclbel\u00fcl 120-130 ezer szerz\u0151d\u00e9sr\u0151l pr\u00f3b\u00e1lja majd bebizony\u00edtani a F\u0151v\u00e1rosi T\u00f6rv\u00e9nysz\u00e9ken, hogy az abban foglalt felt\u00e9telek tisztess\u00e9gesek voltak.<br \/>\n    Cs\u00e1nyi S\u00e1ndor arra a k\u00e9rd\u00e9sre, hogy mit v\u00e1r az OTP kontra magyar \u00e1llam devizahiteles t\u00e1rgyal\u00e1sokon az eddigi t\u00f6rv\u00e9nysz\u00e9ki d\u00f6nt\u00e9sek t\u00fckr\u00e9ben, kifejtette: az OTP a mindenkori jogszab\u00e1lyoknak megfelel\u0151en j\u00e1rt el, \u00e9s ha e szerint vizsg\u00e1lj\u00e1k a bank \u00e9s az \u00fcgyfelek k\u00f6z\u00f6tt k\u00f6t\u00f6tt szerz\u0151d\u00e9seket, akkor &#8222;nem tal\u00e1lhatnak kifog\u00e1st&#8221;.<br \/>\n    M\u00e1s k\u00e9rd\u00e9s, hogy a K\u00faria d\u00f6nt\u00e9se olyan felt\u00e9teleket t\u00e1masztott ut\u00f3lag ezekkel a szerz\u0151d\u00e9sekkel szemben, amelyek kor\u00e1bban nem voltak ismertek, ennek k\u00f6vetkezt\u00e9ben pedig nem is voltak betarthat\u00f3ak &#8211; f\u0171zte hozz\u00e1. Cs\u00e1nyi S\u00e1ndor szerint tisztess\u00e9gtelen ut\u00f3lag el\u0151\u00edrni olyan felt\u00e9teleknek val\u00f3 megfelel\u00e9st, amelyek kor\u00e1bban nem voltak ismertek.<br \/>\n    Cs\u00e1nyi S\u00e1ndor elmondta, hogy kereseti k\u00e9relm\u00fckben javasolt\u00e1k a F\u0151v\u00e1rosi T\u00f6rv\u00e9nysz\u00e9knek, hogy forduljon az Alkotm\u00e1nyb\u00edr\u00f3s\u00e1ghoz \u00e9s az Eur\u00f3pai Uni\u00f3 B\u00edr\u00f3s\u00e1g\u00e1hoz, s\u0151t ha az OTP sz\u00e1m\u00e1ra kedvez\u0151tlen \u00edt\u00e9let sz\u00fcletik, &#8222;akkor mi magunk is pr\u00f3b\u00e1lunk ezekhez a f\u00f3rumokhoz fordulni&#8221;.(MTI)<br \/>\n<div class=\"ads-in-post2\"><script async src=\"https:\/\/pagead2.googlesyndication.com\/pagead\/js\/adsbygoogle.js\"><\/script>\r\n<ins class=\"adsbygoogle\"\r\n     style=\"display:block\"\r\n     data-ad-format=\"fluid\"\r\n     data-ad-layout-key=\"-6t+ed+2i-1n-4w\"\r\n     data-ad-client=\"ca-pub-1959107119989764\"\r\n     data-ad-slot=\"4008251320\"><\/ins>\r\n<script>\r\n     (adsbygoogle = window.adsbygoogle || []).push({});\r\n<\/script><\/div>\n","protected":false},"excerpt":{"rendered":"<p>Az OTP csoport c\u00e9gei ism\u00e9t beadt\u00e1k a F\u0151v\u00e1rosi T\u00f6rv\u00e9nysz\u00e9kre kereseteiket, amelyekben t\u00f6bbek k\u00f6z\u00f6tt azt k\u00e9rik, hogy a b\u00edr\u00f3s\u00e1g forduljon az Alkotm\u00e1nyb\u00edr\u00f3s\u00e1ghoz \u00e9s az Eur\u00f3pai Uni\u00f3 B\u00edr\u00f3s\u00e1g\u00e1hoz a K\u00faria jogegys\u00e9gi d\u00f6nt\u00e9s\u00e9t jogszab\u00e1lyba foglal\u00f3 devizahiteles t\u00f6rv\u00e9ny miatt &#8211; mondta Cs\u00e1nyi S\u00e1ndor, az OTP Bank eln\u00f6k-vez\u00e9rigazgat\u00f3ja h\u00e9tf\u0151n az MTI-nek.<\/p>\n","protected":false},"author":1,"featured_media":29393,"comment_status":"open","ping_status":"closed","sticky":false,"template":"","format":"standard","meta":[],"categories":[19,112],"tags":[],"_links":{"self":[{"href":"https:\/\/gazdasagportal.hu\/index.php\/wp-json\/wp\/v2\/posts\/43721"}],"collection":[{"href":"https:\/\/gazdasagportal.hu\/index.php\/wp-json\/wp\/v2\/posts"}],"about":[{"href":"https:\/\/gazdasagportal.hu\/index.php\/wp-json\/wp\/v2\/types\/post"}],"author":[{"embeddable":true,"href":"https:\/\/gazdasagportal.hu\/index.php\/wp-json\/wp\/v2\/users\/1"}],"replies":[{"embeddable":true,"href":"https:\/\/gazdasagportal.hu\/index.php\/wp-json\/wp\/v2\/comments?post=43721"}],"version-history":[{"count":1,"href":"https:\/\/gazdasagportal.hu\/index.php\/wp-json\/wp\/v2\/posts\/43721\/revisions"}],"predecessor-version":[{"id":43722,"href":"https:\/\/gazdasagportal.hu\/index.php\/wp-json\/wp\/v2\/posts\/43721\/revisions\/43722"}],"wp:featuredmedia":[{"embeddable":true,"href":"https:\/\/gazdasagportal.hu\/index.php\/wp-json\/wp\/v2\/media\/29393"}],"wp:attachment":[{"href":"https:\/\/gazdasagportal.hu\/index.php\/wp-json\/wp\/v2\/media?parent=43721"}],"wp:term":[{"taxonomy":"category","embeddable":true,"href":"https:\/\/gazdasagportal.hu\/index.php\/wp-json\/wp\/v2\/categories?post=43721"},{"taxonomy":"post_tag","embeddable":true,"href":"https:\/\/gazdasagportal.hu\/index.php\/wp-json\/wp\/v2\/tags?post=43721"}],"curies":[{"name":"wp","href":"https:\/\/api.w.org\/{rel}","templated":true}]}}