{"id":43678,"date":"2014-09-08T07:30:58","date_gmt":"2014-09-08T05:30:58","guid":{"rendered":"http:\/\/stockportal.hu\/?p=43678"},"modified":"2014-09-08T07:01:30","modified_gmt":"2014-09-08T05:01:30","slug":"a-hamasz-megkezdte-a-lerombolt-alagutak-helyreallitasat","status":"publish","type":"post","link":"https:\/\/gazdasagportal.hu\/index.php\/a-hamasz-megkezdte-a-lerombolt-alagutak-helyreallitasat\/","title":{"rendered":"A Ham\u00e1sz megkezdte a lerombolt alagutak helyre\u00e1ll\u00edt\u00e1s\u00e1t"},"content":{"rendered":"<p><strong>Izraeli h\u00edrszerz\u00e9si \u00e9rtes\u00fcl\u00e9sek szerint a G\u00e1zai \u00f6vezetet ural\u00f3 Ham\u00e1sz megkezdte azoknak a f\u00f6ld alatti j\u00e1ratoknak a helyre\u00e1ll\u00edt\u00e1s\u00e1t, amelyeket az izraeli hadsereg semmis\u00edtett meg a j\u00falius 8-\u00e1n ind\u00edtott, Er\u0151s Szikla k\u00f3dnev\u0171 hadm\u0171velet sor\u00e1n &#8211; adta h\u00edr\u00fcl vas\u00e1rnap a Haaretz izraeli napilap, egy magas rang\u00fa tiszts\u00e9gvisel\u0151re hivatkozva.<\/strong><!--more--><br \/>\n<div class=\"ads-in-post1\"><div id=\"gazdasagportal.hu_fullbanner_wideboard\"><\/div>\r\n<\/div>\n<p>    A n\u00e9vvel nem eml\u00edtett forr\u00e1s szerint az iszlamista szervezet alig k\u00e9t h\u00e9ttel a harcok besz\u00fcntet\u00e9se ut\u00e1n megkezdte el\u0151k\u00e9sz\u00fcleteit a k\u00f6vetkez\u0151 \u00fctk\u00f6zetre Izraellel.<br \/>\n    A liber\u00e1lis napilap \u00e1ltal id\u00e9zett tiszts\u00e9gvisel\u0151 azt is elmondta, hogy \u00fajraindult a fegyvercsemp\u00e9szet is az \u00f6vezet \u00e9s Egyiptom k\u00f6zti hat\u00e1rvonal alatt h\u00faz\u00f3d\u00f3, tov\u00e1bbra is m\u0171k\u00f6d\u0151k\u00e9pes alagutakon kereszt\u00fcl.<br \/>\n    Kair\u00f3 fokozott katonai akci\u00f3inak egyik c\u00e9lja, a fegyverek \u00e9s fegyveresek G\u00e1z\u00e1b\u00f3l val\u00f3 \u00e1t\u00e1raml\u00e1s\u00e1t megakad\u00e1lyozni a hat\u00e1r k\u00e9t oldal\u00e1t \u00f6sszek\u00f6t\u0151 alagutak megsemmis\u00edt\u00e9s\u00e9vel. A hadsereg sz\u00f3viv\u0151je j\u00faliusban azt jelentette, hogy az alig t\u00edz kilom\u00e9ter hossz\u00fa szakaszon az egyiptomi fegyveres er\u0151k addig t\u00f6bb mint 1600 j\u00e1ratot sz\u00e1moltak fel.<br \/>\n    A Haaretz szerint a Ham\u00e1sz \u00fajra megkezdte M75 t\u00edpus\u00fa rak\u00e9t\u00e1inak gy\u00e1rt\u00e1s\u00e1t is, amelyek hat\u00f3k\u00f6re Izrael k\u00f6zponti r\u00e9gi\u00f3ira is kiterjed. A sz\u00e9ls\u0151s\u00e9ges szervezet rak\u00e9tagy\u00e1rt\u00f3 kapacit\u00e1s\u00e1nak mintegy 40 sz\u00e1zal\u00e9ka maradt meg az \u00f6tvennapos izraeli hadj\u00e1rat ellen\u00e9re.(MTI)<\/p>\n","protected":false},"excerpt":{"rendered":"<p>Izraeli h\u00edrszerz\u00e9si \u00e9rtes\u00fcl\u00e9sek szerint a G\u00e1zai \u00f6vezetet ural\u00f3 Ham\u00e1sz megkezdte azoknak a f\u00f6ld alatti j\u00e1ratoknak a helyre\u00e1ll\u00edt\u00e1s\u00e1t, amelyeket az izraeli hadsereg semmis\u00edtett meg a j\u00falius 8-\u00e1n ind\u00edtott, Er\u0151s Szikla k\u00f3dnev\u0171 hadm\u0171velet sor\u00e1n &#8211; adta h\u00edr\u00fcl vas\u00e1rnap a Haaretz izraeli napilap, egy magas rang\u00fa tiszts\u00e9gvisel\u0151re hivatkozva.<\/p>\n","protected":false},"author":1,"featured_media":0,"comment_status":"open","ping_status":"closed","sticky":false,"template":"","format":"standard","meta":[],"categories":[16],"tags":[],"_links":{"self":[{"href":"https:\/\/gazdasagportal.hu\/index.php\/wp-json\/wp\/v2\/posts\/43678"}],"collection":[{"href":"https:\/\/gazdasagportal.hu\/index.php\/wp-json\/wp\/v2\/posts"}],"about":[{"href":"https:\/\/gazdasagportal.hu\/index.php\/wp-json\/wp\/v2\/types\/post"}],"author":[{"embeddable":true,"href":"https:\/\/gazdasagportal.hu\/index.php\/wp-json\/wp\/v2\/users\/1"}],"replies":[{"embeddable":true,"href":"https:\/\/gazdasagportal.hu\/index.php\/wp-json\/wp\/v2\/comments?post=43678"}],"version-history":[{"count":1,"href":"https:\/\/gazdasagportal.hu\/index.php\/wp-json\/wp\/v2\/posts\/43678\/revisions"}],"predecessor-version":[{"id":43679,"href":"https:\/\/gazdasagportal.hu\/index.php\/wp-json\/wp\/v2\/posts\/43678\/revisions\/43679"}],"wp:attachment":[{"href":"https:\/\/gazdasagportal.hu\/index.php\/wp-json\/wp\/v2\/media?parent=43678"}],"wp:term":[{"taxonomy":"category","embeddable":true,"href":"https:\/\/gazdasagportal.hu\/index.php\/wp-json\/wp\/v2\/categories?post=43678"},{"taxonomy":"post_tag","embeddable":true,"href":"https:\/\/gazdasagportal.hu\/index.php\/wp-json\/wp\/v2\/tags?post=43678"}],"curies":[{"name":"wp","href":"https:\/\/api.w.org\/{rel}","templated":true}]}}