{"id":43676,"date":"2014-09-08T06:52:39","date_gmt":"2014-09-08T04:52:39","guid":{"rendered":"http:\/\/stockportal.hu\/?p=43676"},"modified":"2014-09-08T06:13:17","modified_gmt":"2014-09-08T04:13:17","slug":"londoni-elemzok-az-iden-es-jovore-eroteljes-utana-lassulo-novekedes-a-magyar-gazdasagban","status":"publish","type":"post","link":"https:\/\/gazdasagportal.hu\/index.php\/londoni-elemzok-az-iden-es-jovore-eroteljes-utana-lassulo-novekedes-a-magyar-gazdasagban\/","title":{"rendered":"Londoni elemz\u0151k: az id\u00e9n \u00e9s j\u00f6v\u0151re er\u0151teljes, ut\u00e1na lassul\u00f3 n\u00f6veked\u00e9s a magyar gazdas\u00e1gban"},"content":{"rendered":"<p><strong>Az id\u00e9n \u00e9s j\u00f6v\u0151re a kor\u00e1bban v\u00e1rtn\u00e1l er\u0151teljesebb, azut\u00e1n viszont m\u00e1r lassul\u00f3 n\u00f6veked\u00e9st j\u00f3soltak h\u00e9tf\u0151n ismertetett, fel\u00fclvizsg\u00e1lt el\u0151rejelz\u00e9s\u00fckben londoni p\u00e9nz\u00fcgyi elemz\u0151k.<\/strong><!--more--><br \/>\n<div class=\"ads-in-post1\"><div id=\"gazdasagportal.hu_fullbanner_wideboard\"><\/div>\r\n<\/div>\n<p>    A Morgan Stanley glob\u00e1lis bankcsoport londoni befektet\u00e9si r\u00e9szleg\u00e9nek felz\u00e1rk\u00f3z\u00f3 piacokkal foglalkoz\u00f3 k\u00f6zgazd\u00e1szai szerint egy\u00e9rtelm\u0171 jelek vallanak arra, hogy a magyar gazdas\u00e1gban a hazai fogyaszt\u00e1s az elm\u00falt \u00e9vek depresszi\u00f3ja ut\u00e1n imm\u00e1r \u00e9l\u00e9nk.<br \/>\n    A h\u00e1z szerint a bels\u0151 kereslet a devizaalap\u00fa hitelek t\u00f6rleszt\u00e9si terheinek v\u00e1rhat\u00f3 cs\u00f6kkent\u00e9s\u00e9t\u0151l val\u00f3sz\u00edn\u0171leg m\u00e9g tov\u00e1bbi lend\u00fcletet kap a k\u00f6vetkez\u0151 negyed\u00e9vekben.<br \/>\n    Ehhez j\u00e1rul a v\u00e1rtn\u00e1l sokkal er\u0151teljesebb els\u0151 f\u00e9l\u00e9vi teljes\u00edtm\u00e9ny.<br \/>\n    A Morgan Stanley londoni elemz\u0151i szerint mindezek alapj\u00e1n &#8222;k\u00f6nny\u0171 elk\u00e9pzelni&#8221; ak\u00e1r 3,5 sz\u00e1zal\u00e9kos idei eg\u00e9sz \u00e9ves GDP-n\u00f6veked\u00e9st is a magyar gazdas\u00e1gban. A c\u00e9g kor\u00e1bbi el\u0151rejelz\u00e9se m\u00e9g 2,9 sz\u00e1zal\u00e9kos n\u00f6veked\u00e9st val\u00f3sz\u00edn\u0171s\u00edtett 2014-re Magyarorsz\u00e1gon.<br \/>\n    A h\u00e1z jav\u00edtotta 2015-re sz\u00f3l\u00f3 progn\u00f3zis\u00e1t is: j\u00f6v\u0151re 3 sz\u00e1zal\u00e9kos magyar GDP-b\u0151v\u00fcl\u00e9ssel sz\u00e1mol az \u00e1ltala eddig j\u00f3solt 2,4 sz\u00e1zal\u00e9k helyett.<br \/>\n    A Morgan Stanley londoni elemz\u0151i k\u00f6z\u00f6lt\u00e9k ugyanakkor, hogy v\u00e9lem\u00e9ny\u00fck szerint ezt az \u00fctemet neh\u00e9z lesz fenntartani 2015 ut\u00e1n. A c\u00e9g ez\u00e9rt 2016-ban 2,3 sz\u00e1zal\u00e9kos eg\u00e9sz \u00e9ves n\u00f6veked\u00e9st v\u00e1r Magyarorsz\u00e1gon, tekintettel arra is, hogy a magyar gazdas\u00e1g v\u00e1ltozatlanul jelent\u0151s szerkezeti gondokkal k\u00fcszk\u00f6dik.<br \/>\n    A gazdas\u00e1g er\u0151s\u00f6d\u0151 idei lend\u00fclet\u00e9vel, majd a n\u00f6veked\u00e9si \u00fctem k\u00e9s\u0151bbi lassul\u00e1s\u00e1val m\u00e1s nagy londoni h\u00e1zak is sz\u00e1molnak, els\u0151sorban azonban k\u00fcls\u0151 okok &#8211; f\u0151leg az ukrajnai v\u00e1ls\u00e1g \u00e1tsz\u0171r\u0151d\u0151 hat\u00e1sai &#8211; miatt.<br \/>\n    A JP Morgan glob\u00e1lis p\u00e9nz\u00fcgyi szolg\u00e1ltat\u00f3 csoport londoni k\u00f6zgazd\u00e1szai legut\u00f3bbi fel\u00fclvizsg\u00e1lt becsl\u00e9s\u00fckben k\u00f6z\u00f6lt\u00e9k, hogy a m\u00e1sodik negyed\u00e9vi adatok alapj\u00e1n az eddigi 3 sz\u00e1zal\u00e9kr\u00f3l 3,3 sz\u00e1zal\u00e9kra emelt\u00e9k a magyar gazdas\u00e1g idei eg\u00e9sz \u00e9vi n\u00f6veked\u00e9s\u00e9re sz\u00f3l\u00f3 progn\u00f3zisukat, annak ellen\u00e9re is, hogy a c\u00e9g 2014 m\u00e1sodik fel\u00e9ben 3 sz\u00e1zal\u00e9k k\u00f6r\u00fcli \u00e9ves \u00fctemre lassul\u00f3 n\u00f6veked\u00e9ssel sz\u00e1mol. A lassul\u00e1st val\u00f3sz\u00edn\u0171s\u00edt\u0151 progn\u00f3zisukat a JP Morgan elemz\u0151i azzal a v\u00e9lem\u00e9ny\u00fckkel indokolt\u00e1k, hogy j\u00f3llehet az ipari rendel\u00e9s\u00e1llom\u00e1ny \u00e9s a bizalmi jelz\u0151sz\u00e1mok a jelenlegi negyed\u00e9v kezdet\u00e9n is m\u00e9g magasak voltak, a &#8222;k\u00fcls\u0151 ellensz\u00e9l&#8221; azonban, ha k\u00e9sleltetve is, de el fogja \u00e9rni a magyar gazdas\u00e1got.<br \/>\n    A Bank of America-Merrill Lynch bankcsoport londoni elemz\u0151r\u00e9szleg\u00e9nek (BofA Merrill Lynch Global Research) felz\u00e1rk\u00f3z\u00f3 piacokkal foglalkoz\u00f3 k\u00f6zgazd\u00e1szai \u00faj el\u0151rejelz\u00e9s\u00fckben k\u00f6z\u00f6lt\u00e9k: az els\u0151 f\u00e9l\u00e9vi er\u0151teljes teljes\u00edtm\u00e9ny alapj\u00e1n 3 sz\u00e1zal\u00e9kos magyar GDP-n\u00f6veked\u00e9st v\u00e1rnak 2014 eg\u00e9sz\u00e9re, de ez a progn\u00f3zis m\u00e1r tartalmazza a c\u00e9g azon v\u00e1rakoz\u00e1s\u00e1t, hogy a m\u00e1sodik f\u00e9l\u00e9vben er\u0151teljesen lassul a magyar gazdas\u00e1g n\u00f6veked\u00e9se.<br \/>\n    A h\u00e1z szerint az orosz-ukr\u00e1n konfliktus ellenszele 2015-ben ak\u00e1r 1 teljes sz\u00e1zal\u00e9kponttal is lass\u00edthatja a magyar gazdas\u00e1gi n\u00f6veked\u00e9st.<br \/>\n    A Bank of America-Merrill Lynch londoni szak\u00e9rt\u0151i f\u0151leg az export \u00e9s a beruh\u00e1z\u00e1sok n\u00f6veked\u00e9si lend\u00fclet\u00e9nek lanyhul\u00e1s\u00e1t\u00f3l tartanak az ukrajnai v\u00e1ls\u00e1g miatt. El\u0151rejelz\u00e9s\u00fck szerint ebben a k\u00f6rnyezetben az \u00e9ves \u00f6sszevet\u00e9s\u0171 magyarorsz\u00e1gi infl\u00e1ci\u00f3 a jelenlegi alapeseti v\u00e1rakoz\u00e1sokkal ellent\u00e9tben esetleg 2015 v\u00e9g\u00e9ig sem \u00e9ri el a Magyar Nemzeti Bank (MNB) 3 sz\u00e1zal\u00e9kos c\u00e9lj\u00e1t, csak 2016-ban.(MTI)<br \/>\n<div class=\"ads-in-post2\"><script async src=\"https:\/\/pagead2.googlesyndication.com\/pagead\/js\/adsbygoogle.js\"><\/script>\r\n<ins class=\"adsbygoogle\"\r\n     style=\"display:block\"\r\n     data-ad-format=\"fluid\"\r\n     data-ad-layout-key=\"-6t+ed+2i-1n-4w\"\r\n     data-ad-client=\"ca-pub-1959107119989764\"\r\n     data-ad-slot=\"4008251320\"><\/ins>\r\n<script>\r\n     (adsbygoogle = window.adsbygoogle || []).push({});\r\n<\/script><\/div>\n","protected":false},"excerpt":{"rendered":"<p>Az id\u00e9n \u00e9s j\u00f6v\u0151re a kor\u00e1bban v\u00e1rtn\u00e1l er\u0151teljesebb, azut\u00e1n viszont m\u00e1r lassul\u00f3 n\u00f6veked\u00e9st j\u00f3soltak h\u00e9tf\u0151n ismertetett, fel\u00fclvizsg\u00e1lt el\u0151rejelz\u00e9s\u00fckben londoni p\u00e9nz\u00fcgyi elemz\u0151k.<\/p>\n","protected":false},"author":1,"featured_media":0,"comment_status":"open","ping_status":"closed","sticky":false,"template":"","format":"standard","meta":[],"categories":[19],"tags":[],"_links":{"self":[{"href":"https:\/\/gazdasagportal.hu\/index.php\/wp-json\/wp\/v2\/posts\/43676"}],"collection":[{"href":"https:\/\/gazdasagportal.hu\/index.php\/wp-json\/wp\/v2\/posts"}],"about":[{"href":"https:\/\/gazdasagportal.hu\/index.php\/wp-json\/wp\/v2\/types\/post"}],"author":[{"embeddable":true,"href":"https:\/\/gazdasagportal.hu\/index.php\/wp-json\/wp\/v2\/users\/1"}],"replies":[{"embeddable":true,"href":"https:\/\/gazdasagportal.hu\/index.php\/wp-json\/wp\/v2\/comments?post=43676"}],"version-history":[{"count":1,"href":"https:\/\/gazdasagportal.hu\/index.php\/wp-json\/wp\/v2\/posts\/43676\/revisions"}],"predecessor-version":[{"id":43677,"href":"https:\/\/gazdasagportal.hu\/index.php\/wp-json\/wp\/v2\/posts\/43676\/revisions\/43677"}],"wp:attachment":[{"href":"https:\/\/gazdasagportal.hu\/index.php\/wp-json\/wp\/v2\/media?parent=43676"}],"wp:term":[{"taxonomy":"category","embeddable":true,"href":"https:\/\/gazdasagportal.hu\/index.php\/wp-json\/wp\/v2\/categories?post=43676"},{"taxonomy":"post_tag","embeddable":true,"href":"https:\/\/gazdasagportal.hu\/index.php\/wp-json\/wp\/v2\/tags?post=43676"}],"curies":[{"name":"wp","href":"https:\/\/api.w.org\/{rel}","templated":true}]}}