{"id":43670,"date":"2014-09-08T04:04:56","date_gmt":"2014-09-08T02:04:56","guid":{"rendered":"http:\/\/stockportal.hu\/?p=43670"},"modified":"2014-09-07T19:44:01","modified_gmt":"2014-09-07T17:44:01","slug":"ukran-valsag-a-szakadarok-nem-tartjak-be-a-tuzszunetet","status":"publish","type":"post","link":"https:\/\/gazdasagportal.hu\/index.php\/ukran-valsag-a-szakadarok-nem-tartjak-be-a-tuzszunetet\/","title":{"rendered":"Ukr\u00e1n v\u00e1ls\u00e1g &#8211; A szakad\u00e1rok nem tartj\u00e1k be a t\u0171zsz\u00fcnetet"},"content":{"rendered":"<p><strong>Dmitro Timcsuk, a kelet-ukrajnai helyzetet figyelemmel k\u00eds\u00e9r\u0151 katonapolitikai szak\u00e9rt\u0151 szerint a minszki t\u0171zsz\u00fcneti meg\u00e1llapod\u00e1s ellen\u00e9re a Moszkva-bar\u00e1t kelet-ukrajnai szakad\u00e1rok \u00e9s az orosz katon\u00e1k folytatj\u00e1k az ukr\u00e1n hadsereg \u00e1ll\u00e1sai elleni t\u00e1mad\u00e1sokat, a szeparatist\u00e1k egyik vezet\u0151je viszont az ukr\u00e1n hadsereget v\u00e1dolja provok\u00e1ci\u00f3kkal.<\/strong><!--more--><br \/>\n<div class=\"ads-in-post1\"><div id=\"gazdasagportal.hu_fullbanner_wideboard\"><\/div>\r\n<\/div>\n<p>Dmitro Timcsuk, a kijevi katonapolitikai kutat\u00f3int\u00e9zet vezet\u0151je szervezet\u00e9nek Facebook-oldal\u00e1n arr\u00f3l t\u00e1j\u00e9koztatott vas\u00e1rnap reggel, hogy az ukr\u00e1n hadsereg szigor\u00faan betartja a Minszkben p\u00e9nteken tet\u0151 al\u00e1 hozott t\u0171zsz\u00fcneti meg\u00e1llapod\u00e1st, a katon\u00e1k kiz\u00e1r\u00f3lag akkor nyitnak t\u00fczet, ha megt\u00e1madj\u00e1k \u0151ket.<br \/>\nA katonai szak\u00e9rt\u0151 szerint szombat este t\u00e1mad\u00e1s \u00e9rte az ukr\u00e1n katon\u00e1kat Sztanicja Luhanszka, Donecke, Zolota \u00e9s Debaljceve telep\u00fcl\u00e9sekn\u00e9l. Donecke k\u00f6zel\u00e9ben aknavet\u0151kkel l\u0151tt\u00e9k az ukr\u00e1n hadsereg \u00e1ll\u00e1sait. Timcsuk meger\u0151s\u00edtette a szombat este megjelent h\u00edreket, amelyek szerint az Azovi-tenger partj\u00e1n fekv\u0151 Mariupol k\u00f6zel\u00e9ben is t\u00e1mad\u00e1s \u00e9rte az ukr\u00e1n katon\u00e1kat \u00e9s a polg\u00e1ri l\u00e9tes\u00edtm\u00e9nyeket. Az UNIAN h\u00edr\u00fcgyn\u00f6ks\u00e9g szerint Timcsuk jelent\u00e9s\u00e9ben tov\u00e1bbi \u00f6t olyan telep\u00fcl\u00e9st eml\u00edt, amely k\u00f6zel\u00e9ben t\u0171zet nyitottak az ukr\u00e1n fegyveres er\u0151k tagjaira.<br \/>\nAndrij Purgin, a szakad\u00e1rok \u00e1ltal \u00f6nhatalm\u00falag kiki\u00e1ltott &#8222;Donyecki N\u00e9pk\u00f6zt\u00e1rsas\u00e1g&#8221; minisztereln\u00f6k-helyettese ugyanakkor azt mondta vas\u00e1rnap a Ria Novosztyi orosz h\u00edr\u00fcgyn\u00f6ks\u00e9gnek nyilatkozva, hogy a felkel\u0151k nem haszn\u00e1lj\u00e1k \u00e9s nem is fogj\u00e1k haszn\u00e1lni fegyvereiket, \u00e9s a provok\u00e1ci\u00f3k ellen\u00e9re szigor\u00faan tartj\u00e1k magukat a minszki t\u0171zsz\u00fcneti meg\u00e1llapod\u00e1shoz. Purgin nem r\u00e9szletezte, hogy milyen provok\u00e1ci\u00f3k \u00e9rik a szakad\u00e1rokat. Lesz\u00f6gezte azonban, hogy a donyecki k\u00f6zt\u00e1rsas\u00e1g vezet\u0151i \u00e9s polg\u00e1rai biztosak abban: c\u00e9ljaik b\u00e9k\u00e9s \u00faton, t\u00e1rgyal\u00f3asztaln\u00e1l is el\u00e9rhet\u0151k.<br \/>\nAz orosz m\u00e9dia arr\u00f3l is h\u00edrt adott vas\u00e1rnap reggel, hogy a donyecki \u00e9s a luhanszki &#8222;n\u00e9pk\u00f6zt\u00e1rsas\u00e1g&#8221; vezet\u0151i a t\u0171zsz\u00fcnet betart\u00e1s\u00e1nak ellen\u0151rz\u00e9s\u00e9re sz\u00f3l\u00edtott\u00e1k az Eur\u00f3pai Biztons\u00e1gi \u00e9s Egy\u00fcttm\u0171k\u00f6d\u00e9si Szervezetet (EBESZ). Azt v\u00e1rj\u00e1k az EBESZ-t\u0151l, hogy elfogulatlanul v\u00e9gezze a meg\u00e1llapod\u00e1s ellen\u0151rz\u00e9s\u00e9t \u00e9s az ukrajnai helyzet megfigyel\u00e9s\u00e9t.<br \/>\n&#8222;Rendk\u00edv\u00fcli fontosnak tartjuk azt, hogy el\u00e9rj\u00fck a v\u00e9ront\u00e1s befejez\u00e9s\u00e9t \u00e9s megel\u0151zz\u00fck a humanit\u00e1rius katasztr\u00f3f\u00e1t a d\u00e9lkeleti r\u00e9gi\u00f3kban&#8221; &#8211; \u00e1ll Olekszandr Zaharcsenko donyecki \u00e9s Ihor Plotnickij luhanszki &#8222;minisztereln\u00f6k&#8221; k\u00f6z\u00f6s k\u00f6zlem\u00e9ny\u00e9ben.(MTI)<\/p>\n<p><a title=\"Hely megnyit\u00e1sa\" href=\"http:\/\/www.unian.ua\/politics\/959999-boyoviki-i-rosiyski-viyskovi-prodovjuyut-aktivno-porushuvati-peremirya-timchuk.html\" target=\"_blank\" rel=\"noopener\">http:\/\/www.unian.ua\/politics\/959999-boyoviki-i-rosiyski-viyskovi-prodovjuyut-aktivno-porushuvati-peremirya-timchuk.html<\/a><br \/>\n<a title=\"Hely megnyit\u00e1sa\" href=\"http:\/\/ria.ru\/world\/20140907\/1023116050.html\" target=\"_blank\" rel=\"noopener\">http:\/\/ria.ru\/world\/20140907\/1023116050.html<\/a><\/p>\n<div class=\"ads-in-post2\"><script async src=\"https:\/\/pagead2.googlesyndication.com\/pagead\/js\/adsbygoogle.js\"><\/script>\r\n<ins class=\"adsbygoogle\"\r\n     style=\"display:block\"\r\n     data-ad-format=\"fluid\"\r\n     data-ad-layout-key=\"-6t+ed+2i-1n-4w\"\r\n     data-ad-client=\"ca-pub-1959107119989764\"\r\n     data-ad-slot=\"4008251320\"><\/ins>\r\n<script>\r\n     (adsbygoogle = window.adsbygoogle || []).push({});\r\n<\/script><\/div>\n","protected":false},"excerpt":{"rendered":"<p>Dmitro Timcsuk, a kelet-ukrajnai helyzetet figyelemmel k\u00eds\u00e9r\u0151 katonapolitikai szak\u00e9rt\u0151 szerint a minszki t\u0171zsz\u00fcneti meg\u00e1llapod\u00e1s ellen\u00e9re a Moszkva-bar\u00e1t kelet-ukrajnai szakad\u00e1rok \u00e9s az orosz katon\u00e1k folytatj\u00e1k az ukr\u00e1n hadsereg \u00e1ll\u00e1sai elleni t\u00e1mad\u00e1sokat, a szeparatist\u00e1k egyik vezet\u0151je viszont az ukr\u00e1n hadsereget v\u00e1dolja provok\u00e1ci\u00f3kkal.<\/p>\n","protected":false},"author":1,"featured_media":0,"comment_status":"open","ping_status":"closed","sticky":false,"template":"","format":"standard","meta":[],"categories":[139],"tags":[],"_links":{"self":[{"href":"https:\/\/gazdasagportal.hu\/index.php\/wp-json\/wp\/v2\/posts\/43670"}],"collection":[{"href":"https:\/\/gazdasagportal.hu\/index.php\/wp-json\/wp\/v2\/posts"}],"about":[{"href":"https:\/\/gazdasagportal.hu\/index.php\/wp-json\/wp\/v2\/types\/post"}],"author":[{"embeddable":true,"href":"https:\/\/gazdasagportal.hu\/index.php\/wp-json\/wp\/v2\/users\/1"}],"replies":[{"embeddable":true,"href":"https:\/\/gazdasagportal.hu\/index.php\/wp-json\/wp\/v2\/comments?post=43670"}],"version-history":[{"count":1,"href":"https:\/\/gazdasagportal.hu\/index.php\/wp-json\/wp\/v2\/posts\/43670\/revisions"}],"predecessor-version":[{"id":43671,"href":"https:\/\/gazdasagportal.hu\/index.php\/wp-json\/wp\/v2\/posts\/43670\/revisions\/43671"}],"wp:attachment":[{"href":"https:\/\/gazdasagportal.hu\/index.php\/wp-json\/wp\/v2\/media?parent=43670"}],"wp:term":[{"taxonomy":"category","embeddable":true,"href":"https:\/\/gazdasagportal.hu\/index.php\/wp-json\/wp\/v2\/categories?post=43670"},{"taxonomy":"post_tag","embeddable":true,"href":"https:\/\/gazdasagportal.hu\/index.php\/wp-json\/wp\/v2\/tags?post=43670"}],"curies":[{"name":"wp","href":"https:\/\/api.w.org\/{rel}","templated":true}]}}