{"id":43666,"date":"2014-09-08T03:58:34","date_gmt":"2014-09-08T01:58:34","guid":{"rendered":"http:\/\/stockportal.hu\/?p=43666"},"modified":"2014-09-07T19:39:30","modified_gmt":"2014-09-07T17:39:30","slug":"sajtoertesulesek-szerint-az-arab-liga-hajlik-az-iszlam-allam-elleni-amerikai-hadmuveletek-tamogatasara","status":"publish","type":"post","link":"https:\/\/gazdasagportal.hu\/index.php\/sajtoertesulesek-szerint-az-arab-liga-hajlik-az-iszlam-allam-elleni-amerikai-hadmuveletek-tamogatasara\/","title":{"rendered":"Sajt\u00f3\u00e9rtes\u00fcl\u00e9sek szerint az Arab Liga hajlik az Iszl\u00e1m \u00c1llam elleni amerikai hadm\u0171veletek t\u00e1mogat\u00e1s\u00e1ra"},"content":{"rendered":"<p><strong>Sajt\u00f3\u00e9rtes\u00fcl\u00e9sek szerint az Arab Liga tag\u00e1llamainak Kair\u00f3ban \u00f6sszegy\u0171lt k\u00fcl\u00fcgyminiszterei olyan hat\u00e1rozatot fogadnak el, amelyben t\u00e1mogatj\u00e1k a Sz\u00edria \u00e9s Irak jelent\u0151s ter\u00fcleteit ural\u00f3 Iszl\u00e1m \u00c1llam (I\u00c1) dzsihadista szervezet elleni amerikai hadm\u0171veleteket.<\/strong><!--more--><br \/>\n<div class=\"ads-in-post1\"><div id=\"gazdasagportal.hu_fullbanner_wideboard\"><\/div>\r\n<\/div>\n<p>    A vas\u00e1rnapi tan\u00e1cskoz\u00e1son Nab\u00edl el-Arabi f\u0151titk\u00e1r &#8222;egy\u00e9rtelm\u0171 d\u00f6nt\u00e9sekre \u00e9s sz\u00e9les k\u00f6r\u0171 katonai \u00e9s politikai l\u00e9p\u00e9sekre&#8221; sz\u00f3l\u00edtotta fel a jelenl\u00e9v\u0151ket, egy nappal azut\u00e1n, hogy John Kerry amerikai k\u00fcl\u00fcgyminiszterrel t\u00e1rgyalt a radik\u00e1lis mil\u00edcia elleni \u00f6sszefog\u00e1sr\u00f3l.     Irak \u00fcdv\u00f6z\u00f6lte Barack Obama amerikai eln\u00f6k kor\u00e1bbi felh\u00edv\u00e1s\u00e1t, amelyben a sz\u00e9ls\u0151s\u00e9gesek elleni nemzetk\u00f6zi \u00f6sszefog\u00e1st s\u00fcrgette. Bagdad t\u00f6bbsz\u00f6r is jelezte, hogy az Iszl\u00e1m \u00c1llam visszaszor\u00edt\u00e1s\u00e1hoz nemzetk\u00f6zi katonai seg\u00edts\u00e9gre van sz\u00fcks\u00e9ge.     &#8222;Az arab \u00e1llamok soha nem l\u00e1tott kih\u00edv\u00e1sokkal \u00e1llnak szemben&#8221; &#8211; mondta Arabi, s eml\u00e9keztetett az ut\u00f3bbi \u00e9vekben l\u00e1tott forradalmakra, s az azokat k\u00f6vet\u0151 politikai, illetve gazdas\u00e1gi neh\u00e9zs\u00e9gekre. Legnagyobb vesz\u00e9lyk\u00e9nt a liga f\u0151titk\u00e1ra azonban a t\u00e9rs\u00e9gben egyre nagyobb teret nyer\u0151 fegyveres terrorszervezeteket emelte ki.     Arabi szerint a liga huszonk\u00e9t tag\u00e1llama \u00e1ltal rendszerint felhozott kifog\u00e1s, miszerint nem k\u00edv\u00e1nnak m\u00e1s orsz\u00e1gok bel\u00fcgyeibe beavatkozni, ez\u00fattal nem akad\u00e1lyozhatja meg a k\u00f6z\u00f6s fell\u00e9p\u00e9st a &#8222;r\u00e1kk\u00e9nt&#8221; terjed\u0151 jelens\u00e9ggel szemben.(MTI)<br \/>\n<div class=\"ads-in-post2\"><script async src=\"https:\/\/pagead2.googlesyndication.com\/pagead\/js\/adsbygoogle.js\"><\/script>\r\n<ins class=\"adsbygoogle\"\r\n     style=\"display:block\"\r\n     data-ad-format=\"fluid\"\r\n     data-ad-layout-key=\"-6t+ed+2i-1n-4w\"\r\n     data-ad-client=\"ca-pub-1959107119989764\"\r\n     data-ad-slot=\"4008251320\"><\/ins>\r\n<script>\r\n     (adsbygoogle = window.adsbygoogle || []).push({});\r\n<\/script><\/div>\n","protected":false},"excerpt":{"rendered":"<p>Sajt\u00f3\u00e9rtes\u00fcl\u00e9sek szerint az Arab Liga tag\u00e1llamainak Kair\u00f3ban \u00f6sszegy\u0171lt k\u00fcl\u00fcgyminiszterei olyan hat\u00e1rozatot fogadnak el, amelyben t\u00e1mogatj\u00e1k a Sz\u00edria \u00e9s Irak jelent\u0151s ter\u00fcleteit ural\u00f3 Iszl\u00e1m \u00c1llam (I\u00c1) dzsihadista szervezet elleni amerikai hadm\u0171veleteket.<\/p>\n","protected":false},"author":1,"featured_media":0,"comment_status":"open","ping_status":"closed","sticky":false,"template":"","format":"standard","meta":[],"categories":[16],"tags":[],"_links":{"self":[{"href":"https:\/\/gazdasagportal.hu\/index.php\/wp-json\/wp\/v2\/posts\/43666"}],"collection":[{"href":"https:\/\/gazdasagportal.hu\/index.php\/wp-json\/wp\/v2\/posts"}],"about":[{"href":"https:\/\/gazdasagportal.hu\/index.php\/wp-json\/wp\/v2\/types\/post"}],"author":[{"embeddable":true,"href":"https:\/\/gazdasagportal.hu\/index.php\/wp-json\/wp\/v2\/users\/1"}],"replies":[{"embeddable":true,"href":"https:\/\/gazdasagportal.hu\/index.php\/wp-json\/wp\/v2\/comments?post=43666"}],"version-history":[{"count":1,"href":"https:\/\/gazdasagportal.hu\/index.php\/wp-json\/wp\/v2\/posts\/43666\/revisions"}],"predecessor-version":[{"id":43667,"href":"https:\/\/gazdasagportal.hu\/index.php\/wp-json\/wp\/v2\/posts\/43666\/revisions\/43667"}],"wp:attachment":[{"href":"https:\/\/gazdasagportal.hu\/index.php\/wp-json\/wp\/v2\/media?parent=43666"}],"wp:term":[{"taxonomy":"category","embeddable":true,"href":"https:\/\/gazdasagportal.hu\/index.php\/wp-json\/wp\/v2\/categories?post=43666"},{"taxonomy":"post_tag","embeddable":true,"href":"https:\/\/gazdasagportal.hu\/index.php\/wp-json\/wp\/v2\/tags?post=43666"}],"curies":[{"name":"wp","href":"https:\/\/api.w.org\/{rel}","templated":true}]}}