{"id":43641,"date":"2014-09-07T08:21:00","date_gmt":"2014-09-07T06:21:00","guid":{"rendered":"http:\/\/stockportal.hu\/?p=43641"},"modified":"2014-09-07T08:21:24","modified_gmt":"2014-09-07T06:21:24","slug":"ukran-valsag-amnesty-international-mindket-fel-haborus-buncselekmenyeket-kovetett-el","status":"publish","type":"post","link":"https:\/\/gazdasagportal.hu\/index.php\/ukran-valsag-amnesty-international-mindket-fel-haborus-buncselekmenyeket-kovetett-el\/","title":{"rendered":"Ukr\u00e1n v\u00e1ls\u00e1g &#8211; Amnesty International: mindk\u00e9t f\u00e9l h\u00e1bor\u00fas b\u0171ncselekm\u00e9nyeket k\u00f6vetett el"},"content":{"rendered":"<p><strong>Az ukr\u00e1n mil\u00edci\u00e1kat \u00e9s az oroszbar\u00e1t szeparatista er\u0151ket egyar\u00e1nt h\u00e1bor\u00fas b\u0171ncselekm\u00e9nyek\u00e9rt terheli felel\u0151ss\u00e9g &#8211; k\u00f6z\u00f6lte vas\u00e1rnap Londonban kiadott helyzet\u00e9rt\u00e9kel\u00e9s\u00e9ben az Amnesty International.<\/strong><br \/>\n<!--more--><\/p>\n<div class=\"ads-in-post1\"><div id=\"gazdasagportal.hu_fullbanner_wideboard\"><\/div>\r\n<\/div>\n<p>    A vil\u00e1g legnagyobb emberi jogi szervezet\u00e9nek jelent\u00e9se szerint az ukrajnai konfliktusban r\u00e9szes mindegyik oldal teljes k\u00f6z\u00f6nyt tan\u00fas\u00edt a polg\u00e1ri lakoss\u00e1g \u00e9lete ir\u00e1nt, \u00e9s durv\u00e1n megs\u00e9rti a nemzetk\u00f6zi jog el\u0151\u00edrta k\u00f6telezetts\u00e9geket.<br \/>\n    Az Amnesty International helysz\u00edni t\u00e9nyfelt\u00e1r\u00f3 csoportjai \u00e1ltal megsz\u00f3laltatott ukr\u00e1n civil menek\u00fcltek arr\u00f3l sz\u00e1moltak be, hogy az ukr\u00e1n korm\u00e1nyer\u0151k sz\u00e1mos helyen lakott t\u00e9rs\u00e9geket vettek heves t\u00fcz\u00e9rs\u00e9gi t\u0171z al\u00e1. A szervezet \u00e1ltal dokument\u00e1lt egybehangz\u00f3 besz\u00e1mol\u00f3k arra vallanak, hogy az ukr\u00e1n er\u0151k v\u00e1logat\u00e1s n\u00e9lk\u00fcl l\u0151tt\u00e9k e lak\u00f3negyedeket, \u00e9s ez h\u00e1bor\u00fas b\u0171ncselekm\u00e9nnyel \u00e9rhet fel &#8211; \u00e1ll a jelent\u00e9sben.<br \/>\n    A tan\u00favallom\u00e1sok szerint oroszbar\u00e1t szakad\u00e1r fegyveresek ugyanakkor emberrabl\u00e1sokat, k\u00ednz\u00e1sokat, gyilkoss\u00e1gokat k\u00f6vettek el. Szlovjanszki lakosok az Amnesty International k\u00e9pvisel\u0151inek p\u00e9ld\u00e1ul elmondt\u00e1k, hogy szeparatista fegyveresek elraboltak egy helyi lelk\u00e9szt k\u00e9t fi\u00e1val \u00e9s egyh\u00e1zk\u00f6z\u00f6ss\u00e9g\u00e9nek k\u00e9t tagj\u00e1val egy\u00fctt, \u00e9s 50 ezer doll\u00e1r v\u00e1lts\u00e1gd\u00edjat k\u00f6veteltek elenged\u00e9s\u00fck\u00e9rt. Mire azonban a helyi k\u00f6z\u00f6ss\u00e9gnek siker\u00fclt \u00f6sszegy\u0171jtenie az \u00f6sszeget, mindegyik t\u00faszt meggyilkolt\u00e1k &#8211; id\u00e9zi az emberi jogi szervezet a szak\u00e9rt\u0151i \u00e1ltal dokument\u00e1lt besz\u00e1mol\u00f3kat.<br \/>\n    Az Amnesty International hiteles jelent\u00e9seket kapott arr\u00f3l is, hogy az ukr\u00e1n regul\u00e1ris er\u0151k mellett tev\u00e9kenyked\u0151 \u00f6nk\u00e9ntes z\u00e1szl\u00f3aljak szint\u00e9n emberrabl\u00e1sokat, tettlegess\u00e9geket k\u00f6vettek el.<br \/>\n    Az Amnesty International felsz\u00f3l\u00edtja az ukr\u00e1n hat\u00f3s\u00e1gokat a nemzetk\u00f6zi humanit\u00e1rius jogszab\u00e1lyok s\u00falyos megs\u00e9rt\u00e9s\u00e9r\u0151l sz\u00f3l\u00f3 besz\u00e1mol\u00f3k hat\u00e9kony kivizsg\u00e1l\u00e1s\u00e1ra, \u00e9s a h\u00e1bor\u00fas b\u0171ncselekm\u00e9nyek\u00e9rt felel\u0151ss\u00e9gre vonhat\u00f3 szem\u00e9lyek b\u00edr\u00f3s\u00e1g el\u00e9 \u00e1ll\u00edt\u00e1s\u00e1ra. A hadsereg parancsnoki beoszt\u00e1s\u00fa tisztjei \u00e9s civil egys\u00e9gek vezet\u0151i ellen is b\u00fcntet\u0151elj\u00e1r\u00e1st lehet kezdem\u00e9nyezni, ha tudtak, vagy tudniuk kellett volna e b\u0171ncselekm\u00e9nyekr\u0151l, de nem tettek semmit megakad\u00e1lyoz\u00e1sukra \u00e9s a felel\u0151s\u00f6k megb\u00fcntet\u00e9s\u00e9re &#8211; \u00e1ll az emberi jogi szervezet vas\u00e1rnapi felh\u00edv\u00e1s\u00e1ban.<br \/>\n    A jelent\u00e9s szerint az Amnesty International \u00e1ltal \u00f6sszegy\u0171jt\u00f6tt bizony\u00edt\u00e9kokb\u00f3l ugyanakkor az is kit\u0171nik, hogy Oroszorsz\u00e1g t\u00fczeli az ukrajnai konfliktust k\u00f6zvetlen beavatkoz\u00e1ssal \u00e9s a kelet-ukrajnai szeparatist\u00e1k t\u00e1mogat\u00e1s\u00e1val. Az oroszbar\u00e1t felkel\u0151 er\u0151k alaposan gyan\u00fas\u00edthat\u00f3k az emberi jogok durva megs\u00e9rt\u00e9s\u00e9vel, \u00e9s Oroszorsz\u00e1gnak le kell \u00e1ll\u00edtania az e csoportokhoz folyamatosan \u00e9rkez\u0151 fegyversz\u00e1ll\u00edtm\u00e1nyokat &#8211; \u00e1ll az Amnesty International jelent\u00e9s\u00e9ben.(MTI)<\/p>\n","protected":false},"excerpt":{"rendered":"<p>Az ukr\u00e1n mil\u00edci\u00e1kat \u00e9s az oroszbar\u00e1t szeparatista er\u0151ket egyar\u00e1nt h\u00e1bor\u00fas b\u0171ncselekm\u00e9nyek\u00e9rt terheli felel\u0151ss\u00e9g &#8211; k\u00f6z\u00f6lte vas\u00e1rnap Londonban kiadott helyzet\u00e9rt\u00e9kel\u00e9s\u00e9ben az Amnesty International.<\/p>\n","protected":false},"author":1,"featured_media":0,"comment_status":"open","ping_status":"closed","sticky":false,"template":"","format":"standard","meta":[],"categories":[139],"tags":[],"_links":{"self":[{"href":"https:\/\/gazdasagportal.hu\/index.php\/wp-json\/wp\/v2\/posts\/43641"}],"collection":[{"href":"https:\/\/gazdasagportal.hu\/index.php\/wp-json\/wp\/v2\/posts"}],"about":[{"href":"https:\/\/gazdasagportal.hu\/index.php\/wp-json\/wp\/v2\/types\/post"}],"author":[{"embeddable":true,"href":"https:\/\/gazdasagportal.hu\/index.php\/wp-json\/wp\/v2\/users\/1"}],"replies":[{"embeddable":true,"href":"https:\/\/gazdasagportal.hu\/index.php\/wp-json\/wp\/v2\/comments?post=43641"}],"version-history":[{"count":2,"href":"https:\/\/gazdasagportal.hu\/index.php\/wp-json\/wp\/v2\/posts\/43641\/revisions"}],"predecessor-version":[{"id":43643,"href":"https:\/\/gazdasagportal.hu\/index.php\/wp-json\/wp\/v2\/posts\/43641\/revisions\/43643"}],"wp:attachment":[{"href":"https:\/\/gazdasagportal.hu\/index.php\/wp-json\/wp\/v2\/media?parent=43641"}],"wp:term":[{"taxonomy":"category","embeddable":true,"href":"https:\/\/gazdasagportal.hu\/index.php\/wp-json\/wp\/v2\/categories?post=43641"},{"taxonomy":"post_tag","embeddable":true,"href":"https:\/\/gazdasagportal.hu\/index.php\/wp-json\/wp\/v2\/tags?post=43641"}],"curies":[{"name":"wp","href":"https:\/\/api.w.org\/{rel}","templated":true}]}}