{"id":43639,"date":"2014-09-07T07:54:25","date_gmt":"2014-09-07T05:54:25","guid":{"rendered":"http:\/\/stockportal.hu\/?p=43639"},"modified":"2014-09-07T04:53:08","modified_gmt":"2014-09-07T02:53:08","slug":"matol-ismet-jar-az-1-es-villamos-a-puskas-ferenc-stadion-es-a-kozvagohid-kozott","status":"publish","type":"post","link":"https:\/\/gazdasagportal.hu\/index.php\/matol-ismet-jar-az-1-es-villamos-a-puskas-ferenc-stadion-es-a-kozvagohid-kozott\/","title":{"rendered":"M\u00e1t\u00f3l ism\u00e9t j\u00e1r az 1-es villamos a Pusk\u00e1s Ferenc Stadion \u00e9s a K\u00f6zv\u00e1g\u00f3h\u00edd k\u00f6z\u00f6tt"},"content":{"rendered":"<p><strong>M\u00e1t\u00f3l ism\u00e9t k\u00f6zlekedik a Pusk\u00e1s Ferenc Stadion \u00e9s a K\u00f6zv\u00e1g\u00f3h\u00edd k\u00f6z\u00f6tt az 1-es villamos. A zugl\u00f3i szakaszon az \u00fctemterv szerint novemberig folytat\u00f3dik a fel\u00faj\u00edt\u00e1s.<\/strong><!--more--><br \/>\n<div class=\"ads-in-post1\"><div id=\"gazdasagportal.hu_fullbanner_wideboard\"><\/div>\r\n<\/div>\n<p>    A Budapesti K\u00f6zleked\u00e9si K\u00f6zpont k\u00f6zlem\u00e9nye szerint a h\u00e9t elej\u00e9n elind\u00edtott, utasok n\u00e9lk\u00fcli pr\u00f3bamenetek sikeresnek bizonyultak. M\u00e1t\u00f3l az 1-es villamos k\u00e9t szakaszra bontva k\u00f6zlekedik, egyr\u00e9szt a B\u00e9csi \u00fat\/V\u00f6r\u00f6sv\u00e1ri \u00fat \u00e9s a Lehel utca\/R\u00f3bert K\u00e1roly k\u00f6r\u00fat, m\u00e1sr\u00e9szt a Pusk\u00e1s Ferenc Stadion \u00e9s a K\u00f6zv\u00e1g\u00f3h\u00edd k\u00f6z\u00f6tt. Az \u00f6t kilom\u00e9teres szakaszon az \u00f6sszes meg\u00e1ll\u00f3hely meg\u00fajult.<br \/>\n    A villamosvonal tov\u00e1bbfejleszt\u00e9s\u00e9nek r\u00e9sze, hogy a d\u00e9li szakasz\u00e1t a R\u00e1k\u00f3czi h\u00eddon \u00e1tvezetve a Feh\u00e9rv\u00e1ri \u00fatig meghosszabb\u00edtj\u00e1k, ez\u00e9rt egy \u00faj szakasz \u00e9p\u00fcl a R\u00e1k\u00f3czi h\u00eddon kereszt\u00fcl, hogy ezzel \u00faj k\u00f6t\u00f6ttp\u00e1ly\u00e1s k\u00f6zleked\u00e9si kapcsolat j\u00f6jj\u00f6n l\u00e9tre D\u00e9l-Buda \u00e9s Pest k\u00f6z\u00f6tt. Az 1-es villamosvonal tov\u00e1bbfejleszt\u00e9s\u00e9nek kivitelez\u00e9si k\u00f6lts\u00e9ge nett\u00f3 27,49 milli\u00e1rd forint.(MTI)<\/p>\n","protected":false},"excerpt":{"rendered":"<p>M\u00e1t\u00f3l ism\u00e9t k\u00f6zlekedik a Pusk\u00e1s Ferenc Stadion \u00e9s a K\u00f6zv\u00e1g\u00f3h\u00edd k\u00f6z\u00f6tt az 1-es villamos. A zugl\u00f3i szakaszon az \u00fctemterv szerint novemberig folytat\u00f3dik a fel\u00faj\u00edt\u00e1s.<\/p>\n","protected":false},"author":1,"featured_media":0,"comment_status":"open","ping_status":"closed","sticky":false,"template":"","format":"standard","meta":[],"categories":[4,151],"tags":[],"_links":{"self":[{"href":"https:\/\/gazdasagportal.hu\/index.php\/wp-json\/wp\/v2\/posts\/43639"}],"collection":[{"href":"https:\/\/gazdasagportal.hu\/index.php\/wp-json\/wp\/v2\/posts"}],"about":[{"href":"https:\/\/gazdasagportal.hu\/index.php\/wp-json\/wp\/v2\/types\/post"}],"author":[{"embeddable":true,"href":"https:\/\/gazdasagportal.hu\/index.php\/wp-json\/wp\/v2\/users\/1"}],"replies":[{"embeddable":true,"href":"https:\/\/gazdasagportal.hu\/index.php\/wp-json\/wp\/v2\/comments?post=43639"}],"version-history":[{"count":1,"href":"https:\/\/gazdasagportal.hu\/index.php\/wp-json\/wp\/v2\/posts\/43639\/revisions"}],"predecessor-version":[{"id":43640,"href":"https:\/\/gazdasagportal.hu\/index.php\/wp-json\/wp\/v2\/posts\/43639\/revisions\/43640"}],"wp:attachment":[{"href":"https:\/\/gazdasagportal.hu\/index.php\/wp-json\/wp\/v2\/media?parent=43639"}],"wp:term":[{"taxonomy":"category","embeddable":true,"href":"https:\/\/gazdasagportal.hu\/index.php\/wp-json\/wp\/v2\/categories?post=43639"},{"taxonomy":"post_tag","embeddable":true,"href":"https:\/\/gazdasagportal.hu\/index.php\/wp-json\/wp\/v2\/tags?post=43639"}],"curies":[{"name":"wp","href":"https:\/\/api.w.org\/{rel}","templated":true}]}}