{"id":43636,"date":"2014-09-07T07:43:11","date_gmt":"2014-09-07T05:43:11","guid":{"rendered":"http:\/\/stockportal.hu\/?p=43636"},"modified":"2014-09-07T04:15:11","modified_gmt":"2014-09-07T02:15:11","slug":"komoly-gondban-anglia-tobbsegben-skocia-fuggetlensegenek-hivei","status":"publish","type":"post","link":"https:\/\/gazdasagportal.hu\/index.php\/komoly-gondban-anglia-tobbsegben-skocia-fuggetlensegenek-hivei\/","title":{"rendered":"Komoly gondban Anglia, t\u00f6bbs\u00e9gben Skocia f\u00fcggetlens\u00e9g\u00e9nek h\u00edvei"},"content":{"rendered":"<p><strong>T\u00f6bbs\u00e9gbe ker\u00fcltek a sk\u00f3t f\u00fcggetlens\u00e9g t\u00e1mogat\u00f3i a legfrissebb k\u00f6zv\u00e9lem\u00e9ny-kutat\u00e1s adatai szerint. A fejlem\u00e9ny vas\u00e1rnapi londoni sajt\u00f3\u00e9rtes\u00fcl\u00e9sek szerint komoly aggodalommal t\u00f6lti el a brit uralkod\u00f3t is.<\/strong><!--more--><br \/>\n<div class=\"ads-in-post1\"><div id=\"gazdasagportal.hu_fullbanner_wideboard\"><\/div>\r\n<\/div>\n<p>    A YouGov k\u00f6zv\u00e9lem\u00e9ny-kutat\u00f3 c\u00e9g, amely a The Sunday Times c\u00edm\u0171 tekint\u00e9lyes konzervat\u00edv vas\u00e1rnapi brit lap megb\u00edz\u00e1s\u00e1b\u00f3l v\u00e9gezte el a leg\u00fajabb felm\u00e9r\u00e9st, kimutatta, hogy &#8211; a bizonytalan, illetve a szavazni nem k\u00edv\u00e1n\u00f3 v\u00e1laszt\u00f3k kisz\u0171r\u00e9s\u00e9vel sz\u00e1molva &#8211; jelenleg 51 sz\u00e1zal\u00e9knyian voksoln\u00e1nak Sk\u00f3cia f\u00fcggetlenn\u00e9 v\u00e1l\u00e1s\u00e1ra, \u00e9s 49 sz\u00e1zal\u00e9kos a brit uni\u00f3 fennmarad\u00e1s\u00e1t t\u00e1mogat\u00f3k ar\u00e1nya.<br \/>\n    Ez az els\u0151 olyan k\u00f6zv\u00e9lem\u00e9ny-kutat\u00e1si adat, amely azt jelzi, hogy a f\u00fcggetlens\u00e9get p\u00e1rtol\u00f3k t\u00f6bbs\u00e9gben vannak.<br \/>\n    A sk\u00f3t korm\u00e1ny szeptember 18-\u00e1ra \u00edrta ki a n\u00e9pszavaz\u00e1st arr\u00f3l, hogy Sk\u00f3cia elszakadjon-e Nagy-Britanni\u00e1t\u00f3l.<br \/>\n    A YouGov kimutat\u00e1sa szerint a f\u00fcggetlens\u00e9g t\u00e1mogat\u00f3i egyetlen h\u00f3nap alatt 22 sz\u00e1zal\u00e9kpontnyi h\u00e1tr\u00e1nyt dolgoztak le, ugyanis augusztus 7-\u00e9n m\u00e9g 61 sz\u00e1zal\u00e9knyian ellenezt\u00e9k Sk\u00f3cia f\u00fcggetlens\u00e9g\u00e9t, \u00e9s 39 sz\u00e1zal\u00e9k mondta azt, hogy az elszakad\u00e1sra k\u00edv\u00e1n szavazni.<br \/>\n    A The Sunday Times udvari forr\u00e1sai szerint a f\u00fcggetlens\u00e9gp\u00e1rtiak el\u0151ret\u00f6r\u00e9se rendk\u00edv\u00fcli m\u00f3don aggasztja II. Erzs\u00e9bet kir\u00e1lyn\u0151t, annak ellen\u00e9re is, hogy a sk\u00f3t korm\u00e1ny m\u00e1r j\u00f3 ideje jelezte: szeretn\u00e9, ha a f\u00fcggetlens\u00e9g elnyer\u00e9se eset\u00e9n is a brit uralkod\u00f3 maradna Sk\u00f3cia alkotm\u00e1nyos \u00e1llamf\u0151je.<br \/>\n    A kir\u00e1lyn\u0151 a brit lapnak nyilatkoz\u00f3 forr\u00e1sok szerint most m\u00e1r napi rendszeress\u00e9ggel k\u00e9r t\u00e1j\u00e9koztat\u00e1st a n\u00e9pszavaz\u00e1si kamp\u00e1ny fejlem\u00e9nyeir\u0151l.<br \/>\n    A Buckingham-palota &#8211; az els\u0151 sz\u00e1m\u00fa londoni kir\u00e1lyi rezidencia &#8211; egyik magas rang\u00fa illet\u00e9kese a The Sunday Timesnak n\u00e9v n\u00e9lk\u00fcl nyilatkozva kijelentette, hogy j\u00f3llehet a kir\u00e1lyn\u0151 hivatalosan semleges \u00e1ll\u00e1sponton van a referendummal kapcsolatban, val\u00f3j\u00e1ban azonban uni\u00f3p\u00e1rti, \u00e9s emiatt szeml\u00e9li komoly aggodalommal a sk\u00f3ciai folyamatokat.<br \/>\n    A 88 esztend\u0151s II. Erzs\u00e9bet kir\u00e1lyn\u0151 \u00e9s 93 \u00e9ves f\u00e9rje, F\u00fcl\u00f6p &#8211; aki hivatalos titulusa alapj\u00e1n Edinburgh, vagyis a sk\u00f3t f\u0151v\u00e1ros hercege &#8211; jelenleg is a sk\u00f3ciai kir\u00e1lyi rezidenci\u00e1n, Balmoral kast\u00e9ly\u00e1ban tart\u00f3zkodik, \u00e9s David Cameron brit minisztereln\u00f6k vas\u00e1rnapt\u00f3l a hagyom\u00e1nyoknak megfelel\u0151en az uralkod\u00f3i h\u00e1zasp\u00e1r vend\u00e9ge lesz Balmoralban. A korm\u00e1nyf\u0151 \u00e9s feles\u00e9ge \u00e9vente esed\u00e9kes balmorali protokollvizitje ez\u00fattal val\u00f3sz\u00edn\u0171leg ink\u00e1bb v\u00e1ls\u00e1gtan\u00e1cskoz\u00e1sra eml\u00e9keztet majd &#8211; id\u00e9zte udvari forr\u00e1sait a The Sunday Times.<br \/>\n    A lap \u00e9rtes\u00fcl\u00e9sei szerint ha val\u00f3ban az elszakad\u00e1st p\u00e1rtol\u00f3k gy\u0151znek a n\u00e9pszavaz\u00e1son, szervezked\u00e9s indulhat a korm\u00e1nyz\u00f3 Konzervat\u00edv P\u00e1rt als\u00f3h\u00e1zi frakci\u00f3j\u00e1ban Cameron meneszt\u00e9s\u00e9re.<br \/>\n    A brit korm\u00e1nyf\u0151 m\u00e1r t\u00f6bbsz\u00f6r kijelentette, hogy Sk\u00f3cia f\u00fcggetlenn\u00e9 v\u00e1l\u00e1sa eset\u00e9n sem k\u00edv\u00e1n lemondani, a YouGov felm\u00e9r\u00e9se szerint azonban a brit v\u00e1laszt\u00f3k 22 sz\u00e1zal\u00e9ka \u00fagy gondolja, hogy Cameronnak ebben az esetben t\u00e1voznia kellene a minisztereln\u00f6ki tiszts\u00e9gb\u0151l.<br \/>\n    Alistair Darling, a Better Together (Jobb egy\u00fctt) nev\u0171 sk\u00f3t f\u00fcggetlens\u00e9gellenes kamp\u00e1ny vezet\u0151je &#8211; a Munk\u00e1sp\u00e1rt vezette el\u0151z\u0151 brit korm\u00e1ny volt p\u00e9nz\u00fcgyminisztere &#8211; az \u00faj felm\u00e9r\u00e9s adatainak k\u00f6zz\u00e9t\u00e9tele ut\u00e1n kijelentette: a k\u00f6zv\u00e9lem\u00e9ny-kutat\u00e1s eredm\u00e9ny\u00e9nek &#8222;fel kell r\u00e1znia \u00e1lm\u00e1b\u00f3l&#8221; az elszakad\u00e1st elvet\u0151k t\u00e1bor\u00e1t. Darling szerint a n\u00e9pszavaz\u00e1s &#8222;nem lefutott j\u00e1tszma, \u00e9s soha nem is volt az&#8221;.<br \/>\n    A politikus hangs\u00falyozta: a sk\u00f3t szavaz\u00f3knak nem szabad elfelejteni\u00fck, hogy ha megszavazz\u00e1k az elszakad\u00e1st Nagy-Britanni\u00e1t\u00f3l, onnan nincs vissza\u00fat, az a d\u00f6nt\u00e9s &#8222;\u00f6r\u00f6kre sz\u00f3l&#8221;.<br \/>\n    Brit alkotm\u00e1nyjogi szak\u00e9rt\u0151k ebben mindazon\u00e1ltal nem ennyire biztosak.<br \/>\n    Robert Hazell professzor, a tekint\u00e9lyes University College London (UCL) egyetem alkotm\u00e1nyjogi tansz\u00e9k\u00e9nek vezet\u0151je a n\u00e9pszavaz\u00e1s ut\u00e1ni lehets\u00e9ges fejlem\u00e9nyekr\u0151l \u00fajs\u00e1g\u00edr\u00f3knak tartott minapi londoni el\u0151dad\u00e1s\u00e1ban kijelentette: nem kiz\u00e1rhat\u00f3 az a forgat\u00f3k\u00f6nyv, hogy a f\u00fcggetlens\u00e9gp\u00e1rtiak gy\u0151znek ugyan, de csak nagyon csek\u00e9ly t\u00f6bbs\u00e9ggel, \u00e9s a sk\u00f3t lakoss\u00e1g a referendum ut\u00e1ni t\u00e1rgyal\u00e1sokon \u00f6ssze\u00e1ll\u00f3 sz\u00e9tv\u00e1l\u00e1si felt\u00e9telrendszer l\u00e1tt\u00e1n k\u00e9s\u0151bb meggondolja mag\u00e1t. A UCL professzora szerint ebben az esetben re\u00e1lis lehet\u0151s\u00e9gk\u00e9nt mer\u00fclhetne fel egy \u00fajabb n\u00e9pszavaz\u00e1s megtart\u00e1sa 2-3 \u00e9ven bel\u00fcl.(MTI)<\/p>\n","protected":false},"excerpt":{"rendered":"<p>T\u00f6bbs\u00e9gbe ker\u00fcltek a sk\u00f3t f\u00fcggetlens\u00e9g t\u00e1mogat\u00f3i a legfrissebb k\u00f6zv\u00e9lem\u00e9ny-kutat\u00e1s adatai szerint. A fejlem\u00e9ny vas\u00e1rnapi londoni sajt\u00f3\u00e9rtes\u00fcl\u00e9sek szerint komoly aggodalommal t\u00f6lti el a brit uralkod\u00f3t is.<\/p>\n","protected":false},"author":1,"featured_media":0,"comment_status":"open","ping_status":"closed","sticky":false,"template":"","format":"standard","meta":[],"categories":[12],"tags":[],"_links":{"self":[{"href":"https:\/\/gazdasagportal.hu\/index.php\/wp-json\/wp\/v2\/posts\/43636"}],"collection":[{"href":"https:\/\/gazdasagportal.hu\/index.php\/wp-json\/wp\/v2\/posts"}],"about":[{"href":"https:\/\/gazdasagportal.hu\/index.php\/wp-json\/wp\/v2\/types\/post"}],"author":[{"embeddable":true,"href":"https:\/\/gazdasagportal.hu\/index.php\/wp-json\/wp\/v2\/users\/1"}],"replies":[{"embeddable":true,"href":"https:\/\/gazdasagportal.hu\/index.php\/wp-json\/wp\/v2\/comments?post=43636"}],"version-history":[{"count":1,"href":"https:\/\/gazdasagportal.hu\/index.php\/wp-json\/wp\/v2\/posts\/43636\/revisions"}],"predecessor-version":[{"id":43637,"href":"https:\/\/gazdasagportal.hu\/index.php\/wp-json\/wp\/v2\/posts\/43636\/revisions\/43637"}],"wp:attachment":[{"href":"https:\/\/gazdasagportal.hu\/index.php\/wp-json\/wp\/v2\/media?parent=43636"}],"wp:term":[{"taxonomy":"category","embeddable":true,"href":"https:\/\/gazdasagportal.hu\/index.php\/wp-json\/wp\/v2\/categories?post=43636"},{"taxonomy":"post_tag","embeddable":true,"href":"https:\/\/gazdasagportal.hu\/index.php\/wp-json\/wp\/v2\/tags?post=43636"}],"curies":[{"name":"wp","href":"https:\/\/api.w.org\/{rel}","templated":true}]}}