{"id":43592,"date":"2014-09-06T04:19:02","date_gmt":"2014-09-06T02:19:02","guid":{"rendered":"http:\/\/stockportal.hu\/?p=43592"},"modified":"2014-09-06T04:24:55","modified_gmt":"2014-09-06T02:24:55","slug":"ukran-valsag-tuzszunet-de-hetfon-ujabb-szankciok-mit-szol-ehhez-moszkva","status":"publish","type":"post","link":"https:\/\/gazdasagportal.hu\/index.php\/ukran-valsag-tuzszunet-de-hetfon-ujabb-szankciok-mit-szol-ehhez-moszkva\/","title":{"rendered":"Ukr\u00e1n v\u00e1ls\u00e1g &#8211; T\u0171zsz\u00fcnet, m\u00e9gis \u00fajabb szankci\u00f3k, de Putyin mit sz\u00f3l ehhez?"},"content":{"rendered":"<p><strong>Az Eur\u00f3pai Uni\u00f3 tag\u00e1llamainak nagyk\u00f6vetei, az \u00fagynevezett \u00e1lland\u00f3 k\u00e9pvisel\u0151k meg\u00e1llapodtak az Oroszorsz\u00e1ggal szemben bevezetend\u0151 tov\u00e1bbi szankci\u00f3kr\u00f3l, hivatalosan pedig h\u00e9tf\u0151n fogadhatj\u00e1k el azokat \u00fagynevezett \u00edr\u00e1sos elj\u00e1r\u00e1ssal, vagyis l\u00e9nyeg\u00e9ben minden tov\u00e1bbi vita n\u00e9lk\u00fcl &#8211; der\u00fcl ki a p\u00e9ntek \u00e9jjel k\u00f6zz\u00e9tett, Herman Van Rompuy, az Eur\u00f3pai Tan\u00e1cs, valamint Jos\u00e9 Manuel Barroso, az Eur\u00f3pai Bizotts\u00e1g eln\u00f6ke \u00e1ltal \u00edrt lev\u00e9lb\u0151l.<\/strong><!--more--><br \/>\n<div class=\"ads-in-post1\"><div id=\"gazdasagportal.hu_fullbanner_wideboard\"><\/div>\r\n<\/div>\n<p>    Van Rompuy \u00e9s Barroso azt \u00edrja: a bizotts\u00e1g cs\u00fct\u00f6rt\u00f6k\u00f6n olyan javaslatot tett le a tag\u00e1llamok k\u00e9pvisel\u0151i el\u00e9, amelyek a j\u00falius v\u00e9g\u00e9n elfogadott b\u00fcntet\u0151int\u00e9zked\u00e9seket b\u0151v\u00edtik, vagyis ugyanarra a n\u00e9gy pill\u00e9re t\u00e1maszkodnak; korl\u00e1tozz\u00e1k Oroszorsz\u00e1g hozz\u00e1f\u00e9r\u00e9s\u00e9t az eur\u00f3pai t\u0151kepiacokhoz, az \u00fagynevezett kett\u0151s felhaszn\u00e1l\u00e1s\u00fa, katonai, v\u00e9delmi, rend\u00e9szeti \u00e9s polg\u00e1ri c\u00e9lokra is alkalmazhat\u00f3 felszerel\u00e9sekhez, az energiaipar ter\u00e9n egyes olajkitermel\u00e9shez sz\u00fcks\u00e9ges &#8222;\u00e9rz\u00e9keny&#8221; technol\u00f3gi\u00e1khoz, valamint teljes fegyverembarg\u00f3t rendeltek el.<br \/>\n    A bizotts\u00e1g javaslata emellett tov\u00e1bbi nevekkel b\u0151v\u00edten\u00e9 a beutaz\u00e1si tilalommal \u00e9s vagyonelkobz\u00e1ssal s\u00fajtand\u00f3 term\u00e9szetes \u00e9s jogi szem\u00e9lyek list\u00e1j\u00e1t; b\u00fcntet\u0151int\u00e9zked\u00e9ssel s\u00fajtan\u00e1 a Donbasz \u00faj vezet\u0151it, a Kr\u00edm &#8222;korm\u00e1ny\u00e1t&#8221;, tov\u00e1bbi orosz d\u00f6nt\u00e9shoz\u00f3kat \u00e9s oligarch\u00e1kat is.<br \/>\n    A lev\u00e9l szerint az int\u00e9zked\u00e9sek \u00fajabb k\u00f6r\u00e9t ugyanazon szempontok alapj\u00e1n \u00e1ll\u00edtott\u00e1k \u00f6ssze, mint az els\u0151t; figyelembe vett\u00e9k a szankci\u00f3k hat\u00e9konys\u00e1g\u00e1t, hogy milyen \u00e1ron mekkora hat\u00e1st \u00e9rhetnek el, hogy a tag\u00e1llamok \u00e9s ipar\u00e1gak k\u00f6z\u00f6tt m\u00e9lt\u00e1nyosan oszoljon meg a teher, \u00e9s az int\u00e9zked\u00e9seket \u00f6sszehangolj\u00e1k m\u00e1s partnerek l\u00e9p\u00e9seivel. Szempont volt m\u00e9g, hogy a b\u00fcntet\u0151int\u00e9zked\u00e9seknek meg kell \u00e1llniuk a hely\u00fcket a b\u00edr\u00f3s\u00e1g el\u0151tt, valamint, hogy sz\u00fcks\u00e9g eset\u00e9n laz\u00edtani \u00e9s szigor\u00edtani is viszonylag egyszer\u0171en lehessen \u0151ket.<br \/>\n    Van Rompuy \u00e9s Barroso \u00fagy v\u00e9li, hogy a b\u00fcntet\u0151int\u00e9zked\u00e9sek hat\u00e9kony eszk\u00f6zt jelentenek, amely lehet\u0151v\u00e9 teszi, hogy az Eur\u00f3pai Uni\u00f3 r\u00f6vid id\u0151 alatt gyors v\u00e1laszt adjon a fejlem\u00e9nyekre. Az \u00faj szankci\u00f3k n\u00f6velik majd az eddigiek hat\u00e9konys\u00e1g\u00e1t, s al\u00e1t\u00e1masztj\u00e1k azt az elvet, hogy c\u00e9ljuk Oroszorsz\u00e1g Ukrajn\u00e1val szemben tan\u00fas\u00edtott magatart\u00e1s\u00e1nak megv\u00e1ltoztat\u00e1sa &#8211; h\u00fazza al\u00e1 az Eur\u00f3pai Bizotts\u00e1g, valamint az Eur\u00f3pai Tan\u00e1cs eln\u00f6ke.(MTI)<\/p>\n","protected":false},"excerpt":{"rendered":"<p>Az Eur\u00f3pai Uni\u00f3 tag\u00e1llamainak nagyk\u00f6vetei, az \u00fagynevezett \u00e1lland\u00f3 k\u00e9pvisel\u0151k meg\u00e1llapodtak az Oroszorsz\u00e1ggal szemben bevezetend\u0151 tov\u00e1bbi szankci\u00f3kr\u00f3l, hivatalosan pedig h\u00e9tf\u0151n fogadhatj\u00e1k el azokat \u00fagynevezett \u00edr\u00e1sos elj\u00e1r\u00e1ssal, vagyis l\u00e9nyeg\u00e9ben minden tov\u00e1bbi vita n\u00e9lk\u00fcl &#8211; der\u00fcl ki a p\u00e9ntek \u00e9jjel k\u00f6zz\u00e9tett, Herman Van Rompuy, az Eur\u00f3pai Tan\u00e1cs, valamint Jos\u00e9 Manuel Barroso, az Eur\u00f3pai Bizotts\u00e1g eln\u00f6ke \u00e1ltal \u00edrt lev\u00e9lb\u0151l.<\/p>\n","protected":false},"author":1,"featured_media":42711,"comment_status":"open","ping_status":"closed","sticky":false,"template":"","format":"standard","meta":[],"categories":[146,139],"tags":[],"_links":{"self":[{"href":"https:\/\/gazdasagportal.hu\/index.php\/wp-json\/wp\/v2\/posts\/43592"}],"collection":[{"href":"https:\/\/gazdasagportal.hu\/index.php\/wp-json\/wp\/v2\/posts"}],"about":[{"href":"https:\/\/gazdasagportal.hu\/index.php\/wp-json\/wp\/v2\/types\/post"}],"author":[{"embeddable":true,"href":"https:\/\/gazdasagportal.hu\/index.php\/wp-json\/wp\/v2\/users\/1"}],"replies":[{"embeddable":true,"href":"https:\/\/gazdasagportal.hu\/index.php\/wp-json\/wp\/v2\/comments?post=43592"}],"version-history":[{"count":7,"href":"https:\/\/gazdasagportal.hu\/index.php\/wp-json\/wp\/v2\/posts\/43592\/revisions"}],"predecessor-version":[{"id":43599,"href":"https:\/\/gazdasagportal.hu\/index.php\/wp-json\/wp\/v2\/posts\/43592\/revisions\/43599"}],"wp:featuredmedia":[{"embeddable":true,"href":"https:\/\/gazdasagportal.hu\/index.php\/wp-json\/wp\/v2\/media\/42711"}],"wp:attachment":[{"href":"https:\/\/gazdasagportal.hu\/index.php\/wp-json\/wp\/v2\/media?parent=43592"}],"wp:term":[{"taxonomy":"category","embeddable":true,"href":"https:\/\/gazdasagportal.hu\/index.php\/wp-json\/wp\/v2\/categories?post=43592"},{"taxonomy":"post_tag","embeddable":true,"href":"https:\/\/gazdasagportal.hu\/index.php\/wp-json\/wp\/v2\/tags?post=43592"}],"curies":[{"name":"wp","href":"https:\/\/api.w.org\/{rel}","templated":true}]}}