{"id":43583,"date":"2014-09-06T03:56:17","date_gmt":"2014-09-06T01:56:17","guid":{"rendered":"http:\/\/stockportal.hu\/?p=43583"},"modified":"2014-09-06T04:07:36","modified_gmt":"2014-09-06T02:07:36","slug":"metroznal-a-hetvegen-erre-keszulj","status":"publish","type":"post","link":"https:\/\/gazdasagportal.hu\/index.php\/metroznal-a-hetvegen-erre-keszulj\/","title":{"rendered":"Metr\u00f3znod kell a h\u00e9tv\u00e9g\u00e9n? erre k\u00e9sz\u00fclj!"},"content":{"rendered":"<p><strong>A s\u00edncsereprogram folytat\u00e1sa miatt m\u00e1t\u00f3l h\u00e1rom szeptemberi h\u00e9tv\u00e9g\u00e9n nem k\u00f6zlekednek a 3-as metr\u00f3 szerelv\u00e9nyei a Nagyv\u00e1rad t\u00e9r \u00e9s a De\u00e1k Ferenc t\u00e9r k\u00f6z\u00f6tt, helyett\u00fck p\u00f3tl\u00f3buszok viszik az utasokat.<\/strong><!--more--><br \/>\n<div class=\"ads-in-post1\"><div id=\"gazdasagportal.hu_fullbanner_wideboard\"><\/div>\r\n<\/div>\n<p>    A buszos p\u00f3tl\u00e1s 6-\u00e1n \u00e9s 7-\u00e9n, 13-\u00e1n \u00e9s 14-\u00e9n, valamint 20-\u00e1n \u00e9s 21-\u00e9n lesz, minden esetben a szombati \u00fczemkezdett\u0151l a vas\u00e1rnapi \u00fczemz\u00e1r\u00e1sig. A 3-as metr\u00f3 ezeken a napokon k\u00e9t szakaszon, r\u00f6vid\u00edtett \u00fatvonalon k\u00f6zlekedik: egyr\u00e9szt \u00dajpest-k\u00f6zpont \u00e9s a De\u00e1k Ferenc t\u00e9r, m\u00e1sr\u00e9szt K\u0151b\u00e1nya-Kispest \u00e9s a Nagyv\u00e1rad t\u00e9r k\u00f6z\u00f6tt.<br \/>\n    A metr\u00f3p\u00f3tl\u00f3 busz a De\u00e1k Ferenc t\u00e9r \u00e9s a N\u00e9pliget k\u00f6z\u00f6tt j\u00e1r, a K\u00e1roly k\u00f6r\u00fat &#8211; M\u00fazeum k\u00f6r\u00fat &#8211; K\u00e1lvin t\u00e9r &#8211; \u00dcll\u0151i \u00fat &#8211; N\u00e9pliget \u00fatvonalon. A p\u00f3tl\u00f3busz meg\u00e1ll az Astori\u00e1n\u00e1l (a Ferenciek ter\u00e9t nem \u00e9rinti), a K\u00e1lvin t\u00e9ren, a Corvin-negyedn\u00e9l, a Klinik\u00e1kn\u00e1l \u00e9s a Nagyv\u00e1rad t\u00e9ren.<br \/>\n    A metr\u00f3p\u00f3tl\u00e1s h\u00e9tv\u00e9g\u00e9ire a 9-es busz De\u00e1k Ferenc t\u00e9ri meg\u00e1ll\u00f3j\u00e1t mindk\u00e9t ir\u00e1nyban \u00e1thelyezik, \u00e9s t\u00f6bb kapcsol\u00f3d\u00f3 felsz\u00edni j\u00e1rat utols\u00f3 indul\u00e1si id\u0151pontj\u00e1t is m\u00f3dos\u00edtj\u00e1k.<br \/>\n    A Budapesti K\u00f6zleked\u00e9si K\u00f6zpont 2014-ben \u00e9s 2015-ben 42 kilom\u00e9ter s\u00ednsz\u00e1lat cser\u00e9l ki a 3-as metr\u00f3 vonal\u00e1n.(MTI)<\/p>\n","protected":false},"excerpt":{"rendered":"<p>A s\u00edncsereprogram folytat\u00e1sa miatt m\u00e1t\u00f3l h\u00e1rom szeptemberi h\u00e9tv\u00e9g\u00e9n nem k\u00f6zlekednek a 3-as metr\u00f3 szerelv\u00e9nyei a Nagyv\u00e1rad t\u00e9r \u00e9s a De\u00e1k Ferenc t\u00e9r k\u00f6z\u00f6tt, helyett\u00fck p\u00f3tl\u00f3buszok viszik az utasokat.<\/p>\n","protected":false},"author":1,"featured_media":0,"comment_status":"open","ping_status":"closed","sticky":false,"template":"","format":"standard","meta":[],"categories":[4,151],"tags":[],"_links":{"self":[{"href":"https:\/\/gazdasagportal.hu\/index.php\/wp-json\/wp\/v2\/posts\/43583"}],"collection":[{"href":"https:\/\/gazdasagportal.hu\/index.php\/wp-json\/wp\/v2\/posts"}],"about":[{"href":"https:\/\/gazdasagportal.hu\/index.php\/wp-json\/wp\/v2\/types\/post"}],"author":[{"embeddable":true,"href":"https:\/\/gazdasagportal.hu\/index.php\/wp-json\/wp\/v2\/users\/1"}],"replies":[{"embeddable":true,"href":"https:\/\/gazdasagportal.hu\/index.php\/wp-json\/wp\/v2\/comments?post=43583"}],"version-history":[{"count":5,"href":"https:\/\/gazdasagportal.hu\/index.php\/wp-json\/wp\/v2\/posts\/43583\/revisions"}],"predecessor-version":[{"id":43589,"href":"https:\/\/gazdasagportal.hu\/index.php\/wp-json\/wp\/v2\/posts\/43583\/revisions\/43589"}],"wp:attachment":[{"href":"https:\/\/gazdasagportal.hu\/index.php\/wp-json\/wp\/v2\/media?parent=43583"}],"wp:term":[{"taxonomy":"category","embeddable":true,"href":"https:\/\/gazdasagportal.hu\/index.php\/wp-json\/wp\/v2\/categories?post=43583"},{"taxonomy":"post_tag","embeddable":true,"href":"https:\/\/gazdasagportal.hu\/index.php\/wp-json\/wp\/v2\/tags?post=43583"}],"curies":[{"name":"wp","href":"https:\/\/api.w.org\/{rel}","templated":true}]}}