{"id":43579,"date":"2014-09-06T07:41:26","date_gmt":"2014-09-06T05:41:26","guid":{"rendered":"http:\/\/stockportal.hu\/?p=43579"},"modified":"2014-09-06T04:39:16","modified_gmt":"2014-09-06T02:39:16","slug":"az-uj-orosz-katonai-doktrina-nem-helyez-kilatasba-megelozo-atomcsapast","status":"publish","type":"post","link":"https:\/\/gazdasagportal.hu\/index.php\/az-uj-orosz-katonai-doktrina-nem-helyez-kilatasba-megelozo-atomcsapast\/","title":{"rendered":"Oroszorsz\u00e1g fenntartja mag\u00e1nak a jogot, hogy atomfegyvert haszn\u00e1lhasson"},"content":{"rendered":"<p><strong>Az \u00faj orosz katonai doktr\u00edna nem helyez kil\u00e1t\u00e1sba esetleges megel\u0151z\u0151 atomcsap\u00e1st, sz\u00fcks\u00e9g eset\u00e9n csak v\u00e1laszcsap\u00e1st ir\u00e1nyoz el\u0151 &#8211; mondta p\u00e9nteken Jurij Balujevszkij volt orosz vez\u00e9rkari f\u0151n\u00f6k a RIA Novosztyi h\u00edrport\u00e1lnak.<\/strong><!--more--><br \/>\n<div class=\"ads-in-post1\"><div id=\"gazdasagportal.hu_fullbanner_wideboard\"><\/div>\r\n<\/div>\n<p>    Ezzel kapcsolatban sz\u00fcks\u00e9g\u00e9t l\u00e1tta pontos\u00edtani azt is: val\u00f3j\u00e1ban nincs sz\u00f3 &#8222;\u00faj doktr\u00edn\u00e1r\u00f3l&#8221;, csak arr\u00f3l, hogy az utolj\u00e1ra 2010-ben elfogadott, most \u00e9rv\u00e9nyben l\u00e9v\u0151t m\u00f3dos\u00edts\u00e1k. Szavaib\u00f3l kider\u00fcl, hogy sem a jelenlegi, sem pedig a majdani m\u00f3dos\u00edtott v\u00e1ltozatban nem szerepel a megel\u0151z\u0151 atomcsap\u00e1s lehet\u0151s\u00e9ge. S\u0151t, utalt a doktr\u00edn\u00e1t le\u00edr\u00f3 dokumentum 22. cikk\u00e9re, amely kimondja: nincs kil\u00e1t\u00e1sban a megel\u0151z\u0151 csap\u00e1s eshet\u0151s\u00e9ge. Az atomfegyver haszn\u00e1lata kiz\u00e1r\u00f3lag v\u00e1laszcsap\u00e1sk\u00e9nt j\u00f6het sz\u00f3ba &#8211; tette hozz\u00e1 Balujevszkij.<br \/>\n    A volt vez\u00e9rkari f\u0151n\u00f6k &#8211; aki kor\u00e1bban a v\u00e9delmi miniszter els\u0151 helyettesek\u00e9nt is dolgozott &#8211; jelenleg annak a k\u00fcl\u00f6nleges munkacsoportnak a tagja, amely az orosz biztons\u00e1gi tan\u00e1cs keret\u00e9ben hivatott kidolgozni a m\u00f3dos\u00edt\u00e1sokat az utolj\u00e1ra n\u00e9gy \u00e9vvel ezel\u0151tt korszer\u0171s\u00edtett katonai doktr\u00edn\u00e1hoz.<br \/>\n    Balijevszkij felh\u00edvta a figyelmet arra, hogy a jelenlegi doktr\u00edna \u00e9rtelm\u00e9ben Oroszorsz\u00e1g fenntartja mag\u00e1nak a jogot az atomfegyver v\u00e1laszk\u00e9nt val\u00f3 haszn\u00e1lat\u00e1hoz, ha ellene vagy valamelyik sz\u00f6vets\u00e9gese ellen atomfegyvert vagy b\u00e1rmilyen m\u00e1s t\u00edpus\u00fa t\u00f6megpuszt\u00edt\u00f3 fegyvert vetn\u00e9nek be. Ugyanez vonatkozik olyan esetekre is, amikor hagyom\u00e1nyos fegyvert vetnek be ellene, s ez az orosz \u00e1llam l\u00e9t\u00e9t vesz\u00e9lyezteti.<br \/>\n    Az orosz biztons\u00e1gi tan\u00e1cs m\u00e1r kor\u00e1bban bejelentette sz\u00e1nd\u00e9k\u00e1t, hogy az orsz\u00e1g katonai doktr\u00edn\u00e1j\u00e1t ez \u00e9v v\u00e9g\u00e9ig az \u00faj viszonyokhoz igaz\u00edtja, figyelembe v\u00e9ve az \u00fajfajta fenyeget\u00e9seket. Ezek k\u00f6z\u00e9 sorolja a NATO terjeszked\u00e9s\u00e9t, az amerikai rak\u00e9taelh\u00e1r\u00edt\u00f3 rendszer ki\u00e9p\u00edt\u00e9s\u00e9t, valamint az ukrajnai politikai v\u00e1ls\u00e1got.<br \/>\n    A tervezett m\u00f3dos\u00edt\u00e1sok r\u00e9v\u00e9n Oroszorsz\u00e1g szavatolni akarja technol\u00f3giai f\u00fcggetlens\u00e9g\u00e9t a fegyverek, a sz\u00e1m\u00edt\u00f3g\u00e9pes technika \u00e9s m\u00e1s katonai felszerel\u00e9sek gy\u00e1rt\u00e1s\u00e1nak a ter\u00fclet\u00e9n.(MTI)<\/p>\n","protected":false},"excerpt":{"rendered":"<p>Az \u00faj orosz katonai doktr\u00edna nem helyez kil\u00e1t\u00e1sba esetleges megel\u0151z\u0151 atomcsap\u00e1st, sz\u00fcks\u00e9g eset\u00e9n csak v\u00e1laszcsap\u00e1st ir\u00e1nyoz el\u0151 &#8211; mondta p\u00e9nteken Jurij Balujevszkij volt orosz vez\u00e9rkari f\u0151n\u00f6k a RIA Novosztyi h\u00edrport\u00e1lnak.<\/p>\n","protected":false},"author":1,"featured_media":0,"comment_status":"open","ping_status":"closed","sticky":false,"template":"","format":"standard","meta":[],"categories":[139],"tags":[],"_links":{"self":[{"href":"https:\/\/gazdasagportal.hu\/index.php\/wp-json\/wp\/v2\/posts\/43579"}],"collection":[{"href":"https:\/\/gazdasagportal.hu\/index.php\/wp-json\/wp\/v2\/posts"}],"about":[{"href":"https:\/\/gazdasagportal.hu\/index.php\/wp-json\/wp\/v2\/types\/post"}],"author":[{"embeddable":true,"href":"https:\/\/gazdasagportal.hu\/index.php\/wp-json\/wp\/v2\/users\/1"}],"replies":[{"embeddable":true,"href":"https:\/\/gazdasagportal.hu\/index.php\/wp-json\/wp\/v2\/comments?post=43579"}],"version-history":[{"count":2,"href":"https:\/\/gazdasagportal.hu\/index.php\/wp-json\/wp\/v2\/posts\/43579\/revisions"}],"predecessor-version":[{"id":43585,"href":"https:\/\/gazdasagportal.hu\/index.php\/wp-json\/wp\/v2\/posts\/43579\/revisions\/43585"}],"wp:attachment":[{"href":"https:\/\/gazdasagportal.hu\/index.php\/wp-json\/wp\/v2\/media?parent=43579"}],"wp:term":[{"taxonomy":"category","embeddable":true,"href":"https:\/\/gazdasagportal.hu\/index.php\/wp-json\/wp\/v2\/categories?post=43579"},{"taxonomy":"post_tag","embeddable":true,"href":"https:\/\/gazdasagportal.hu\/index.php\/wp-json\/wp\/v2\/tags?post=43579"}],"curies":[{"name":"wp","href":"https:\/\/api.w.org\/{rel}","templated":true}]}}