{"id":43568,"date":"2014-09-06T03:04:15","date_gmt":"2014-09-06T01:04:15","guid":{"rendered":"http:\/\/stockportal.hu\/?p=43568"},"modified":"2014-09-05T20:18:06","modified_gmt":"2014-09-05T18:18:06","slug":"eletbe-lepett-a-tuzszunet-delkelet-ukrajnaban","status":"publish","type":"post","link":"https:\/\/gazdasagportal.hu\/index.php\/eletbe-lepett-a-tuzszunet-delkelet-ukrajnaban\/","title":{"rendered":"\u00c9letbe l\u00e9pett a t\u0171zsz\u00fcnet D\u00e9lkelet-Ukrajn\u00e1ban"},"content":{"rendered":"<p><strong>A szemben\u00e1ll\u00f3 felek k\u00f6zl\u00e9se szerint \u00e9letbe l\u00e9pett a t\u0171zsz\u00fcnet p\u00e9ntek d\u00e9lut\u00e1n D\u00e9lkelet-Ukrajn\u00e1ban a szakad\u00e1rok \u00e9s az orsz\u00e1g korm\u00e1ny\u00e1nak hader\u0151i k\u00f6z\u00f6tt.<\/strong><!--more--><br \/>\n<div class=\"ads-in-post1\"><div id=\"gazdasagportal.hu_fullbanner_wideboard\"><\/div>\r\n<\/div>\n<p>    A t\u0171zsz\u00fcnet \u00e9letbe l\u00e9p\u00e9s\u00e9t meger\u0151s\u00edtette Ukrajna Nemzetbiztons\u00e1gi Tan\u00e1csa \u00e9s a Donyecki N\u00e9pk\u00f6zt\u00e1rsas\u00e1g katonai parancsnoka is.<br \/>\n    A t\u0171zsz\u00fcnet helyi id\u0151 szerint 18 \u00f3rakor &#8211; magyar id\u0151 szerint 17 \u00f3rakor &#8211; kezd\u0151d\u00f6tt. Az err\u0151l sz\u00f3l\u00f3 meg\u00e1llapod\u00e1s Minszkben j\u00f6tt l\u00e9tre, al\u00e1\u00edr\u00f3i Ukrajna, Oroszorsz\u00e1g, a felkel\u0151k \u00e9s az Eur\u00f3pai Biztons\u00e1gi \u00e9s Egy\u00fcttm\u0171k\u00f6d\u00e9si Szervezet k\u00e9pvisel\u0151i.<br \/>\n    &#8222;Az ember\u00e9let a legnagyobb \u00e9rt\u00e9k. Minden lehets\u00e9gest \u00e9s lehetetlent meg kell tenn\u00fcnk, hogy v\u00e9get \u00e9rjen a v\u00e9ront\u00e1s \u00e9s az emberek szenved\u00e9se&#8221; &#8211; mondta Petro Porosenko ukr\u00e1n eln\u00f6k, miut\u00e1n bejelentette, hogy parancsot adott az ukr\u00e1n fegyveres er\u0151knek a fegyvernyugv\u00e1sra este hatt\u00f3l kezd\u0151d\u0151en.<br \/>\n    &#8222;A t\u0171zsz\u00fcnet r\u00e9v\u00e9n lehet\u0151v\u00e9 v\u00e1lik, hogy nem csup\u00e1n a polg\u00e1ri lakoss\u00e1g \u00e9let\u00e9t v\u00e9dhess\u00fck meg, hanem azok\u00e9t az emberek\u00e9t is, akik fegyvert ragadtak sz\u00fcl\u0151f\u00f6ldj\u00fck \u00e9s eszm\u00e9ik v\u00e9delm\u00e9ben&#8221; &#8211; mondta Olekszandr Zaharcsenko, a felkel\u0151k \u00e1ltal \u00f6nhatalm\u00falag kiki\u00e1ltott Donyecki N\u00e9pk\u00f6zt\u00e1rsas\u00e1g minisztereln\u00f6ke.<br \/>\n    &#8222;A t\u0171zsz\u00fcnet nem jelenti azt, hogy felhagytunk volna elszakad\u00e1si politik\u00e1nkkal&#8221; &#8211; jegyezte meg ugyanakkor a Luhanszki N\u00e9pk\u00f6zt\u00e1rsas\u00e1g vezet\u0151je, Igor Plotnickij.(MTI)<\/p>\n","protected":false},"excerpt":{"rendered":"<p>A szemben\u00e1ll\u00f3 felek k\u00f6zl\u00e9se szerint \u00e9letbe l\u00e9pett a t\u0171zsz\u00fcnet p\u00e9ntek d\u00e9lut\u00e1n D\u00e9lkelet-Ukrajn\u00e1ban a szakad\u00e1rok \u00e9s az orsz\u00e1g korm\u00e1ny\u00e1nak hader\u0151i k\u00f6z\u00f6tt.<\/p>\n","protected":false},"author":1,"featured_media":0,"comment_status":"open","ping_status":"closed","sticky":false,"template":"","format":"standard","meta":[],"categories":[139],"tags":[],"_links":{"self":[{"href":"https:\/\/gazdasagportal.hu\/index.php\/wp-json\/wp\/v2\/posts\/43568"}],"collection":[{"href":"https:\/\/gazdasagportal.hu\/index.php\/wp-json\/wp\/v2\/posts"}],"about":[{"href":"https:\/\/gazdasagportal.hu\/index.php\/wp-json\/wp\/v2\/types\/post"}],"author":[{"embeddable":true,"href":"https:\/\/gazdasagportal.hu\/index.php\/wp-json\/wp\/v2\/users\/1"}],"replies":[{"embeddable":true,"href":"https:\/\/gazdasagportal.hu\/index.php\/wp-json\/wp\/v2\/comments?post=43568"}],"version-history":[{"count":1,"href":"https:\/\/gazdasagportal.hu\/index.php\/wp-json\/wp\/v2\/posts\/43568\/revisions"}],"predecessor-version":[{"id":43569,"href":"https:\/\/gazdasagportal.hu\/index.php\/wp-json\/wp\/v2\/posts\/43568\/revisions\/43569"}],"wp:attachment":[{"href":"https:\/\/gazdasagportal.hu\/index.php\/wp-json\/wp\/v2\/media?parent=43568"}],"wp:term":[{"taxonomy":"category","embeddable":true,"href":"https:\/\/gazdasagportal.hu\/index.php\/wp-json\/wp\/v2\/categories?post=43568"},{"taxonomy":"post_tag","embeddable":true,"href":"https:\/\/gazdasagportal.hu\/index.php\/wp-json\/wp\/v2\/tags?post=43568"}],"curies":[{"name":"wp","href":"https:\/\/api.w.org\/{rel}","templated":true}]}}