{"id":43564,"date":"2014-09-06T03:28:37","date_gmt":"2014-09-06T01:28:37","guid":{"rendered":"http:\/\/stockportal.hu\/?p=43564"},"modified":"2014-09-05T19:50:22","modified_gmt":"2014-09-05T17:50:22","slug":"kozponti-kommunikacios-hivatalt-hoz-letre-a-kormany","status":"publish","type":"post","link":"https:\/\/gazdasagportal.hu\/index.php\/kozponti-kommunikacios-hivatalt-hoz-letre-a-kormany\/","title":{"rendered":"K\u00f6zponti kommunik\u00e1ci\u00f3s hivatalt hoz l\u00e9tre a korm\u00e1ny"},"content":{"rendered":"<p><strong>Az egys\u00e9ges, koordin\u00e1lt korm\u00e1nyzati kommunik\u00e1ci\u00f3 \u00e9rdek\u00e9ben k\u00f6zponti kommunik\u00e1ci\u00f3s hivatalt hoz l\u00e9tre a korm\u00e1ny. Az err\u0151l sz\u00f3l\u00f3 korm\u00e1nyhat\u00e1rozat a Magyar K\u00f6zl\u00f6ny legfrissebb, p\u00e9nteki sz\u00e1m\u00e1ban jelent meg.<\/strong><!--more--><br \/>\n<div class=\"ads-in-post1\"><div id=\"gazdasagportal.hu_fullbanner_wideboard\"><\/div>\r\n<\/div>\n<p>    A korm\u00e1nyhat\u00e1rozat szerint az \u00faj szervezet &#8211; a Magyar Nemzeti Bank, az \u00f6n\u00e1ll\u00f3 szab\u00e1lyoz\u00f3 szervek, valamint az auton\u00f3m \u00e1llamigazgat\u00e1si szervek kiv\u00e9tel\u00e9vel &#8211; a k\u00f6zponti k\u00f6lts\u00e9gvet\u00e9si szervek, valamint a t\u00f6bbs\u00e9gi \u00e1llami tulajdonban l\u00e9v\u0151 gazd\u00e1lkod\u00f3 szervezetek rekl\u00e1m-, PR- \u00e9s kommunik\u00e1ci\u00f3s feladatait l\u00e1tja majd el.<br \/>\n    A szervezet l\u00e9trehoz\u00e1s\u00e1r\u00f3l sz\u00f3l\u00f3 el\u0151terjeszt\u00e9st L\u00e1z\u00e1r J\u00e1nos Minisztereln\u00f6ks\u00e9get vezet\u0151 miniszternek Varga Mih\u00e1ly nemzetgazdas\u00e1gi miniszter \u00e9s Seszt\u00e1k Mikl\u00f3s nemzeti fejleszt\u00e9si miniszter bevon\u00e1s\u00e1val szeptember 15-ig kell elk\u00e9sz\u00edtenie \u00e9s beny\u00fajtani a korm\u00e1ny r\u00e9sz\u00e9re &#8211; olvashat\u00f3 a hat\u00e1rozatban.(MTI)<\/p>\n","protected":false},"excerpt":{"rendered":"<p>Az egys\u00e9ges, koordin\u00e1lt korm\u00e1nyzati kommunik\u00e1ci\u00f3 \u00e9rdek\u00e9ben k\u00f6zponti kommunik\u00e1ci\u00f3s hivatalt hoz l\u00e9tre a korm\u00e1ny. Az err\u0151l sz\u00f3l\u00f3 korm\u00e1nyhat\u00e1rozat a Magyar K\u00f6zl\u00f6ny legfrissebb, p\u00e9nteki sz\u00e1m\u00e1ban jelent meg.<\/p>\n","protected":false},"author":1,"featured_media":0,"comment_status":"open","ping_status":"closed","sticky":false,"template":"","format":"standard","meta":[],"categories":[19],"tags":[],"_links":{"self":[{"href":"https:\/\/gazdasagportal.hu\/index.php\/wp-json\/wp\/v2\/posts\/43564"}],"collection":[{"href":"https:\/\/gazdasagportal.hu\/index.php\/wp-json\/wp\/v2\/posts"}],"about":[{"href":"https:\/\/gazdasagportal.hu\/index.php\/wp-json\/wp\/v2\/types\/post"}],"author":[{"embeddable":true,"href":"https:\/\/gazdasagportal.hu\/index.php\/wp-json\/wp\/v2\/users\/1"}],"replies":[{"embeddable":true,"href":"https:\/\/gazdasagportal.hu\/index.php\/wp-json\/wp\/v2\/comments?post=43564"}],"version-history":[{"count":1,"href":"https:\/\/gazdasagportal.hu\/index.php\/wp-json\/wp\/v2\/posts\/43564\/revisions"}],"predecessor-version":[{"id":43565,"href":"https:\/\/gazdasagportal.hu\/index.php\/wp-json\/wp\/v2\/posts\/43564\/revisions\/43565"}],"wp:attachment":[{"href":"https:\/\/gazdasagportal.hu\/index.php\/wp-json\/wp\/v2\/media?parent=43564"}],"wp:term":[{"taxonomy":"category","embeddable":true,"href":"https:\/\/gazdasagportal.hu\/index.php\/wp-json\/wp\/v2\/categories?post=43564"},{"taxonomy":"post_tag","embeddable":true,"href":"https:\/\/gazdasagportal.hu\/index.php\/wp-json\/wp\/v2\/tags?post=43564"}],"curies":[{"name":"wp","href":"https:\/\/api.w.org\/{rel}","templated":true}]}}