{"id":43514,"date":"2014-09-05T14:32:42","date_gmt":"2014-09-05T12:32:42","guid":{"rendered":"http:\/\/stockportal.hu\/?p=43514"},"modified":"2014-09-05T14:32:42","modified_gmt":"2014-09-05T12:32:42","slug":"kulfoldi-sajto-magyarorszagrol-a-sme-a-nemzeti-italboltokrol-a-gazeta-wyborcza-a-szabadsag-expressz-budapesti-allomasarol","status":"publish","type":"post","link":"https:\/\/gazdasagportal.hu\/index.php\/kulfoldi-sajto-magyarorszagrol-a-sme-a-nemzeti-italboltokrol-a-gazeta-wyborcza-a-szabadsag-expressz-budapesti-allomasarol\/","title":{"rendered":"K\u00fclf\u00f6ldi sajt\u00f3 Magyarorsz\u00e1gr\u00f3l &#8211; A SME a nemzeti italboltokr\u00f3l, a Gazeta Wyborcza a Szabads\u00e1g Expressz budapesti \u00e1llom\u00e1s\u00e1r\u00f3l"},"content":{"rendered":"<p><strong>A nemzeti italboltok magyarorsz\u00e1gi bevezet\u00e9s\u00e9r\u0151l felr\u00f6ppent h\u00edrekkel kapcsolatban k\u00f6z\u00f6lt komment\u00e1rt p\u00e9nteken a SME c\u00edm\u0171 szlov\u00e1k liber\u00e1lis lap. A szerz\u0151, Peter Morvay szerint m\u00e9g nem tudni, hogy a nemzeti doh\u00e1nyboltok ut\u00e1n lesznek-e nemzeti italboltok is Magyarorsz\u00e1gon. A korm\u00e1ny ugyanis \u00fajb\u00f3l c\u00e1folta a h\u00edrt, ez azonban val\u00f3sz\u00edn\u0171leg csak annyit jelent, hogy a k\u00f6zelg\u0151 \u00f6nkorm\u00e1nyzati v\u00e1laszt\u00e1sok el\u0151tt a korm\u00e1nyoldalon &#8222;semmi olyat nem akarnak bevallani, ami biztosan nagy felh\u00e1borod\u00e1st v\u00e1ltana ki&#8221;.<\/strong><!--more--><br \/>\n<div class=\"ads-in-post1\"><div id=\"gazdasagportal.hu_fullbanner_wideboard\"><\/div>\r\n<\/div>\n<p>&#8222;A nemzeti doh\u00e1nyboltok finoman sz\u00f3lva nem v\u00e1ltak be&#8221; &#8211; \u00edrta Morvay. A cikk szerint a doh\u00e1nykereskedelmi enged\u00e9lyeket kev\u00e9s kiv\u00e9tellel a Fidesz-politikusokhoz k\u00f6zeli c\u00e9gek szerezt\u00e9k meg. Egy\u00e9bk\u00e9nt viszont szinte mindenki m\u00e1s rosszul j\u00e1rt &#8211; tette hozz\u00e1. A nemzeti doh\u00e1nyboltok rendszere, amelyet eredetileg a fogyaszt\u00f3k v\u00e9delm\u00e9nek \u00e9s a doh\u00e1nyz\u00e1s visszaszor\u00edt\u00e1s\u00e1nak \u00fcr\u00fcgy\u00e9vel hoztak l\u00e9tre, &#8222;hamarosan \u00f6nmaga karikat\u00far\u00e1j\u00e1v\u00e1 v\u00e1lt&#8221;. (&#8230;) Kezdetben ugyanis a doh\u00e1nyboltok csak cigarett\u00e1t \u00e1rus\u00edthattak, \u00e9s a gyerekek m\u00e9g csak be sem l\u00e9phettek oda. \u00c1m az \u00faj tulajdonosok panaszait enyh\u00edtend\u0151 fokozatosan megengedt\u00e9k nekik, hogy \u00e9dess\u00e9get, j\u00e9gkr\u00e9met \u00e9s m\u00e1st is \u00e1rus\u00edtsanak, \u00edgy azok t\u00f6bbnyire \u00e9ppen olyan, a gyerekek sz\u00e1m\u00e1ra vonz\u00f3 \u00fczletekk\u00e9 v\u00e1ltak, mint amelyeket lev\u00e1ltottak &#8211; olvashat\u00f3 a cikkben.<br \/>\nNem csoda, hogy a Fidesz nem hirdeti meg ny\u00edltan azt az \u00f6tlet\u00e9t, miszerint hasonl\u00f3an alak\u00edts\u00e1k \u00e1t a szeszes italok kereskedelm\u00e9t is, amikor vil\u00e1gosan l\u00e1tszik, hogy az megint mivel v\u00e9gz\u0151dne. &#8222;Orb\u00e1n Viktor p\u00e1rtj\u00e1nak azonban m\u00e1s a gondja. A klient\u00fara gyarapodik, s egyre t\u00f6bbet kellene adni az embereknek egyre kisebb r\u00e1ford\u00edt\u00e1ssal. Ez\u00e9rt azt\u00e1n a nemzeti alkoholboltokat v\u00e9g\u00fcl val\u00f3sz\u00edn\u0171leg szint\u00e9n csak arra hozn\u00e1k l\u00e9tre, hogy \u00fajabb h\u00edvek sz\u00e1j\u00e1t t\u00f6mj\u00e9k be vel\u00fck&#8221; \u2013 z\u00e1rta sorait a SME h\u00edrmagyar\u00e1z\u00f3ja.<br \/>\nA Gazeta Wyborcza c\u00edm\u0171 lengyel baloldali liber\u00e1lis napilap besz\u00e1molt a rendszerv\u00e1lt\u00e1s 25. \u00e9vfordul\u00f3ja alkalm\u00e1b\u00f3l szervezett Szabads\u00e1g Expressz nemzetk\u00f6zi vonat\u00fat \u00e9s tanulm\u00e1nyi projekt budapesti parlamenti programj\u00e1r\u00f3l, amelyen a fiatal r\u00e9sztvev\u0151k egy r\u00e9sze \u00e9l\u00e9nk vit\u00e1ba keveredett K\u00f6v\u00e9r L\u00e1szl\u00f3 h\u00e1zeln\u00f6kkel. A fiatalok az egykori esem\u00e9nyek n\u00e9gy, r\u00e9szben ma is akt\u00edv politikus r\u00e9sztvev\u0151j\u00e9vel a program szerint a rendszerv\u00e1lt\u00e1s id\u0151szak\u00e1r\u00f3l besz\u00e9lgettek volna, de n\u00e9h\u00e1nyan k\u00f6z\u00fcl\u00fck ehelyett az orosz-ukr\u00e1n konfliktusr\u00f3l \u00e9s a magyar korm\u00e1ny \u00e1ll\u00e1spontj\u00e1r\u00f3l k\u00e9rdezt\u00e9k a h\u00e1zeln\u00f6k\u00f6t. A magyar korm\u00e1nyt \u00e9rint\u0151 b\u00edr\u00e1latokra a lap szerint K\u00f6v\u00e9r inger\u00fclten v\u00e1laszolt, mire t\u00f6bb r\u00e9sztvev\u0151 elhagyta a termet. A tud\u00f3s\u00edt\u00e1s szerint a parlament munkat\u00e1rsai megpr\u00f3b\u00e1lt\u00e1k r\u00e1venni a lengyel telev\u00edzi\u00f3 jelen l\u00e9v\u0151 st\u00e1bj\u00e1t, hogy ne hozza nyilv\u00e1noss\u00e1gra a felv\u00e9telt. Azzal is megv\u00e1dolt\u00e1k a lengyel t\u00e9v\u00e9seket, hogy manipul\u00e1lni akarj\u00e1k a h\u00e1zeln\u00f6k nyilatkozat\u00e1nak tartalm\u00e1t &#8211; \u00e1ll\u00edtotta a lap.<br \/>\nA Gazeta Wyborcza szerint Budapest \u00e1ll\u00e1spontj\u00e1t a Moszkv\u00e1t\u00f3l val\u00f3 gazdas\u00e1gi f\u00fcgg\u00e9s hat\u00e1rozza meg. Utalt a paksi atomer\u0151m\u0171 b\u0151v\u00edt\u00e9s\u00e9r\u0151l k\u00f6t\u00f6tt magyar-orosz szerz\u0151d\u00e9sre, valamint arra, hogy Magyarorsz\u00e1g ki van szolg\u00e1ltatva az orosz g\u00e1zsz\u00e1ll\u00edt\u00e1soknak, \u00e9s nincs jelent\u0151sebb es\u00e9lye a diverzifik\u00e1ci\u00f3ra. (MTI)<br \/>\n<strong><a title=\"Hely megnyit\u00e1sa\" href=\"http:\/\/wyborcza.pl\/1\" target=\"_blank\" rel=\"noopener\">http:\/\/wyborcza.pl\/1<\/a>,134154,<img decoding=\"async\" loading=\"lazy\" alt=\"\" src=\"chrome-extension:\/\/lifbcibllhkdhoafpjfnlhfpfgnpldfl\/call_skype_logo.png\" width=\"0\" height=\"0\" \/>16587395,Skandal_w_Budapeszcie.html<\/strong><\/p>\n","protected":false},"excerpt":{"rendered":"<p>A nemzeti italboltok magyarorsz\u00e1gi bevezet\u00e9s\u00e9r\u0151l felr\u00f6ppent h\u00edrekkel kapcsolatban k\u00f6z\u00f6lt komment\u00e1rt p\u00e9nteken a SME c\u00edm\u0171 szlov\u00e1k liber\u00e1lis lap. A szerz\u0151, Peter Morvay szerint m\u00e9g nem tudni, hogy a nemzeti doh\u00e1nyboltok ut\u00e1n lesznek-e nemzeti italboltok is Magyarorsz\u00e1gon. A korm\u00e1ny ugyanis \u00fajb\u00f3l c\u00e1folta a h\u00edrt, ez azonban val\u00f3sz\u00edn\u0171leg csak annyit jelent, hogy a k\u00f6zelg\u0151 \u00f6nkorm\u00e1nyzati v\u00e1laszt\u00e1sok el\u0151tt a &#8230;<\/p>\n","protected":false},"author":1,"featured_media":0,"comment_status":"open","ping_status":"closed","sticky":false,"template":"","format":"standard","meta":[],"categories":[19],"tags":[],"_links":{"self":[{"href":"https:\/\/gazdasagportal.hu\/index.php\/wp-json\/wp\/v2\/posts\/43514"}],"collection":[{"href":"https:\/\/gazdasagportal.hu\/index.php\/wp-json\/wp\/v2\/posts"}],"about":[{"href":"https:\/\/gazdasagportal.hu\/index.php\/wp-json\/wp\/v2\/types\/post"}],"author":[{"embeddable":true,"href":"https:\/\/gazdasagportal.hu\/index.php\/wp-json\/wp\/v2\/users\/1"}],"replies":[{"embeddable":true,"href":"https:\/\/gazdasagportal.hu\/index.php\/wp-json\/wp\/v2\/comments?post=43514"}],"version-history":[{"count":1,"href":"https:\/\/gazdasagportal.hu\/index.php\/wp-json\/wp\/v2\/posts\/43514\/revisions"}],"predecessor-version":[{"id":43515,"href":"https:\/\/gazdasagportal.hu\/index.php\/wp-json\/wp\/v2\/posts\/43514\/revisions\/43515"}],"wp:attachment":[{"href":"https:\/\/gazdasagportal.hu\/index.php\/wp-json\/wp\/v2\/media?parent=43514"}],"wp:term":[{"taxonomy":"category","embeddable":true,"href":"https:\/\/gazdasagportal.hu\/index.php\/wp-json\/wp\/v2\/categories?post=43514"},{"taxonomy":"post_tag","embeddable":true,"href":"https:\/\/gazdasagportal.hu\/index.php\/wp-json\/wp\/v2\/tags?post=43514"}],"curies":[{"name":"wp","href":"https:\/\/api.w.org\/{rel}","templated":true}]}}