{"id":43508,"date":"2014-09-05T13:30:37","date_gmt":"2014-09-05T11:30:37","guid":{"rendered":"http:\/\/stockportal.hu\/?p=43508"},"modified":"2014-09-05T13:20:47","modified_gmt":"2014-09-05T11:20:47","slug":"eu-tisztujitas-juncker-elkuldte-a-jeloltek-listajat-renzinek-navracsics-is-a-listan-van","status":"publish","type":"post","link":"https:\/\/gazdasagportal.hu\/index.php\/eu-tisztujitas-juncker-elkuldte-a-jeloltek-listajat-renzinek-navracsics-is-a-listan-van\/","title":{"rendered":"EU-tiszt\u00faj\u00edt\u00e1s &#8211; Juncker elk\u00fcldte a jel\u00f6ltek list\u00e1j\u00e1t Renzinek, Navracsics is a list\u00e1n van"},"content":{"rendered":"<p><strong> Az uni\u00f3s el\u0151\u00edr\u00e1soknak megfelel\u0151en Jean-Claude Juncker, az Eur\u00f3pai Bizotts\u00e1g megv\u00e1lasztott eln\u00f6ke elk\u00fcldte a biztosok nev\u00e9t tartalmaz\u00f3 list\u00e1t Matteo Renzinek, az Eur\u00f3pai Uni\u00f3 soros eln\u00f6ks\u00e9g\u00e9t ell\u00e1t\u00f3 Olaszorsz\u00e1g korm\u00e1nyf\u0151j\u00e9nek &#8211; k\u00f6z\u00f6lte p\u00e9nteken az Eur\u00f3pai Bizotts\u00e1g.<\/strong><!--more--><br \/>\n<div class=\"ads-in-post1\"><div id=\"gazdasagportal.hu_fullbanner_wideboard\"><\/div>\r\n<\/div>\n<p>    Az uni\u00f3s szerz\u0151d\u00e9s \u00e9rtelm\u00e9ben a tag\u00e1llamok k\u00e9pvisel\u0151it t\u00f6m\u00f6r\u00edt\u0151 tan\u00e1cs j\u00f3v\u00e1hagy\u00e1sa sz\u00fcks\u00e9ges a list\u00e1hoz, majd ha ez megvan, a n\u00e9vsort k\u00f6zz\u00e9 kell tenni az Eur\u00f3pai Uni\u00f3 hivatalos k\u00f6zl\u00f6ny\u00e9ben. Juncker majd csak ezt k\u00f6vet\u0151en jelenti be, hogyan tervezi megszervezni a br\u00fcsszeli test\u00fclet munk\u00e1j\u00e1t, \u00e9s abban kinek milyen feladatot sz\u00e1n. Erre a j\u00f6v\u0151 h\u00e9t k\u00f6zep\u00e9n ker\u00fclhet sor &#8211; der\u00fcl ki a bizotts\u00e1g k\u00f6zlem\u00e9ny\u00e9b\u0151l.<br \/>\n    A feladatok eloszt\u00e1s\u00e1t k\u00f6vet\u0151en az Eur\u00f3pai Parlament (EP) szakbizotts\u00e1gai meghallgatj\u00e1k a jel\u00f6lteket, majd az EP plen\u00e1ris \u00fcl\u00e9se egyben szavaz az eg\u00e9sz test\u00fcletr\u0151l. Ha a bizotts\u00e1g megkapja a t\u00f6bbs\u00e9g t\u00e1mogat\u00e1s\u00e1t, a tan\u00e1cs \u00f6t\u00e9ves id\u0151tartamra kinevezi a br\u00fcsszeli test\u00fcletet.<br \/>\n    Ha a tan\u00e1cs elfogadja Juncker list\u00e1j\u00e1t, a k\u00f6vetkez\u0151 politikusok k\u00e9sz\u00fclhetnek majd meghallgat\u00e1sokra az EP-ben: a litv\u00e1n Vytenis Andriukaitis, az \u00e9szt Andrus Ansip, a spanyol Miguel Arias Canete, a g\u00f6r\u00f6g Dimitrisz Avramopulosz, a lengyel Elzbieta Bienkowska, a szlov\u00e9n Alenka Bratusek, a rom\u00e1n Corina Cretu, a lett Valdis Dombrovskis, a bolg\u00e1r Krisztalina Georgieva, az osztr\u00e1k Johannes Hahn, a brit Jonathan Hill, az \u00edr Phil Hogan, a cseh Vera Jourov\u00e1, a finn Jyrki Katainen, a sv\u00e9d Cecilia Malmstr\u00f6m, a horv\u00e1t Neven Mimica, a portug\u00e1l Carlos Moedas, a francia Pierre Moscovici, a magyar Navracsics Tibor, a n\u00e9met G\u00fcnther Oettinger, a szlov\u00e1k Maros Sefcovic, a ciprusi Hrisztosz Sztilianidisz, a belga Marianne Thyssen, a holland Frans Timmermans, a m\u00e1ltai Karmeni Vella \u00e9s a d\u00e1n Margrethe Vestager.(MTI)<\/p>\n","protected":false},"excerpt":{"rendered":"<p>Az uni\u00f3s el\u0151\u00edr\u00e1soknak megfelel\u0151en Jean-Claude Juncker, az Eur\u00f3pai Bizotts\u00e1g megv\u00e1lasztott eln\u00f6ke elk\u00fcldte a biztosok nev\u00e9t tartalmaz\u00f3 list\u00e1t Matteo Renzinek, az Eur\u00f3pai Uni\u00f3 soros eln\u00f6ks\u00e9g\u00e9t ell\u00e1t\u00f3 Olaszorsz\u00e1g korm\u00e1nyf\u0151j\u00e9nek &#8211; k\u00f6z\u00f6lte p\u00e9nteken az Eur\u00f3pai Bizotts\u00e1g.<\/p>\n","protected":false},"author":1,"featured_media":0,"comment_status":"open","ping_status":"closed","sticky":false,"template":"","format":"standard","meta":[],"categories":[12],"tags":[],"_links":{"self":[{"href":"https:\/\/gazdasagportal.hu\/index.php\/wp-json\/wp\/v2\/posts\/43508"}],"collection":[{"href":"https:\/\/gazdasagportal.hu\/index.php\/wp-json\/wp\/v2\/posts"}],"about":[{"href":"https:\/\/gazdasagportal.hu\/index.php\/wp-json\/wp\/v2\/types\/post"}],"author":[{"embeddable":true,"href":"https:\/\/gazdasagportal.hu\/index.php\/wp-json\/wp\/v2\/users\/1"}],"replies":[{"embeddable":true,"href":"https:\/\/gazdasagportal.hu\/index.php\/wp-json\/wp\/v2\/comments?post=43508"}],"version-history":[{"count":1,"href":"https:\/\/gazdasagportal.hu\/index.php\/wp-json\/wp\/v2\/posts\/43508\/revisions"}],"predecessor-version":[{"id":43509,"href":"https:\/\/gazdasagportal.hu\/index.php\/wp-json\/wp\/v2\/posts\/43508\/revisions\/43509"}],"wp:attachment":[{"href":"https:\/\/gazdasagportal.hu\/index.php\/wp-json\/wp\/v2\/media?parent=43508"}],"wp:term":[{"taxonomy":"category","embeddable":true,"href":"https:\/\/gazdasagportal.hu\/index.php\/wp-json\/wp\/v2\/categories?post=43508"},{"taxonomy":"post_tag","embeddable":true,"href":"https:\/\/gazdasagportal.hu\/index.php\/wp-json\/wp\/v2\/tags?post=43508"}],"curies":[{"name":"wp","href":"https:\/\/api.w.org\/{rel}","templated":true}]}}