{"id":43502,"date":"2014-09-05T12:42:14","date_gmt":"2014-09-05T10:42:14","guid":{"rendered":"http:\/\/stockportal.hu\/?p=43502"},"modified":"2014-09-11T13:48:22","modified_gmt":"2014-09-11T11:48:22","slug":"technikai-elemzes-forex-tozsde-deviza-arany-olaj-2014-09-05","status":"publish","type":"post","link":"https:\/\/gazdasagportal.hu\/index.php\/technikai-elemzes-forex-tozsde-deviza-arany-olaj-2014-09-05\/","title":{"rendered":"Technikai elemz\u00e9s: Forex, t\u0151zsde, deviza, arany, olaj \u2013 2014.09.05"},"content":{"rendered":"<p><strong>Az Eur\u00f3pai K\u00f6zponti Bank meglep\u0151en \u00fagy d\u00f6nt\u00f6tt, hogy \u00f6sszes kamatl\u00e1b\u00e1t 10 b\u00e1zisponttal cs\u00f6kkenti, valamint bejelentette a korm\u00e1nyz\u00f3tan\u00e1cs azon d\u00f6nt\u00e9s\u00e9t, miszerint megkezdik a nem p\u00e9nz\u00fcgyi mag\u00e1nszektor befektet\u00e9si eszk\u00f6zeinek v\u00e1s\u00e1rl\u00e1s\u00e1t. A bejelentett k\u00e9t \u00faj programban szerepel az eszk\u00f6zfedezet\u0171 \u00e9rt\u00e9kpap\u00edrok (ABS) \u00e9s az eur\u00f3ra alap\u00fa, fedezettel ell\u00e1tott k\u00f6tv\u00e9nyek sz\u00e9les portf\u00f3li\u00f3j\u00e1nak v\u00e1s\u00e1rl\u00e1sa (ABS). <\/strong><!--more--><br \/>\n<div class=\"ads-in-post1\"><div id=\"gazdasagportal.hu_fullbanner_wideboard\"><\/div>\r\n<\/div>\n<p>&nbsp;<\/p>\n<p><b>Az Eur\u00f3pai K\u00f6zponti Bank<\/b>\u00a0meglep\u0151en \u00fagy d\u00f6nt\u00f6tt, hogy \u00f6sszes kamatl\u00e1b\u00e1t 10 b\u00e1zisponttal cs\u00f6kkenti, valamint bejelentette a korm\u00e1nyz\u00f3tan\u00e1cs azon d\u00f6nt\u00e9s\u00e9t, miszerint megkezdik a nem p\u00e9nz\u00fcgyi mag\u00e1nszektor befektet\u00e9si eszk\u00f6zeinek v\u00e1s\u00e1rl\u00e1s\u00e1t. A bejelentett k\u00e9t \u00faj programban szerepel az eszk\u00f6zfedezet\u0171 \u00e9rt\u00e9kpap\u00edrok (ABS) \u00e9s az eur\u00f3ra alap\u00fa, fedezettel ell\u00e1tott k\u00f6tv\u00e9nyek sz\u00e9les portf\u00f3li\u00f3j\u00e1nak v\u00e1s\u00e1rl\u00e1sa (ABS). A programok keret\u00e9ben t\u00f6rt\u00e9n\u0151 beavatkoz\u00e1sok a j\u00f6v\u0151 h\u00f3napban veszik kezdet\u00fcket, \u00e9s c\u00e9ljuk, hogy megakad\u00e1lyozz\u00e1k a stagn\u00e1l\u00e1st, valamint a kedvez\u0151tlen infl\u00e1ci\u00f3s kil\u00e1t\u00e1sokra t\u00f6rt\u00e9n\u0151 reag\u00e1l\u00e1s. A kamatl\u00e1bbal kapcsolatos d\u00f6nt\u00e9s ut\u00e1ni sajt\u00f3konferenci\u00e1n Draghi eln\u00f6k \u00edgy nyilatkozott: \u201eA mai kamatl\u00e1bcs\u00f6kkent\u00e9sek az utols\u00f3k\u201d. Az EKB ezenk\u00edv\u00fcl 0,1 sz\u00e1zal\u00e9kponttal cs\u00f6kkentette az idei \u00e9s a j\u00f6v\u0151 \u00e9vre vonatkoz\u00f3 n\u00f6veked\u00e9si el\u0151rejelz\u00e9seit. V\u00e1rakoz\u00e1sai szerint az \u00f6vezet n\u00f6veked\u00e9se id\u00e9n 0,9%, j\u00f6v\u0151re pedig 1,6%.<\/p>\n<p>Ezen int\u00e9zked\u00e9sekkel az EKB egy\u00e9rtelm\u0171en kimutatta a gazdas\u00e1gi helyzet miatti agg\u00e1ly\u00e1t. Az EKB adataib\u00f3l kider\u00fcl, hogy a j\u00faniusi hasonl\u00f3 kamatl\u00e1bcs\u00f6kkent\u00e9s jelent\u0151s hat\u00e1st gyakorolt a kis- \u00e9s k\u00f6z\u00e9pv\u00e1llalkoz\u00e1sok k\u00f6lcs\u00f6nz\u00e9si k\u00f6lts\u00e9geire: a kis- \u00e9s k\u00f6z\u00e9pv\u00e1llalkoz\u00e1sokra \u00e9rv\u00e9nyes kamatl\u00e1bak Olaszorsz\u00e1gban \u00e9s Franciaorsz\u00e1gban 15 b\u00e1zisponttal, N\u00e9metorsz\u00e1gban 25 b\u00e1zisponttal, Spanyolorsz\u00e1gban pedig jelent\u0151sen, 40 b\u00e1zisponttal cs\u00f6kkentek. Teh\u00e1t a tegnapi kamatl\u00e1bcs\u00f6kkent\u00e9s val\u00f3sz\u00edn\u0171leg az\u00e1ltal jelent t\u00e1mogat\u00e1st, hogy m\u00e9g ink\u00e1bb cs\u00f6kkenti a k\u00f6lcs\u00f6n\u00f6k kamatl\u00e1bait.<\/p><div id=\"gazda-1974423138\" class=\"gazda-tartalomban gazda-entity-placement\"><script async src=\"https:\/\/pagead2.googlesyndication.com\/pagead\/js\/adsbygoogle.js\"><\/script>\r\n<ins class=\"adsbygoogle\"\r\n     style=\"display:block\"\r\n     data-ad-format=\"fluid\"\r\n     data-ad-layout-key=\"-6t+ed+2i-1n-4w\"\r\n     data-ad-client=\"ca-pub-1959107119989764\"\r\n     data-ad-slot=\"4008251320\"><\/ins>\r\n<script>\r\n     (adsbygoogle = window.adsbygoogle || []).push({});\r\n<\/script><\/div>\n<p>&nbsp;<\/p>\n<ul>\n<li>Azonban agg\u00f3dunk amiatt, hogy tal\u00e1n \u201et\u00fal kev\u00e9s \u00e9s t\u00fal k\u00e9s\u0151\u201d. Mivel a kamatl\u00e1bak most \u00e9ppen csak a z\u00e9rus felett vannak, az EKB m\u00e1r csak a mennyis\u00e9gi k\u00f6nny\u00edt\u00e9shez folyamodhat k\u00f6vetkez\u0151 l\u00e9p\u00e9sk\u00e9nt, de az bonyolult az EU-ban, mivel hi\u00e1nyoznak az eg\u00e9sz Eur\u00f3p\u00e1ra kiterjed\u0151, szuver\u00e9n k\u00f6tv\u00e9nyek. A fedezettel ell\u00e1tott k\u00f6tv\u00e9nyek piac\u00e1nak a sz\u00e9les k\u00f6rben t\u00e1rgyalt, eszk\u00f6zfedezet\u0171 \u00e9rt\u00e9kpap\u00edrok (ABS) piac\u00e1hoz val\u00f3 hozz\u00e1ad\u00e1sa jelzi, hogy el\u00e9gg\u00e9 komolyan gondolj\u00e1k, de m\u00e9g hossz\u00fa \u00fat \u00e1ll el\u0151tt\u00fck. Az EKB m\u00e9rlege val\u00f3j\u00e1ban kb. 1 billi\u00f3 eur\u00f3val vagy 35%-kal cs\u00f6kkent a 2012. \u00e9v k\u00f6zep\u00e9nek cs\u00facsa \u00f3ta. Ez id\u0151 alatt a Fed m\u00e9rlege 1,5 billi\u00f3 USD-ral vagy 54%-kal, a Jap\u00e1n Nemzeti Bank\u00e9 pedig 129 billi\u00f3 JPY-nel vagy 90%-kal n\u0151tt. Az EKB m\u00e9rlege most a legkisebb a f\u0151bb k\u00f6zponti bankok k\u00f6z\u00f6tt a GDP sz\u00e1zal\u00e9k\u00e1t tekintve. Mivel az euroz\u00f3na ad\u00f3ss\u00e1gpiaca korl\u00e1tozott m\u00e9ret\u0171, neh\u00e9z &#8211; hacsaknem lehetetlen &#8211; lesz az EKB-nak l\u00e9p\u00e9st tartania ezen k\u00f6zponti bankok er\u0151fesz\u00edt\u00e9seivel.<\/li>\n<li>Draghi javaslata szerint az EKB t\u00e1rgyalt a szuver\u00e9n k\u00f6tv\u00e9nyv\u00e1s\u00e1rl\u00e1sokr\u00f3l, \u00e9s n\u00e9h\u00e1ny tan\u00e1cstag emellett tette le voks\u00e1t, de ez t\u00e9nyleg az utols\u00f3 er\u0151fesz\u00edt\u00e9s a velej\u00e1r\u00f3 jogi probl\u00e9m\u00e1k miatt. A legv\u00e9gs\u0151 id\u0151kre k\u00edv\u00e1nj\u00e1k tartogatni. Ezenk\u00edv\u00fcl egy\u00e9rtelm\u0171 jelei vannak annak, hogy az EKB Bizotts\u00e1ga k\u00f6zel\u00edt azon hat\u00e1rhoz, amelyet m\u00e9g hajland\u00f3 megtenni. Draghi elmondta, hogy a d\u00f6nt\u00e9s nem volt egy\u00f6ntet\u0171, de \u201em\u00e9g elment\u201d, ami arra utal, hogy jelent\u0151s sz\u00e1mban ellenezt\u00e9k. Ebben az esetben a szuver\u00e9n k\u00f6tv\u00e9nyv\u00e1s\u00e1rl\u00e1sok el\u0151tti akad\u00e1ly val\u00f3sz\u00edn\u0171leg nagy.<\/li>\n<li>A Forex piacra hat\u00f3 k\u00f6vetkezm\u00e9nyek nem egy\u00e9rtelm\u0171ek. Draghi szerint az eur\u00f3 val\u00f3sz\u00edn\u0171leg gyeng\u00fclni fog a doll\u00e1rhoz k\u00e9pest, mivel az euroz\u00f3na \u00e9s az USA monet\u00e1ris politik\u00e1ja elt\u00e9r\u0151. Ez a divergencia most m\u00e1r a napn\u00e1l is vil\u00e1gosabb. Az EKB \u00faj sz\u00e9ls\u0151s\u00e9ges int\u00e9zked\u00e9seket vezet be a politika laz\u00edt\u00e1s\u00e1ra, mik\u00f6zben az FOMC az els\u0151 kamatl\u00e1bemel\u00e9s id\u0151pontj\u00e1r\u00f3l t\u00e1rgyal. Egyet\u00e9rtek Draghival abban, hogy az EUR\/USD p\u00e1r val\u00f3sz\u00edn\u0171leg tov\u00e1bb cs\u00f6kken.<\/li>\n<li>A Bank of England azonban nem v\u00e1ltoztatott kamatl\u00e1bain, ahogyan arra sz\u00e9les k\u00f6rben sz\u00e1m\u00edtottak. Az \u00e9rtekezletr\u0151l k\u00e9sz\u00fclt jegyz\u0151k\u00f6nyv azonban \u00e9rdekes lehet, amikor szeptember 17-\u00e9n k\u00f6zz\u00e9teszik, k\u00fcl\u00f6n\u00f6sen azut\u00e1n, miut\u00e1n a m\u00falt havi \u00e9rtekezleten a Monet\u00e1ris Politikai Bizotts\u00e1g k\u00e9t tagja ellent\u00e9tes szavazatot adott le.<\/li>\n<li>A mai esem\u00e9nyek: A mai f\u0151 esem\u00e9ny az augusztusi USA-beli nem mez\u0151gazdas\u00e1gi munkaer\u0151-\u00e1llom\u00e1ny k\u00f6zz\u00e9t\u00e9tele. A piaci v\u00e1rakoz\u00e1sok szerint a foglalkoztat\u00e1s a 230 ezer f\u0151vel n\u0151tt (j\u00faliusi adat 209 ezer). Ha megfelel az el\u0151rejelz\u00e9snek, ez m\u00e1r a hetedik egym\u00e1st k\u00f6vet\u0151 \u00e9rt\u00e9k lesz a 200 ezres szint felett. A kedvez\u0151 nem mez\u0151gazdas\u00e1gi munkaer\u0151-\u00e1llom\u00e1ny \u00e9rt\u00e9ke \u00e9s a k\u00f6zel hat \u00e9vet tekintve legalacsonyabb szint\u0171 munkan\u00e9lk\u00fclis\u00e9gi r\u00e1t\u00e1ra (6,1%) val\u00f3 cs\u00f6kken\u00e9s v\u00e1rhat\u00f3an hozz\u00e1j\u00e1rul a k\u00f6zelm\u00faltbeli kedvez\u0151 USA-beli adatokhoz \u00e9s az USD tov\u00e1bb er\u0151s\u00f6dik. Az augusztusi \u00e1tlagos \u00f3rab\u00e9rek v\u00e1rhat\u00f3an \u00e9ves szinten 2,1%-ra gyorsulnak (a m\u00falt havi adat \u00e9ves szinten 2,0%). Figyelembe v\u00e9ve a fogyaszt\u00f3i \u00e1rindex augusztusi, \u00e9ves szinten 2,0%-os el\u0151rejelz\u00e9s\u00e9t, ez a re\u00e1lb\u00e9reket \u00e9ves szinten 0,1%-kal emeln\u00e9, ami a pozit\u00edv foglalkoztat\u00e1si adatok sz\u00e1m\u00e1t gyarap\u00edtja.<\/li>\n<li>Az eur\u00f3pai nap sor\u00e1n N\u00e9metorsz\u00e1g, Sv\u00e9dorsz\u00e1g \u00e9s Norv\u00e9gia teszi k\u00f6zz\u00e9 ipari termel\u00e9si adatait j\u00faliusra vonatkoz\u00f3an. N\u00e9metorsz\u00e1g \u00e9s Sv\u00e9dorsz\u00e1g adatai v\u00e1rhat\u00f3an kiss\u00e9 gyorsultak, mik\u00f6zben Norv\u00e9gia eset\u00e9ben nincs el\u0151rejelz\u00e9s. Az euroz\u00f3na v\u00e9gleges 2. negyed\u00e9ves GDP-j\u00e9t is publik\u00e1lj\u00e1k; az el\u0151rejelz\u00e9s szerint az \u00fctem negyed\u00e9ves szinten 0,0%-ra cs\u00f6kkent, ami v\u00e1ltozatlan az el\u0151zetes \u00e9rt\u00e9khez k\u00e9pest.<\/li>\n<li>Kanada augusztusi munkan\u00e9lk\u00fclis\u00e9gi r\u00e1t\u00e1ja v\u00e1rhat\u00f3an 7,0% marad, mik\u00f6zben a foglalkoztat\u00e1s nett\u00f3 v\u00e1ltoz\u00e1sa az el\u0151rejelz\u00e9s szerint 41,7 ezerr\u0151l 10,0 ezerre cs\u00f6kkent.<\/li>\n<li>A p\u00e9nteki napirend szerint egy szem\u00e9ly tart besz\u00e9det: a bostoni Fed eln\u00f6ke, Eric Rosengren a Bank\u00e1rok sz\u00f6vets\u00e9geinek \u00e9ves konferenci\u00e1j\u00e1n sz\u00f3lal fel.<\/li>\n<\/ul>\n<p>&nbsp;<\/p>\n<div>\n<h4>Az EUR\/USD p\u00e1r \u00f6sszeomlott, miut\u00e1n EKB cs\u00f6kkentette a kamatl\u00e1bakat<\/h4>\n<p>&nbsp;<\/p>\n<p>Az EUR\/USD p\u00e1r is cs\u00f6kkent cs\u00fct\u00f6rt\u00f6k\u00f6n, miut\u00e1n az EKB \u00fagy d\u00f6nt\u00f6tt, hogy \u00f6sszes kamatl\u00e1b\u00e1t 10 b\u00e1zisponttal cs\u00f6kkenti, valamint megkezdi a nem p\u00e9nz\u00fcgyi mag\u00e1nszektor befektet\u00e9si eszk\u00f6zeinek v\u00e1s\u00e1rl\u00e1s\u00e1t. A p\u00e1r lefel\u00e9 \u00e1tt\u00f6rte az 1,3100-as szintet \u00e9s a k\u00e9k cs\u00f6kken\u0151 tartom\u00e1ny als\u00f3 hat\u00e1r\u00e1t (amely \u00f6sszek\u00f6ti a napi grafikon maximum szintjeit \u00e9s minimum szintjeit) a kamatl\u00e1bbal kapcsolatos d\u00f6nt\u00e9skor, majd az eur\u00f3pai d\u00e9lut\u00e1n folyam\u00e1n lefel\u00e9 \u00e1tt\u00f6rte az 1,3000-es pszichol\u00f3giai \u00e9rt\u00e9ket. A cs\u00f6kken\u00e9s meg\u00e1llt az 1,2917-es (S1) szinten, valamelyest az 1,2900-as (S2) t\u00e1maszszint felett. B\u00e1r a medv\u00e9k vonakodhatnak att\u00f3l, hogy ezen szinteken piacra l\u00e9pjenek, a mai kedvez\u0151 nem mez\u0151gazdas\u00e1gi munkaer\u0151-\u00e1llom\u00e1ny val\u00f3sz\u00edn\u0171leg arra \u00f6szt\u00f6n\u00f6zheti \u0151ket, hogy az 1,2900-as (S2) szint al\u00e1 nyomj\u00e1k az \u00e1rfolyamot. Egy ilyen \u00e1tt\u00f6r\u00e9s val\u00f3sz\u00edn\u0171leg el\u0151k\u00e9sz\u00edti az utat a k\u00f6vetkez\u0151 kulcsfontoss\u00e1g\u00fa t\u00e1maszszinti tartom\u00e1ny fel\u00e9 (1,2760 &#8211; S3), amelyet a 2013. m\u00e1rciusi \u00e9s j\u00faliusi minimum szintek hat\u00e1roznak meg.<\/p>\n<p>\u2022 T\u00e1maszszint: 1,2917 (S1), 1,2900 (S2), 1,2760 (S3).<\/p>\n<p>\u2022 Ellen\u00e1ll\u00e1sszint: 1,3000 (R1), 1,3100 (R2), 1,3152 (R3).<\/p>\n<\/div>\n<div>\n<h4>Az USD\/JPY p\u00e1r el\u00e9rte az utolj\u00e1ra 2008. szeptemberben tapasztalt szinteket<\/h4>\n<p>&nbsp;<\/p>\n<p>Az USD\/JPY p\u00e1r visszapattant a 104,75-\u00f6s (S2) szintr\u0151l, majd jelent\u0151sen emelkedett, \u00e9s el\u00e9rte az utolj\u00e1ra 2008. szeptemberben tapasztalt szinteket. Az \u00e1rfolyam ellen\u00e1ll\u00e1sszintre tal\u00e1lt a 105,70-es (R1) szinten, ahol az egy\u00e9rtelm\u0171 \u00e1tt\u00f6r\u00e9s megc\u00e9lozhatja a 106,00-s (R2) szintet. Mindazon\u00e1ltal momentum mutat\u00f3sz\u00e1mainkat megfigyelve negat\u00edv divergencia l\u00e1that\u00f3 az \u00e1r mozg\u00e1sa, az RSI \u00e9s az MACD k\u00f6z\u00f6tt. Ennek eredm\u00e9nyek\u00e9ppen figyeln\u00e9k a lehets\u00e9ges korrekci\u00f3s mozg\u00e1sra, miel\u0151tt a bik\u00e1k ism\u00e9t \u00e1tvenn\u00e9k az ir\u00e1ny\u00edt\u00e1st. Kitekintve tov\u00e1bbra is \u00fajonnan keletkezett, hossz\u00fa t\u00e1v\u00fa n\u00f6vekv\u0151 trendet l\u00e1tok, mivel az \u00e1rfolyam strukt\u00far\u00e1ja tov\u00e1bbra is magasabb maximum szinteket \u00e9s magasabb minimum szinteket foglal mag\u00e1ban az 50-es \u00e9s a 200 napos mozg\u00f3\u00e1tlag felett.<\/p>\n<p>\u2022 T\u00e1maszszint: 105,30 (S1), 104,75 (S2), 104,26 (S3).<\/p>\n<p>\u2022 Ellen\u00e1ll\u00e1sszint: 105,70 (R1), 106,00 (R2), 107,00 (R3).<\/p>\n<\/div>\n<div>\n<h4>Az EUR\/GBP p\u00e1r cs\u00f6kkent az EKB kamatl\u00e1bcs\u00f6kkent\u00e9s\u00e9nek hat\u00e1s\u00e1ra<\/h4>\n<p>&nbsp;<\/p>\n<p>Az EUR\/GBP p\u00e1r is cs\u00f6kkent, miut\u00e1n az EKB \u00fagy d\u00f6nt\u00f6tt, hogy \u00f6sszes kamatl\u00e1b\u00e1t cs\u00f6kkenti. Az es\u00e9st k\u00f6vet\u0151en a p\u00e1r t\u00e1maszszintre tal\u00e1lt a 0,7900-as (S1) tartom\u00e1ny k\u00f6zel\u00e9ben, majd valamelyest emelkedett, \u00e9s el\u00e9rte a 0,7938-as (R1) szintet. Am\u00edg tov\u00e1bbra is fenn\u00e1ll az alacsonyabb maximum szint val\u00f3sz\u00edn\u0171s\u00e9ge, m\u00e9rs\u00e9kelten medve jelleg\u0171 k\u00e9pet l\u00e1tok. A 0,7900-es (S1) szint lefel\u00e9 val\u00f3 \u00e1tt\u00f6r\u00e9se medve jelleg\u0171 k\u00f6vetkezm\u00e9nyekkel j\u00e1rhat, \u00e9s megc\u00e9lozhatja a j\u00falius 23-i minimum szintet (0,7875 &#8211; S2). A napi grafikonon a f\u0151 cs\u00f6kken\u0151 trend m\u00e9g mindig \u00e9rv\u00e9nyes, amint azt a 2013. augusztus 1-jei maximum szintt\u0151l ered\u0151 cs\u00f6kken\u0151 trendvonal meghat\u00e1rozza. Mindazon\u00e1ltal v\u00e1rn\u00e9k addig, am\u00edg egy\u00e9rtelm\u0171en lefel\u00e9 \u00e1tt\u00f6ri a 0,7875-\u00f6s szintet (S2), miel\u0151tt ism\u00e9t magabiztos lenn\u00e9k ezen hossz\u00fa t\u00e1v\u00fa \u00fatvonalat illet\u0151en.<\/p>\n<p>\u2022 T\u00e1maszszint: 0,7900 (S1), 0,7875 (S2), 0,7815 (S3).<\/p>\n<p>\u2022 Ellen\u00e1ll\u00e1sszint: 0,7938 (R1), 0,7964 (R2), 0,7995 (R3).<\/p>\n<\/div>\n<div>\n<h4>Az arany ism\u00e9t lefel\u00e9 t\u00f6rt\u00e9n\u0151 \u00e1tt\u00f6r\u00e9st hajtott v\u00e9gre az 1260-as szint k\u00f6zel\u00e9ben<\/h4>\n<p>&nbsp;<\/p>\n<p>Az arany tegnap cs\u00f6kkent, miut\u00e1n ellen\u00e1ll\u00e1sszintre tal\u00e1lt a fekete hossz\u00fa t\u00e1v\u00fa n\u00f6vekv\u0151 t\u00e1maszszint k\u00f6zel\u00e9ben, amely a december 30-i minimum szintt\u0151l ered. Mindazon\u00e1ltal a f\u00e9m n\u00e9h\u00e1ny v\u00e9teli megb\u00edz\u00e1st kapott, valamelyest az 1260-as (S1) t\u00e1maszszint alatt. Figyelembe v\u00e9ve, hogy a f\u00e9m a lila cs\u00f6kken\u0151 tartom\u00e1nyon bel\u00fcl \u00e9s a kor\u00e1bban eml\u00edtett fekete hossz\u00fa t\u00e1v\u00fa t\u00e1maszszint alatt van, tov\u00e1bbra is negat\u00edv az \u00e1ltal\u00e1nos kil\u00e1t\u00e1s. Az 1260-as (S1) szint egy\u00e9rtelm\u0171, lefel\u00e9 val\u00f3 \u00e1tt\u00f6r\u00e9se hosszabb\u00edt\u00e1sokat ind\u00edthat a k\u00f6vetkez\u0151 t\u00e1maszszinti akad\u00e1ly fel\u00e9 (1250 &#8211; S2). Agg\u00e1lyom az, hogy a 4 \u00f3r\u00e1s grafikonon pozit\u00edv divergencia tapasztalhat\u00f3 az RSI \u00e9s az \u00e1r mozg\u00e1sa k\u00f6z\u00f6tt. A napi grafikonon azonban mindk\u00e9t momentum mutat\u00f3sz\u00e1m cs\u00f6kken\u0151 \u00fatvonalat k\u00f6vet, ami hozz\u00e1j\u00e1rul az arany negat\u00edv k\u00e9p\u00e9hez.<\/p>\n<p>\u2022 T\u00e1maszszint: 1260 (S1), 1250 (S2), 1240 (S3).<\/p>\n<p>\u2022 Ellen\u00e1ll\u00e1sszint: 1273 (R1), 1280 (R2), 1290 (R3).<\/p>\n<\/div>\n<div>\n<h4>A WTI ism\u00e9t ellen\u00e1ll\u00e1sszintre tal\u00e1lt a 96,00-s szint k\u00f6zel\u00e9ben<\/h4>\n<p>&nbsp;<\/p>\n<p>A WTI cs\u00f6kkent, miut\u00e1n ism\u00e9t ellen\u00e1ll\u00e1sszintre tal\u00e1lt a 96,00-s (R1) szint k\u00f6zel\u00e9ben. Am\u00edg azonban az \u00e1r ezen korl\u00e1t \u00e9s a 92,60-as (S1) t\u00e1maszszint k\u00f6z\u00f6tt van, a r\u00f6vid t\u00e1v\u00fa \u00fatvonalat oldalir\u00e1ny\u00fanak tartan\u00e1m, \u00e9s fenntartan\u00e1m semleges \u00e1ll\u00e1spontomat. Megism\u00e9tlem, hogy a n\u00f6vekv\u0151re v\u00e1ltoz\u00e1shoz a 96,70-es (R2) szint felfel\u00e9 val\u00f3 \u00e1tt\u00f6r\u00e9se sz\u00fcks\u00e9ges. Egy ilyen jelleg\u0171 mozg\u00e1s meger\u0151s\u00edten\u00e9 a k\u00f6vetkez\u0151 magasabb maximum szintet, \u00e9s val\u00f3sz\u00edn\u0171leg megc\u00e9lozza a 98,45-\u00f6s (R3) korl\u00e1tot. A napi grafikonra tekintve, b\u00e1r negat\u00edv, a napi MACD tov\u00e1bbra is emelkedik, ami fokozza a kor\u00e1bban eml\u00edtett felfel\u00e9 val\u00f3 \u00e1tt\u00f6r\u00e9s val\u00f3sz\u00edn\u0171s\u00e9g\u00e9t. A cs\u00f6kken\u00e9st tekintve csak a 92,60-as (S1) szint lefel\u00e9 t\u00f6rt\u00e9n\u0151 \u00e1tt\u00f6r\u00e9se jelezheti az el\u0151z\u0151 cs\u00f6kken\u0151 trend folytat\u00f3d\u00e1s\u00e1t.<\/p>\n<p>\u2022 T\u00e1maszszint: 92,60 (S1), 91,60 (S2), 90,00 (S3).<\/p>\n<p>\u2022 Ellen\u00e1ll\u00e1sszint: 96,00 (R1), 96,70 (R2), 98,45 (R3).<\/p>\n<\/div>\n","protected":false},"excerpt":{"rendered":"<p>Az Eur\u00f3pai K\u00f6zponti Bank meglep\u0151en \u00fagy d\u00f6nt\u00f6tt, hogy \u00f6sszes kamatl\u00e1b\u00e1t 10 b\u00e1zisponttal cs\u00f6kkenti, valamint bejelentette a korm\u00e1nyz\u00f3tan\u00e1cs azon d\u00f6nt\u00e9s\u00e9t, miszerint megkezdik a nem p\u00e9nz\u00fcgyi mag\u00e1nszektor befektet\u00e9si eszk\u00f6zeinek v\u00e1s\u00e1rl\u00e1s\u00e1t. A bejelentett k\u00e9t \u00faj programban szerepel az eszk\u00f6zfedezet\u0171 \u00e9rt\u00e9kpap\u00edrok (ABS) \u00e9s az eur\u00f3ra alap\u00fa, fedezettel ell\u00e1tott k\u00f6tv\u00e9nyek sz\u00e9les portf\u00f3li\u00f3j\u00e1nak v\u00e1s\u00e1rl\u00e1sa (ABS).<\/p>\n","protected":false},"author":1,"featured_media":39322,"comment_status":"open","ping_status":"closed","sticky":false,"template":"","format":"standard","meta":[],"categories":[146,10,8,131,122],"tags":[],"_links":{"self":[{"href":"https:\/\/gazdasagportal.hu\/index.php\/wp-json\/wp\/v2\/posts\/43502"}],"collection":[{"href":"https:\/\/gazdasagportal.hu\/index.php\/wp-json\/wp\/v2\/posts"}],"about":[{"href":"https:\/\/gazdasagportal.hu\/index.php\/wp-json\/wp\/v2\/types\/post"}],"author":[{"embeddable":true,"href":"https:\/\/gazdasagportal.hu\/index.php\/wp-json\/wp\/v2\/users\/1"}],"replies":[{"embeddable":true,"href":"https:\/\/gazdasagportal.hu\/index.php\/wp-json\/wp\/v2\/comments?post=43502"}],"version-history":[{"count":1,"href":"https:\/\/gazdasagportal.hu\/index.php\/wp-json\/wp\/v2\/posts\/43502\/revisions"}],"predecessor-version":[{"id":43503,"href":"https:\/\/gazdasagportal.hu\/index.php\/wp-json\/wp\/v2\/posts\/43502\/revisions\/43503"}],"wp:featuredmedia":[{"embeddable":true,"href":"https:\/\/gazdasagportal.hu\/index.php\/wp-json\/wp\/v2\/media\/39322"}],"wp:attachment":[{"href":"https:\/\/gazdasagportal.hu\/index.php\/wp-json\/wp\/v2\/media?parent=43502"}],"wp:term":[{"taxonomy":"category","embeddable":true,"href":"https:\/\/gazdasagportal.hu\/index.php\/wp-json\/wp\/v2\/categories?post=43502"},{"taxonomy":"post_tag","embeddable":true,"href":"https:\/\/gazdasagportal.hu\/index.php\/wp-json\/wp\/v2\/tags?post=43502"}],"curies":[{"name":"wp","href":"https:\/\/api.w.org\/{rel}","templated":true}]}}