{"id":43498,"date":"2014-09-05T12:05:35","date_gmt":"2014-09-05T10:05:35","guid":{"rendered":"http:\/\/stockportal.hu\/?p=43498"},"modified":"2014-09-05T12:05:35","modified_gmt":"2014-09-05T10:05:35","slug":"nyilt-levelben-fordul-obamahoz-a-cof-a-magyarorszagot-elmarasztalo-irasok-miatt","status":"publish","type":"post","link":"https:\/\/gazdasagportal.hu\/index.php\/nyilt-levelben-fordul-obamahoz-a-cof-a-magyarorszagot-elmarasztalo-irasok-miatt\/","title":{"rendered":"Ny\u00edlt lev\u00e9lben fordul Obam\u00e1hoz a C\u00d6F a Magyarorsz\u00e1got elmarasztal\u00f3 \u00edr\u00e1sok miatt"},"content":{"rendered":"<p><strong>Ny\u00edlt lev\u00e9lben fordul Barack Obama amerikai eln\u00f6kh\u00f6z a Civil \u00d6sszefog\u00e1s F\u00f3rum (C\u00d6F) a Magyarorsz\u00e1got elmarasztal\u00f3 \u00edr\u00e1sokkal kapcsolatosan.<\/strong><!--more--><br \/>\n<div class=\"ads-in-post1\"><div id=\"gazdasagportal.hu_fullbanner_wideboard\"><\/div>\r\n<\/div>\n<p>Csizmadia L\u00e1szl\u00f3, a C\u00d6F alap\u00edt\u00f3ja, a Civil \u00d6sszefog\u00e1s K\u00f6zalap\u00edtv\u00e1ny (C\u00d6KA) eln\u00f6ke p\u00e9nteki budapesti sajt\u00f3t\u00e1j\u00e9koztat\u00f3n ismertette a levelet, amelyben egyebek mellett azt \u00edrt\u00e1k: az\u00e9rt fordulnak Barack Obam\u00e1hoz, mert a C\u00d6F tagjai k\u00f6z\u00fcl is egyre t\u00f6bben fejezik ki aggodalmukat az amerikai korm\u00e1nyzat, illetve a k\u00f6zv\u00e9lem\u00e9ny Magyarorsz\u00e1ggal kapcsolatos megnyilv\u00e1nul\u00e1sai kapcs\u00e1n, pedig Magyarorsz\u00e1g mindig sz\u00f6vets\u00e9gesk\u00e9nt gondolt az Egyes\u00fclet \u00c1llamokra.<br \/>\n&#8222;V\u00e9lem\u00e9ny\u00fcnk szerint komolyan \u00e9s negat\u00edvan befoly\u00e1solja egym\u00e1s meg\u00e9rt\u00e9s\u00e9t azok a k\u00f6zvetlen\u00fcl, illetve a sajt\u00f3n kereszt\u00fcl megfogalmazott kritik\u00e1k \u00e9s t\u00e1mad\u00e1sok, amelyek t\u00f6bbnyire a magyarorsz\u00e1gi k\u00f6r\u00fclm\u00e9nyek meg nem-, vagy f\u00e9lre\u00e9rt\u00e9s\u00e9b\u0151l, illetve tudatos f\u00e9lremagyar\u00e1z\u00e1s\u00e1b\u00f3l fakadnak&#8221; &#8211; olvasta a levelet Csizmadia L\u00e1szl\u00f3.<br \/>\nA lev\u00e9l szerint k\u00fcl\u00f6n\u00f6sen aggaszt\u00f3nak tartj\u00e1k, amikor az amerikai diplom\u00e1cia nyilv\u00e1nosan megfogalmazott, a magyar belpolitik\u00e1t illet\u0151 kritik\u00e1i \u00fagy jelennek \u00e9s fogalmaz\u00f3dnak meg, hogy az a magyar belpolitika r\u00e9sz\u00e9v\u00e9 v\u00e1lik, annak befoly\u00e1sol\u00e1s\u00e1ra t\u00f6rekszik.<br \/>\n&#8222;B\u00edzunk benne, hogy az amerikai diplom\u00e1cia az egyenrang\u00fa \u00e9s befogad\u00f3 p\u00e1rbesz\u00e9dben kereszt\u00fcl k\u00e9pes lesz megv\u00e1ltoztatni hozz\u00e1\u00e1ll\u00e1s\u00e1t &#8211; melyre nagy sz\u00fcks\u00e9g lenne a jelenlegi, Ukrajn\u00e1ban zajl\u00f3 illetve a vil\u00e1got elborzaszt\u00f3 k\u00f6zel-keleti terrorcselekm\u00e9nyek f\u00e9ny\u00e9ben&#8221; &#8211; fogalmaztak.<br \/>\nA lev\u00e9lben a C\u00d6F biztos\u00edtja az amerikai eln\u00f6k\u00f6t arr\u00f3l, hogy a magyar nemzet \u00e9s a civil t\u00e1rsadalom egy tapodtat sem k\u00edv\u00e1n elt\u00e1volodni &#8222;nyugati sz\u00f6vets\u00e9geseit\u0151l, \u00e9s vel\u00fck egy\u00fctt \u00f6r\u00f6mmel \u00e9s \u00e1llhatatosan k\u00edv\u00e1n dolgozni a jog\u00e1llamis\u00e1g keretei k\u00f6z\u00f6tt megval\u00f3sul\u00f3 szabads\u00e1g \u00e9s demokr\u00e1cia \u00e9rt\u00e9kei\u00e9rt&#8221;.<br \/>\nA ny\u00edlt levelet \u00fagy z\u00e1rt\u00e1k: &#8222;meggy\u0151z\u0151d\u00e9s\u00fcnk, hogy orsz\u00e1gaink vezet\u0151inek szem\u00e9lyes tal\u00e1lkoz\u00e1sa lehetne a legmegfelel\u0151bb forma a k\u00f6lcs\u00f6n\u00f6s bizalom \u00e9s elk\u00f6telezetts\u00e9g meger\u0151s\u00edt\u00e9s\u00e9re&#8221;.<br \/>\nCsizmadia L\u00e1szl\u00f3 k\u00f6z\u00f6lte, a ny\u00edlt levelet a sajt\u00f3t\u00e1j\u00e9koztat\u00f3t k\u00f6vet\u0151en adj\u00e1k \u00e1t a budapesti amerikai nagyk\u00f6vets\u00e9gen Andr\u00e9 Goodfriend ideiglenes \u00fcgyviv\u0151nek.<br \/>\nFricz Tam\u00e1s C\u00d6F-alap\u00edt\u00f3 a lev\u00e9l meg\u00edr\u00e1s\u00e1nak motiv\u00e1ci\u00f3r\u00f3l elmondta: k\u00f6z\u00f6s, k\u00f6lcs\u00f6n\u00f6ses tiszteletben tartott alap\u00e9rt\u00e9kek &#8211; a szabads\u00e1g \u00e9s a nemzeti \u00f6n\u00e1ll\u00f3s\u00e1g ir\u00e1nti v\u00e1gy \u00e9s elk\u00f6telezetts\u00e9g &#8211; k\u00f6tik \u00f6ssze a k\u00e9t orsz\u00e1got, \u00e9s \u00e9ppen ez\u00e9rt meglep\u0151 fordulat, hogy az elm\u00falt id\u0151szakban az Egyes\u00fclt \u00c1llamok meghat\u00e1roz\u00f3 lapjai Magyarorsz\u00e1g elleni szankci\u00f3kra sz\u00f3l\u00edtj\u00e1k fel a saj\u00e1t orsz\u00e1gok \u00e9s az Eur\u00f3pai Uni\u00f3 politikai vezet\u00e9s\u00e9t.<br \/>\nFricz Tam\u00e1s szerint a magyarok t\u00f6bbs\u00e9ge \u00e9s a C\u00d6F tiltakozik a javaslatokkal \u00e9s a fell\u00e9p\u00e9sekkel szemben.<br \/>\nHozz\u00e1tette, arra k\u00e9rik a k\u00f6z\u00e9leti szem\u00e9lyis\u00e9geket, szerkeszt\u0151s\u00e9geket, hogy &#8222;fejezz\u00e9k be a szankci\u00f3kkal val\u00f3 fenyeget\u0151z\u00e9st&#8221;, \u00e9s vegy\u00e9k figyelembe a magyarorsz\u00e1gi civilek v\u00e9lem\u00e9ny\u00e9t, \u00e9s azokat is, amelyek nem a balliber\u00e1lis oldalr\u00f3l sz\u00e1rmaznak. Az, hogy a szabads\u00e1gjogok, \u00e9s a jog\u00e1llamis\u00e1g mennyiben, vagy egy\u00e1ltal\u00e1n s\u00e9r\u00fcl-e Magyarorsz\u00e1gon az Orb\u00e1n-korm\u00e1ny alatt, az lehet vita t\u00e1rgya, de nem lehet szankci\u00f3k k\u00e9rd\u00e9se &#8211; tette hozz\u00e1 Fricz Tam\u00e1s.<br \/>\nIfj. Lomnici Zolt\u00e1n C\u00d6F-sz\u00f3viv\u0151 arr\u00f3l besz\u00e9lt, hogy az eml\u00edtett l\u00e9p\u00e9sek ellens\u00e9ges \u00e9rz\u00fcletet gener\u00e1lnak, sokszor ny\u00edlt t\u00e1mad\u00e1st jelentenek a magyar alkotm\u00e1nyos berendezked\u00e9ssel szemben.(MTI)<\/p>\n","protected":false},"excerpt":{"rendered":"<p>Ny\u00edlt lev\u00e9lben fordul Barack Obama amerikai eln\u00f6kh\u00f6z a Civil \u00d6sszefog\u00e1s F\u00f3rum (C\u00d6F) a Magyarorsz\u00e1got elmarasztal\u00f3 \u00edr\u00e1sokkal kapcsolatosan.<\/p>\n","protected":false},"author":1,"featured_media":19906,"comment_status":"open","ping_status":"closed","sticky":false,"template":"","format":"standard","meta":[],"categories":[4,18],"tags":[],"_links":{"self":[{"href":"https:\/\/gazdasagportal.hu\/index.php\/wp-json\/wp\/v2\/posts\/43498"}],"collection":[{"href":"https:\/\/gazdasagportal.hu\/index.php\/wp-json\/wp\/v2\/posts"}],"about":[{"href":"https:\/\/gazdasagportal.hu\/index.php\/wp-json\/wp\/v2\/types\/post"}],"author":[{"embeddable":true,"href":"https:\/\/gazdasagportal.hu\/index.php\/wp-json\/wp\/v2\/users\/1"}],"replies":[{"embeddable":true,"href":"https:\/\/gazdasagportal.hu\/index.php\/wp-json\/wp\/v2\/comments?post=43498"}],"version-history":[{"count":1,"href":"https:\/\/gazdasagportal.hu\/index.php\/wp-json\/wp\/v2\/posts\/43498\/revisions"}],"predecessor-version":[{"id":43499,"href":"https:\/\/gazdasagportal.hu\/index.php\/wp-json\/wp\/v2\/posts\/43498\/revisions\/43499"}],"wp:featuredmedia":[{"embeddable":true,"href":"https:\/\/gazdasagportal.hu\/index.php\/wp-json\/wp\/v2\/media\/19906"}],"wp:attachment":[{"href":"https:\/\/gazdasagportal.hu\/index.php\/wp-json\/wp\/v2\/media?parent=43498"}],"wp:term":[{"taxonomy":"category","embeddable":true,"href":"https:\/\/gazdasagportal.hu\/index.php\/wp-json\/wp\/v2\/categories?post=43498"},{"taxonomy":"post_tag","embeddable":true,"href":"https:\/\/gazdasagportal.hu\/index.php\/wp-json\/wp\/v2\/tags?post=43498"}],"curies":[{"name":"wp","href":"https:\/\/api.w.org\/{rel}","templated":true}]}}