{"id":43427,"date":"2014-09-05T03:03:44","date_gmt":"2014-09-05T01:03:44","guid":{"rendered":"http:\/\/stockportal.hu\/?p=43427"},"modified":"2014-09-04T20:30:17","modified_gmt":"2014-09-04T18:30:17","slug":"a-jeruzsalem-vedelmezoi-oltek-meg-a-tizenegy-egyiptomi-rendort","status":"publish","type":"post","link":"https:\/\/gazdasagportal.hu\/index.php\/a-jeruzsalem-vedelmezoi-oltek-meg-a-tizenegy-egyiptomi-rendort\/","title":{"rendered":"A Jeruzs\u00e1lem v\u00e9delmez\u0151i \u00f6lt\u00e9k meg a tizenegy egyiptomi rend\u0151rt"},"content":{"rendered":"<p><strong>Az Ansz\u00e1r Beit al-Makdisz (Jeruzs\u00e1lem v\u00e9delmez\u0151i) terrorcsoport k\u00f6vette el kedden a tizenegy rend\u0151r hal\u00e1l\u00e1t okoz\u00f3 robbant\u00e1sos mer\u00e9nyletet, amelyr\u0151l a dzsihadista mil\u00edcia cs\u00fct\u00f6rt\u00f6kre virrad\u00f3 \u00e9jjel egy vide\u00f3t is k\u00f6zz\u00e9tett a vil\u00e1gh\u00e1l\u00f3n.<\/strong><!--more--><br \/>\n<div class=\"ads-in-post1\"><div id=\"gazdasagportal.hu_fullbanner_wideboard\"><\/div>\r\n<\/div>\n<p>A S\u00ednai-f\u00e9lsziget \u00e9szaki r\u00e9sz\u00e9n k\u00e9sz\u00fclt felv\u00e9telen l\u00e1tszik, amint a szerencs\u00e9tlen\u00fcl j\u00e1rtakat sz\u00e1ll\u00edt\u00f3 rend\u0151rs\u00e9gi furgont miszlikekre szaggatja a deton\u00e1ci\u00f3. A sivatagi \u00fat ment\u00e9n elhelyezett robban\u00f3szerkezet m\u0171k\u00f6d\u00e9sbe l\u00e9p\u00e9s\u00e9t &#8222;Allah a legnagyobb!&#8221; diadalord\u00edt\u00e1sok k\u00f6vett\u00e9k a kamera mell\u0151l.<br \/>\nBiztons\u00e1gi forr\u00e1sok m\u00e1r a vide\u00f3\u00fczenet nyilv\u00e1noss\u00e1gra ker\u00fcl\u00e9se el\u0151tt val\u00f3sz\u00edn\u0171s\u00edtett\u00e9k, hogy az Ansz\u00e1r Beit al-Makdisz \u00e1ll a terrort\u00e1mad\u00e1s m\u00f6g\u00f6tt. Az al-Maszri al-J\u00f3m cs\u00fct\u00f6rt\u00f6ki sz\u00e1m\u00e1ban arr\u00f3l sz\u00e1mol be, hogy helyi lakosok l\u00e1tt\u00e1k ugyan, amikor a tettesek elhelyezt\u00e9k a pokolg\u00e9pet, de nem mertek sz\u00f3lni a rendv\u00e9delmi er\u0151knek. A szemtan\u00fak att\u00f3l f\u00e9ltek, hogy \u0151k is \u00fagy j\u00e1rnak mint az a kilenc beduin, akiket a sz\u00e9ls\u0151s\u00e9gesek az elm\u00falt k\u00e9t h\u00e9t alatt k\u00e9mked\u00e9s v\u00e1dj\u00e1val lefejeztek.<br \/>\nEgy felv\u00e9tel, amely n\u00e9gy \u00e1ldozat borzalmas meggyilkol\u00e1s\u00e1t mutatja, ugyancsak az internetre ker\u00fclt. \u0150ket azzal r\u00e1galmazt\u00e1k, hogy az izraeli titkosszolg\u00e1latot l\u00e1tt\u00e1k el inform\u00e1ci\u00f3kkal. M\u00e1sok ellen az volt a v\u00e1d, hogy t\u00e1mogatt\u00e1k az egyiptomi korm\u00e1nyer\u0151k terrorellenes hadm\u0171velet\u00e9t, amely az elm\u00falt hetekben fokozott intenzit\u00e1ssal folyik a r\u00e9gi\u00f3ban.<br \/>\nIsmeretlen \u00e1larcosok kedden r\u00f6piratokat osztogattak a G\u00e1zai \u00f6vezettel k\u00f6z\u00f6s hat\u00e1r menti k\u00f6rzetben \u00e9l\u0151 beduinoknak, amelyben arra figyelmeztett\u00e9k \u0151ket, hogy isten az Ansz\u00e1r Beit al-Makdisz harcosainak oldal\u00e1n \u00e1ll, \u00e9s az \u0151 seg\u00edts\u00e9g\u00e9vel mindenkir\u0151l tudnak, aki a &#8222;zsid\u00f3 k\u00e9mekkel&#8221; egy\u00fcttm\u0171k\u00f6dik. Az irom\u00e1ny szerint aki megb\u00e1nja tett\u00e9t, jelentkezik az iszlamist\u00e1kn\u00e1l, \u00e9s vallom\u00e1st tesz, az &#8222;kegyelmet \u00e9s b\u0171nbocs\u00e1natot \u00e9rdemel&#8221; &#8211; \u00edrta honlapj\u00e1n az al-J\u00f3m asz-Sz\u00e1be napilap.<br \/>\nSzerd\u00e1n ismeretlenek agyonl\u0151ttek egy rend\u0151r\u0151rmestert a f\u00e9lsziget \u00e9szaki r\u00e9sz\u00e9n tal\u00e1lhat\u00f3 el-Ar\u00eds v\u00e1ros\u00e1ban a h\u00e1za el\u0151tt. R\u00f6viddel k\u00e9s\u0151bb biztons\u00e1gi forr\u00e1sok jelentett\u00e9k, hogy a rendv\u00e9delmi er\u0151k v\u00e9geztek kilenc sz\u00e9ls\u0151s\u00e9gessel. Az illet\u00e9kesek hangs\u00falyozt\u00e1k, mindent megtesznek annak \u00e9rdek\u00e9ben, hogy civilek ne s\u00e9r\u00fcljenek a katonai akci\u00f3k sor\u00e1n.(MTI)<\/p>\n","protected":false},"excerpt":{"rendered":"<p>Az Ansz\u00e1r Beit al-Makdisz (Jeruzs\u00e1lem v\u00e9delmez\u0151i) terrorcsoport k\u00f6vette el kedden a tizenegy rend\u0151r hal\u00e1l\u00e1t okoz\u00f3 robbant\u00e1sos mer\u00e9nyletet, amelyr\u0151l a dzsihadista mil\u00edcia cs\u00fct\u00f6rt\u00f6kre virrad\u00f3 \u00e9jjel egy vide\u00f3t is k\u00f6zz\u00e9tett a vil\u00e1gh\u00e1l\u00f3n.<\/p>\n","protected":false},"author":1,"featured_media":0,"comment_status":"open","ping_status":"closed","sticky":false,"template":"","format":"standard","meta":[],"categories":[17],"tags":[],"_links":{"self":[{"href":"https:\/\/gazdasagportal.hu\/index.php\/wp-json\/wp\/v2\/posts\/43427"}],"collection":[{"href":"https:\/\/gazdasagportal.hu\/index.php\/wp-json\/wp\/v2\/posts"}],"about":[{"href":"https:\/\/gazdasagportal.hu\/index.php\/wp-json\/wp\/v2\/types\/post"}],"author":[{"embeddable":true,"href":"https:\/\/gazdasagportal.hu\/index.php\/wp-json\/wp\/v2\/users\/1"}],"replies":[{"embeddable":true,"href":"https:\/\/gazdasagportal.hu\/index.php\/wp-json\/wp\/v2\/comments?post=43427"}],"version-history":[{"count":2,"href":"https:\/\/gazdasagportal.hu\/index.php\/wp-json\/wp\/v2\/posts\/43427\/revisions"}],"predecessor-version":[{"id":43444,"href":"https:\/\/gazdasagportal.hu\/index.php\/wp-json\/wp\/v2\/posts\/43427\/revisions\/43444"}],"wp:attachment":[{"href":"https:\/\/gazdasagportal.hu\/index.php\/wp-json\/wp\/v2\/media?parent=43427"}],"wp:term":[{"taxonomy":"category","embeddable":true,"href":"https:\/\/gazdasagportal.hu\/index.php\/wp-json\/wp\/v2\/categories?post=43427"},{"taxonomy":"post_tag","embeddable":true,"href":"https:\/\/gazdasagportal.hu\/index.php\/wp-json\/wp\/v2\/tags?post=43427"}],"curies":[{"name":"wp","href":"https:\/\/api.w.org\/{rel}","templated":true}]}}