{"id":43421,"date":"2014-09-05T03:34:23","date_gmt":"2014-09-05T01:34:23","guid":{"rendered":"http:\/\/stockportal.hu\/?p=43421"},"modified":"2014-09-04T21:23:47","modified_gmt":"2014-09-04T19:23:47","slug":"devizahitelek-rogan-legkesobb-februarban-lezajlik-a-bankok-elszamoltatasa","status":"publish","type":"post","link":"https:\/\/gazdasagportal.hu\/index.php\/devizahitelek-rogan-legkesobb-februarban-lezajlik-a-bankok-elszamoltatasa\/","title":{"rendered":"Devizahitelek &#8211; Rog\u00e1n: legk\u00e9s\u0151bb febru\u00e1rban lezajlik a bankok elsz\u00e1moltat\u00e1sa"},"content":{"rendered":"<p><strong>Rog\u00e1n Antal arra sz\u00e1m\u00edt, hogy legk\u00e9s\u0151bb febru\u00e1rban lezajlik a bankok elsz\u00e1moltat\u00e1sa az egyoldal\u00fa szerz\u0151d\u00e9sm\u00f3dos\u00edt\u00e1sok \u00fcgy\u00e9ben, ezeket az MNB szigor\u00faan ellen\u0151rzi majd. A Fidesz frakci\u00f3vezet\u0151je az Echo Tv szerdai m\u0171sor\u00e1ban azt is elmondta, hogy az elsz\u00e1mol\u00e1s az aut\u00f3hitelekre, forintban felvett hitelekre is vonatkozik, \u00e9s a frakci\u00f3 v\u00e1rhat\u00f3an azt t\u00e1mogatja, hogy a visszaj\u00e1r\u00f3 \u00f6sszeggel a tartoz\u00e1sokat cs\u00f6kkents\u00e9k.<\/strong><!--more--><br \/>\n<div class=\"ads-in-post1\"><div id=\"gazdasagportal.hu_fullbanner_wideboard\"><\/div>\r\n<\/div>\n<p>    Rog\u00e1n Antal a Napi aktu\u00e1lis c\u00edm\u0171 m\u0171sorban \u00fagy v\u00e9lte, hogy az \u00f6sszes, az egyoldal\u00fa szerz\u0151d\u00e9sm\u00f3dos\u00edt\u00e1sok tisztess\u00e9gess\u00e9g\u00e9re vonatkoz\u00f3 pert az \u00e1llamot k\u00e9pvisel\u0151 \u00fcgyv\u00e9dek nyerik meg, \u00e9s megjegyezte, azokban a perekben, amelyekn\u00e9l a bankok r\u00e9szlegesen nyertek, az \u00e1llam \u00fcgyv\u00e9dei fellebbezni fognak.<br \/>\n    Annak, hogy a hitelint\u00e9zetek nemzetk\u00f6zi jogi f\u00f3rumokhoz forduljanak, Rog\u00e1n Antal szerint nincs \u00e9rtelme, mert a K\u00faria el\u0151zetesen kik\u00e9rte az Eur\u00f3pai Uni\u00f3 B\u00edr\u00f3s\u00e1g\u00e1nak v\u00e9lem\u00e9ny\u00e9t.<br \/>\n    Az elsz\u00e1mol\u00e1s menet\u00e9r\u0151l a korm\u00e1ny javaslat\u00e1t k\u00f6vet\u0151en a frakci\u00f3 d\u00f6nt szeptemberben. Lesz egy kihelyezett frakci\u00f3\u00fcl\u00e9s j\u00f6v\u0151 h\u00e9ten Tapolc\u00e1n, ott d\u00f6ntenek a korm\u00e1ny \u00e1ltal beny\u00fajtand\u00f3 t\u00f6rv\u00e9nyjavaslatr\u00f3l, ami azut\u00e1n ker\u00fcl a parlament el\u00e9. Ekkor kap felhatalmaz\u00e1st az MNB-n bel\u00fcl m\u0171k\u00f6d\u0151 p\u00e9nz\u00fcgyi fel\u00fcgyelet is az elsz\u00e1mol\u00e1sok ellen\u0151rz\u00e9s\u00e9re. Az a bank, amely nem megfelel\u0151en sz\u00e1mol el \u00fcgyfeleivel, nagyon komoly b\u00fcntet\u00e9sre sz\u00e1m\u00edthat &#8211; mondta Rog\u00e1n Antal. &#8222;Nem fogja neki meg\u00e9rni&#8221; &#8211; jegyezte meg.<br \/>\n    Megism\u00e9telte: egy \u00e1tlagos devizahiteln\u00e9l t\u00f6bb mint 800 ezer forint j\u00e1r vissza az egyoldal\u00fa szerz\u0151d\u00e9sm\u00f3dos\u00edt\u00e1sok kapcs\u00e1n, \u00e9s val\u00f3sz\u00edn\u0171nek tartotta, hogy a frakci\u00f3 azt javasolja: az \u00f6sszeget a t\u0151ketartoz\u00e1sban \u00edrj\u00e1k j\u00f3v\u00e1. Megjegyezte, hogy ut\u00e1na azt is rendezni kell, hogy milyen banki hitel marad ott az \u00fcgyf\u00e9ln\u00e9l, teh\u00e1t annak p\u00e9ld\u00e1ul milyen a kamata. V\u00e9lem\u00e9nye szerint az eredeti kamatszinthez kell visszat\u00e9rni, a cs\u00f6kkentett kamat- \u00e9s t\u0151ketartoz\u00e1s pedig a negyed\u00e9vel is cs\u00f6kkentheti a t\u00f6rleszt\u0151r\u00e9szletet &#8211; ism\u00e9telte meg kor\u00e1bbi p\u00e9ld\u00e1j\u00e1t.<br \/>\n    Ez minden hitelre vonatkozik: a mag\u00e1nszem\u00e9ly \u00e1ltal felvett fogyaszt\u00e1si hitelre, szabad felhaszn\u00e1l\u00e1s\u00fa hitelre, lak\u00e1sra felvett jelz\u00e1loghitelre, aut\u00f3hitelre, b\u00e1rmi m\u00e1sra, \u00e9s lehet deviza- vagy forintalap\u00fa. &#8222;Mindegyik szerz\u0151d\u00e9ssel \u00e9s azon bel\u00fcl minden egyes forinttal el kell sz\u00e1molni&#8221; &#8211; mondta.<br \/>\n    A forintos\u00edt\u00e1sr\u00f3l szavai szerint akkor kell d\u00f6nteni, amikor lez\u00e1rul a bankok elsz\u00e1moltat\u00e1sa, v\u00e1rhat\u00f3an a k\u00f6vetkez\u0151 \u00e9v elej\u00e9n.(MTI)<\/p>\n","protected":false},"excerpt":{"rendered":"<p>Rog\u00e1n Antal arra sz\u00e1m\u00edt, hogy legk\u00e9s\u0151bb febru\u00e1rban lezajlik a bankok elsz\u00e1moltat\u00e1sa az egyoldal\u00fa szerz\u0151d\u00e9sm\u00f3dos\u00edt\u00e1sok \u00fcgy\u00e9ben, ezeket az MNB szigor\u00faan ellen\u0151rzi majd. A Fidesz frakci\u00f3vezet\u0151je az Echo Tv szerdai m\u0171sor\u00e1ban azt is elmondta, hogy az elsz\u00e1mol\u00e1s az aut\u00f3hitelekre, forintban felvett hitelekre is vonatkozik, \u00e9s a frakci\u00f3 v\u00e1rhat\u00f3an azt t\u00e1mogatja, hogy a visszaj\u00e1r\u00f3 \u00f6sszeggel a tartoz\u00e1sokat cs\u00f6kkents\u00e9k.<\/p>\n","protected":false},"author":1,"featured_media":0,"comment_status":"open","ping_status":"closed","sticky":false,"template":"","format":"standard","meta":[],"categories":[19],"tags":[],"_links":{"self":[{"href":"https:\/\/gazdasagportal.hu\/index.php\/wp-json\/wp\/v2\/posts\/43421"}],"collection":[{"href":"https:\/\/gazdasagportal.hu\/index.php\/wp-json\/wp\/v2\/posts"}],"about":[{"href":"https:\/\/gazdasagportal.hu\/index.php\/wp-json\/wp\/v2\/types\/post"}],"author":[{"embeddable":true,"href":"https:\/\/gazdasagportal.hu\/index.php\/wp-json\/wp\/v2\/users\/1"}],"replies":[{"embeddable":true,"href":"https:\/\/gazdasagportal.hu\/index.php\/wp-json\/wp\/v2\/comments?post=43421"}],"version-history":[{"count":2,"href":"https:\/\/gazdasagportal.hu\/index.php\/wp-json\/wp\/v2\/posts\/43421\/revisions"}],"predecessor-version":[{"id":43451,"href":"https:\/\/gazdasagportal.hu\/index.php\/wp-json\/wp\/v2\/posts\/43421\/revisions\/43451"}],"wp:attachment":[{"href":"https:\/\/gazdasagportal.hu\/index.php\/wp-json\/wp\/v2\/media?parent=43421"}],"wp:term":[{"taxonomy":"category","embeddable":true,"href":"https:\/\/gazdasagportal.hu\/index.php\/wp-json\/wp\/v2\/categories?post=43421"},{"taxonomy":"post_tag","embeddable":true,"href":"https:\/\/gazdasagportal.hu\/index.php\/wp-json\/wp\/v2\/tags?post=43421"}],"curies":[{"name":"wp","href":"https:\/\/api.w.org\/{rel}","templated":true}]}}