{"id":43409,"date":"2014-09-04T18:13:34","date_gmt":"2014-09-04T16:13:34","guid":{"rendered":"http:\/\/stockportal.hu\/?p=43409"},"modified":"2014-09-04T18:13:34","modified_gmt":"2014-09-04T16:13:34","slug":"nato-csucs-gruzia-es-montenegro-tovabb-kozeledhet-az-atlanti-szovetseghez","status":"publish","type":"post","link":"https:\/\/gazdasagportal.hu\/index.php\/nato-csucs-gruzia-es-montenegro-tovabb-kozeledhet-az-atlanti-szovetseghez\/","title":{"rendered":"NATO-cs\u00facs &#8211; Gr\u00fazia \u00e9s Montenegr\u00f3 tov\u00e1bb k\u00f6zeledhet az atlanti sz\u00f6vets\u00e9ghez"},"content":{"rendered":"<p><strong>Gr\u00fazia \u00e9s Montenegr\u00f3 sz\u00e1m\u00e1ra lehets\u00e9gess\u00e9 v\u00e1lik a tov\u00e1bbi k\u00f6zeled\u00e9s a NATO-hoz &#8211; k\u00f6z\u00f6lte cs\u00fct\u00f6rt\u00f6k\u00f6n az \u00e9szak-atlanti sz\u00f6vets\u00e9g cs\u00facstal\u00e1lkoz\u00f3j\u00e1n a d\u00e9l-walesi Newportban Anders Fogh Rasmussen, a szervezet f\u0151titk\u00e1ra.<\/strong><!--more--><br \/>\n<div class=\"ads-in-post1\"><div id=\"gazdasagportal.hu_fullbanner_wideboard\"><\/div>\r\n<\/div>\n<p>    A cs\u00facsvezet\u0151k \u00e9rtekezlet\u00e9vel p\u00e1rhuzamosan a tag\u00e1llamok k\u00e9pvisel\u0151i &#8211; diplom\u00e1ciai k\u00f6zl\u00e9sek szerint miniszteri szinten &#8211; eszmecser\u00e9t folytattak a NATO-tags\u00e1gra p\u00e1ly\u00e1z\u00f3 orsz\u00e1gok k\u00e9pvisel\u0151ivel. Ezek k\u00f6z\u00fcl kett\u0151, Gr\u00fazia \u00e9s Montenegr\u00f3 eset\u00e9ben l\u00e1tszik lehet\u0151s\u00e9g az el\u0151rel\u00e9p\u00e9sre. Maced\u00f3ni\u00e1val az a gond, hogy mindm\u00e1ig megoldatlan az orsz\u00e1g elnevez\u00e9s\u00e9r\u0151l folytatott vit\u00e1ja a tags\u00e1ghoz vezet\u0151 utat v\u00e9t\u00f3jog\u00e1val elz\u00e1r\u00f3, szomsz\u00e9dos G\u00f6r\u00f6gorsz\u00e1ggal. Bosznia-Hercegovina NATO-k\u00f6zeled\u00e9s\u00e9t az akad\u00e1lyozza, hogy a nyugat-balk\u00e1ni orsz\u00e1g eddig nem mutatott meggy\u0151z\u0151 teljes\u00edtm\u00e9nyt a sz\u00fcks\u00e9ges reformok ter\u00e9n.<br \/>\n    Gr\u00fazia sz\u00e1m\u00e1ra olyan int\u00e9zked\u00e9scsomagot dolgoztak ki, \u00e9s fogadnak el a cs\u00facstal\u00e1lkoz\u00f3n &#8211; k\u00f6z\u00f6lte Rasmussen -, amely egyfel\u0151l NATO kik\u00e9pz\u0151 k\u00f6zpont l\u00e9tes\u00edt\u00e9s\u00e9t ir\u00e1nyozza el\u0151 a kauk\u00e1zusi orsz\u00e1gban, m\u00e1sfel\u0151l pedig azt tartalmazza, hogy a j\u00f6v\u0151ben t\u00f6bb \u00e9s intenz\u00edvebb k\u00f6z\u00f6s hadgyakorlatot fog rendezni a NATO \u00e9s Gr\u00fazia.<br \/>\n    Montenegr\u00f3 eset\u00e9ben arr\u00f3l sz\u00fcletik d\u00f6nt\u00e9s, hogy megkezd\u0151dhetnek a t\u00e1rgyal\u00e1sok a NATO-val az orsz\u00e1g v\u00e9delmi szektor\u00e1nak reformj\u00e1r\u00f3l. A mostani tervek szerint 2015 v\u00e9g\u00e9n d\u00f6nten\u00e9nek a NATO-orsz\u00e1gok k\u00fcl\u00fcgyminiszterei arr\u00f3l, hogy el\u00e9g \u00e9rett\u00e9 v\u00e1lt-e Montenegr\u00f3 a szervezetbe val\u00f3 megh\u00edv\u00e1sra.(MTI)<\/p>\n","protected":false},"excerpt":{"rendered":"<p>Gr\u00fazia \u00e9s Montenegr\u00f3 sz\u00e1m\u00e1ra lehets\u00e9gess\u00e9 v\u00e1lik a tov\u00e1bbi k\u00f6zeled\u00e9s a NATO-hoz &#8211; k\u00f6z\u00f6lte cs\u00fct\u00f6rt\u00f6k\u00f6n az \u00e9szak-atlanti sz\u00f6vets\u00e9g cs\u00facstal\u00e1lkoz\u00f3j\u00e1n a d\u00e9l-walesi Newportban Anders Fogh Rasmussen, a szervezet f\u0151titk\u00e1ra.<\/p>\n","protected":false},"author":1,"featured_media":0,"comment_status":"open","ping_status":"closed","sticky":false,"template":"","format":"standard","meta":[],"categories":[12],"tags":[],"_links":{"self":[{"href":"https:\/\/gazdasagportal.hu\/index.php\/wp-json\/wp\/v2\/posts\/43409"}],"collection":[{"href":"https:\/\/gazdasagportal.hu\/index.php\/wp-json\/wp\/v2\/posts"}],"about":[{"href":"https:\/\/gazdasagportal.hu\/index.php\/wp-json\/wp\/v2\/types\/post"}],"author":[{"embeddable":true,"href":"https:\/\/gazdasagportal.hu\/index.php\/wp-json\/wp\/v2\/users\/1"}],"replies":[{"embeddable":true,"href":"https:\/\/gazdasagportal.hu\/index.php\/wp-json\/wp\/v2\/comments?post=43409"}],"version-history":[{"count":1,"href":"https:\/\/gazdasagportal.hu\/index.php\/wp-json\/wp\/v2\/posts\/43409\/revisions"}],"predecessor-version":[{"id":43410,"href":"https:\/\/gazdasagportal.hu\/index.php\/wp-json\/wp\/v2\/posts\/43409\/revisions\/43410"}],"wp:attachment":[{"href":"https:\/\/gazdasagportal.hu\/index.php\/wp-json\/wp\/v2\/media?parent=43409"}],"wp:term":[{"taxonomy":"category","embeddable":true,"href":"https:\/\/gazdasagportal.hu\/index.php\/wp-json\/wp\/v2\/categories?post=43409"},{"taxonomy":"post_tag","embeddable":true,"href":"https:\/\/gazdasagportal.hu\/index.php\/wp-json\/wp\/v2\/tags?post=43409"}],"curies":[{"name":"wp","href":"https:\/\/api.w.org\/{rel}","templated":true}]}}