{"id":43404,"date":"2014-09-04T17:24:23","date_gmt":"2014-09-04T15:24:23","guid":{"rendered":"http:\/\/stockportal.hu\/?p=43404"},"modified":"2014-09-04T17:31:29","modified_gmt":"2014-09-04T15:31:29","slug":"devizahitelek-ujabb-penzintezet-volt-sikeres-az-allam-ellen","status":"publish","type":"post","link":"https:\/\/gazdasagportal.hu\/index.php\/devizahitelek-ujabb-penzintezet-volt-sikeres-az-allam-ellen\/","title":{"rendered":"Devizahitelek &#8211; \u00dajabb p\u00e9nzint\u00e9zet volt sikeres az \u00e1llam ellen"},"content":{"rendered":"<p><strong>R\u00e9szlegesen megnyerte a magyar \u00e1llam ellen ind\u00edtott devizahiteles pert az UCB Ingatlanhitel Zrt., a F\u0151v\u00e1rosi T\u00f6rv\u00e9nysz\u00e9k cs\u00fct\u00f6rt\u00f6k\u00f6n kihirdetett els\u0151fok\u00fa, nem joger\u0151s \u00edt\u00e9lete szerint egyes id\u0151szakokban megfeleltek a tisztess\u00e9gess\u00e9g krit\u00e9riumainak \u00e9s \u00edgy tisztess\u00e9gesek, \u00e9rv\u00e9nyesek voltak a p\u00e9nz\u00fcgyi v\u00e1llalkoz\u00e1s \u00e1ltal r\u00f6gz\u00edtett \u00e1ltal\u00e1nos szerz\u0151d\u00e9si felt\u00e9telek (\u00e1szf).<\/strong><!--more--><br \/>\n<div class=\"ads-in-post1\"><div id=\"gazdasagportal.hu_fullbanner_wideboard\"><\/div>\r\n<\/div>\n<p>    A b\u00edr\u00f3s\u00e1g \u00edt\u00e9lete szerint tisztess\u00e9gesek voltak a p\u00e9nz\u00fcgyi v\u00e1llalkoz\u00e1s \u00e1ltal megfogalmazott \u00e9s \u00e9rv\u00e9nyes \u00e1ltal\u00e1nos szerz\u0151d\u00e9si felt\u00e9telek 2010. janu\u00e1r 1-j\u00e9t\u0151l, amikort\u00f3l a hat\u00e1lyos \u00e1szf tartalmazta, hogy az UCB az \u00fcgyf\u00e9l \u00e1ltal fizetend\u0151 d\u00edj- \u00e9s k\u00f6lts\u00e9gt\u00e9telek m\u00e9rt\u00e9k\u00e9t jogosult \u00e9vente egyszer a KSH \u00e1ltal k\u00f6zz\u00e9tett \u00e9ves \u00e1tlagos infl\u00e1ci\u00f3 m\u00e9rt\u00e9k\u00e9ben egyoldal\u00faan, az \u00fcgyf\u00e9l sz\u00e1m\u00e1ra kedvez\u0151tlen\u00fcl m\u00f3dos\u00edtani a KSH k\u00f6zz\u00e9t\u00e9tel\u00e9t k\u00f6vet\u0151en. Az UCB megtehette ezt f\u00fcggetlen\u00fcl att\u00f3l, hogy a k\u00f6lcs\u00f6nszerz\u0151d\u00e9st mely napon \u00edrt\u00e1k al\u00e1, \u00e9s f\u00fcggetlen\u00fcl a kamatperi\u00f3dus fordul\u00f3napj\u00e1t\u00f3l.<br \/>\n    A b\u00edr\u00f3s\u00e1g meg\u00e1llap\u00edtotta azt is, hogy k\u00e9s\u0151bb, 2010. november 5-t\u0151l m\u00e1r ezt megtoldott\u00e1k egy tov\u00e1bbi mondattal, amely kimondta: azon d\u00edjak, illetve k\u00f6lts\u00e9gek eset\u00e9n, amelyek olyan szolg\u00e1ltat\u00e1sokhoz kapcsol\u00f3dnak, mint p\u00e9ld\u00e1ul a f\u00f6ldhivatali elj\u00e1r\u00e1s, amelyet az UCB-n kereszt\u00fcl fizetnek meg a fogyaszt\u00f3k, de annak \u00e1r\u00e1t nem az UCB hat\u00e1rozza meg, a d\u00edjak, illetve k\u00f6lts\u00e9gek m\u00e9rt\u00e9k\u00e9nek v\u00e1ltoztat\u00e1s\u00e1ra vonatkoz\u00f3an az UCB a k\u00fcls\u0151 szolg\u00e1ltat\u00f3k \u00e1rv\u00e1ltoztat\u00e1s\u00e1t tov\u00e1bbh\u00e1r\u00edtja az \u00fcgyfeleire.<br \/>\n    A t\u00e1rgyal\u00e1son kider\u00fclt: az UCB Ingatlan Zrt. mintegy 5500 k\u00f6lcs\u00f6nszerz\u0151d\u00e9s\u00e9t \u00e9rinti a b\u00edr\u00f3s\u00e1gi elj\u00e1r\u00e1s.<br \/>\n    El\u0151z\u0151leg a b\u00edr\u00f3s\u00e1g v\u00e9gz\u00e9ssel elutas\u00edtotta a felperes UCB azon k\u00e9r\u00e9s\u00e9t, hogy forduljon a b\u00edr\u00f3s\u00e1g a perben az Alkotm\u00e1nyb\u00edr\u00f3s\u00e1ghoz, illetve el\u0151zetes d\u00f6nt\u00e9shozatali elj\u00e1r\u00e1st kezdem\u00e9nyezzen az Eur\u00f3pai Uni\u00f3 b\u00edr\u00f3s\u00e1g\u00e1n\u00e1l.<br \/>\n    A t\u00e1rgyal\u00e1s sor\u00e1n a felperes UCB \u00e9s az alperes \u00e1llam hosszasan vit\u00e1ztak arr\u00f3l, mennyire feleltek meg a p\u00e9nz\u00fcgyi v\u00e1llalkoz\u00e1s felmond\u00e1si felt\u00e9telei a K\u00faria jogegys\u00e9gi hat\u00e1rozat\u00e1ban, illetve a devitahiteles t\u00f6rv\u00e9nyben r\u00f6gz\u00edtett \u00e1ltal\u00e1nos elveknek.<br \/>\n    Az UCB jogi k\u00e9pvisel\u0151je szerint a v\u00e1llalkoz\u00e1s \u00e1szf-j\u00e9ben benne volt a szerz\u0151d\u00e9s felmond\u00e1s\u00e1nak lehet\u0151s\u00e9ge, az \u00e1llam jogi k\u00e9pvisel\u0151je szerint azonban a p\u00e9nz\u00fcgyi v\u00e1llalkoz\u00e1snak nemcsak a felmond\u00e1s lehet\u0151s\u00e9g\u00e9t, hanem annak re\u00e1lis alternat\u00edv\u00e1it is bele kellett volna foglalnia az \u00e1szf-be.<br \/>\n    Az \u00e1llam jogi k\u00e9pvisel\u0151je \u00fagy \u00e9rvelt: az egy\u00f6sszeg\u0171 visszafizet\u00e9s el\u0151\u00edr\u00e1sa mellett az esetleg fennmarad\u00f3 tartoz\u00e1s visszafizet\u00e9s\u00e9nek \u00fctemez\u00e9s\u00e9t is lehet\u0151v\u00e9 kellett volna tennie az UCB-nek, \u00edgy p\u00e9ld\u00e1ul a hitelkiv\u00e1lt\u00e1s lehet\u0151s\u00e9g\u00e9t is tartalmaznia kellett volta a felt\u00e9teleknek.<br \/>\n    Az UCB per\u00e9vel p\u00e1rhuzamosan zajlott a CIB L\u00edzing Zrt. \u00e1llam ellen ind\u00edtott pere: ebben az elj\u00e1r\u00e1sban a b\u00edr\u00f3s\u00e1g a hat\u00e1rozat kihirdet\u00e9s\u00e9t elhalasztotta szeptember 19-\u00e9re. Ebben a perben is a b\u00edr\u00f3s\u00e1g &#8211; ak\u00e1rcsak a megel\u0151z\u0151 devizahiteles perekben &#8211; v\u00e9gz\u00e9ssel elutas\u00edtotta, hogy a b\u00edr\u00f3s\u00e1g az Alkotm\u00e1nyb\u00edr\u00f3s\u00e1ghoz, illetve az Eur\u00f3pai B\u00edr\u00f3s\u00e1ghoz forduljon.(MTI)<\/p>\n","protected":false},"excerpt":{"rendered":"<p>R\u00e9szlegesen megnyerte a magyar \u00e1llam ellen ind\u00edtott devizahiteles pert az UCB Ingatlanhitel Zrt., a F\u0151v\u00e1rosi T\u00f6rv\u00e9nysz\u00e9k cs\u00fct\u00f6rt\u00f6k\u00f6n kihirdetett els\u0151fok\u00fa, nem joger\u0151s \u00edt\u00e9lete szerint egyes id\u0151szakokban megfeleltek a tisztess\u00e9gess\u00e9g krit\u00e9riumainak \u00e9s \u00edgy tisztess\u00e9gesek, \u00e9rv\u00e9nyesek voltak a p\u00e9nz\u00fcgyi v\u00e1llalkoz\u00e1s \u00e1ltal r\u00f6gz\u00edtett \u00e1ltal\u00e1nos szerz\u0151d\u00e9si felt\u00e9telek (\u00e1szf).<\/p>\n","protected":false},"author":1,"featured_media":0,"comment_status":"open","ping_status":"closed","sticky":false,"template":"","format":"standard","meta":[],"categories":[19,112],"tags":[],"_links":{"self":[{"href":"https:\/\/gazdasagportal.hu\/index.php\/wp-json\/wp\/v2\/posts\/43404"}],"collection":[{"href":"https:\/\/gazdasagportal.hu\/index.php\/wp-json\/wp\/v2\/posts"}],"about":[{"href":"https:\/\/gazdasagportal.hu\/index.php\/wp-json\/wp\/v2\/types\/post"}],"author":[{"embeddable":true,"href":"https:\/\/gazdasagportal.hu\/index.php\/wp-json\/wp\/v2\/users\/1"}],"replies":[{"embeddable":true,"href":"https:\/\/gazdasagportal.hu\/index.php\/wp-json\/wp\/v2\/comments?post=43404"}],"version-history":[{"count":1,"href":"https:\/\/gazdasagportal.hu\/index.php\/wp-json\/wp\/v2\/posts\/43404\/revisions"}],"predecessor-version":[{"id":43405,"href":"https:\/\/gazdasagportal.hu\/index.php\/wp-json\/wp\/v2\/posts\/43404\/revisions\/43405"}],"wp:attachment":[{"href":"https:\/\/gazdasagportal.hu\/index.php\/wp-json\/wp\/v2\/media?parent=43404"}],"wp:term":[{"taxonomy":"category","embeddable":true,"href":"https:\/\/gazdasagportal.hu\/index.php\/wp-json\/wp\/v2\/categories?post=43404"},{"taxonomy":"post_tag","embeddable":true,"href":"https:\/\/gazdasagportal.hu\/index.php\/wp-json\/wp\/v2\/tags?post=43404"}],"curies":[{"name":"wp","href":"https:\/\/api.w.org\/{rel}","templated":true}]}}