{"id":43401,"date":"2014-09-04T17:11:25","date_gmt":"2014-09-04T15:11:25","guid":{"rendered":"http:\/\/stockportal.hu\/?p=43401"},"modified":"2014-09-04T17:14:23","modified_gmt":"2014-09-04T15:14:23","slug":"devizahitelek-elhalasztotta-a-dontest-a-birosag-a-budapest-bank-ugyeben-is","status":"publish","type":"post","link":"https:\/\/gazdasagportal.hu\/index.php\/devizahitelek-elhalasztotta-a-dontest-a-birosag-a-budapest-bank-ugyeben-is\/","title":{"rendered":"Devizahitelek &#8211; Elhalasztotta a d\u00f6nt\u00e9st a b\u00edr\u00f3s\u00e1g a Budapest Bank \u00fcgy\u00e9ben is"},"content":{"rendered":"<p><strong>Szeptember 18-ra halasztotta a hat\u00e1rozat kihirdet\u00e9s\u00e9t a Budapest Bank (BB) Zrt. magyar \u00e1llam elleni devizahiteles per\u00e9ben a F\u0151v\u00e1rosi T\u00f6rv\u00e9nysz\u00e9k cs\u00fct\u00f6rt\u00f6k\u00f6n.<\/strong><!--more--><br \/>\n<div class=\"ads-in-post1\"><div id=\"gazdasagportal.hu_fullbanner_wideboard\"><\/div>\r\n<\/div>\n<p>    A felperes hitelint\u00e9zet kereset\u00e9ben a t\u00f6bbi p\u00e9nz\u00fcgyi int\u00e9zm\u00e9nyhez hasonl\u00f3an azt k\u00e9rte, a b\u00edr\u00f3s\u00e1g \u00e1llap\u00edtsa meg, hogy a k\u00e9relemben megjel\u00f6lt id\u0151szakban \u00e1ltal\u00e1nos szerz\u0151d\u00e9ses felt\u00e9telei (\u00e1szf) tisztess\u00e9gesek voltak, ez\u00e9rt \u00e9rv\u00e9nyesek.<br \/>\n    A BB emellett k\u00e9rte a b\u00edr\u00f3s\u00e1gi elj\u00e1r\u00e1s felf\u00fcggeszt\u00e9s\u00e9t, tov\u00e1bb\u00e1, hogy a t\u00f6rv\u00e9nysz\u00e9k forduljon az Alkotm\u00e1nyb\u00edr\u00f3s\u00e1ghoz (Ab) \u00e9s kezdem\u00e9nyezzen el\u0151zetes d\u00f6nt\u00e9shozatali elj\u00e1r\u00e1st az Eur\u00f3pai Uni\u00f3 b\u00edr\u00f3s\u00e1g\u00e1n\u00e1l, amit a t\u00f6rv\u00e9nysz\u00e9k elutas\u00edtott.<br \/>\n    Az alperes magyar \u00e1llam a felperes valamennyi ind\u00edtv\u00e1ny\u00e1nak elutas\u00edt\u00e1s\u00e1t k\u00e9rte.<br \/>\n    A BB jogi k\u00e9pvisel\u0151je a t\u00e1rgyal\u00e1son fenntartotta kereset\u00e9t, amiben t\u00f6bbek k\u00f6z\u00f6tt felid\u00e9zte a K\u00faria azon d\u00f6nt\u00e9s\u00e9t, amely az egyoldal\u00fa szerz\u0151d\u00e9sm\u00f3dos\u00edt\u00e1ssal foglalkozva kimondta, annak tisztess\u00e9gtelens\u00e9ge nem vizsg\u00e1lhat\u00f3, ha a hitelint\u00e9zeti t\u00f6rv\u00e9nynek megfelelt. B\u00edr\u00f3i \u00edt\u00e9leteket csatolt kereset\u00e9hez arr\u00f3l, hogy a bank \u00e1szf-ei megfelelnek a t\u00f6rv\u00e9nyi felt\u00e9teleknek. A felperes szerint a felmond\u00e1si jogot a t\u00f6rv\u00e9ny biztos\u00edtja, ez\u00e9rt a tisztess\u00e9gess\u00e9g szempontj\u00e1b\u00f3l nem sz\u00fcks\u00e9ges vizsg\u00e1lni.<br \/>\n    A bank \u00e1ll\u00e1spontja szerint a per alapj\u00e1ul szolg\u00e1l\u00f3 t\u00f6rv\u00e9ny nem vonatkozik a deviz\u00e1ban ny\u00fajtott \u00e9s deviz\u00e1ban t\u00f6rlesztett hitelek szerz\u0151d\u00e9ses felt\u00e9teleire, valamint azokra az \u00fcgyletekre, amelyek eset\u00e9ben referenciakamathoz k\u00f6t\u00f6tt\u00e9k az \u00fcgyleti kamatot.<br \/>\n    Az \u00e1llam ellenkeresete szerint a perben kiz\u00e1r\u00f3lag a t\u00f6rv\u00e9nyben fel\u00e1ll\u00edtott v\u00e9lelem vizsg\u00e1lhat\u00f3, kimenetel\u00e9re sem a magatart\u00e1si k\u00f3dex, sem a fel\u00fcgyeleti hat\u00f3s\u00e1g meg\u00e1llap\u00edt\u00e1sai nincsenek hat\u00e1ssal.<br \/>\n    A K\u00faria \u00e1ltal lefektetett egyes elvekr\u0151l sz\u00f3lva az alperes \u00e1llam egyebek k\u00f6z\u00f6tt kiemelte az egy\u00e9rtelm\u0171, \u00e9rthet\u0151 megfogalmaz\u00e1s sz\u00fcks\u00e9gess\u00e9g\u00e9t, mondv\u00e1n, matematikai k\u00e9pletek, idegen kifejez\u00e9sek eset\u00e9n a fogyaszt\u00f3 nem k\u00e9pes saj\u00e1t kock\u00e1zataira vonatkoz\u00f3 k\u00f6vetkeztet\u00e9sek levon\u00e1s\u00e1ra. Az \u00e1szf-nak re\u00e1lis alternat\u00edv\u00e1t kell biztos\u00edtania a szerz\u0151d\u00e9sm\u00f3dos\u00edt\u00e1ssal szemben. Nem felel meg tov\u00e1bb\u00e1 a szimmetria elv\u00e9nek az a szerz\u0151d\u00e9s, amely ugyan nem z\u00e1rja ki, de nem is teszi k\u00f6telez\u0151v\u00e9 a szerz\u0151d\u00e9s fogyaszt\u00f3 jav\u00e1ra t\u00f6rt\u00e9n\u0151 m\u00f3dos\u00edt\u00e1s\u00e1t.<br \/>\n    Az alperes jogi k\u00e9pvisel\u0151je a t\u00e1rgyal\u00e1son kifejtette, a jogalkot\u00f3 sz\u00e1nd\u00e9ka az volt, hogy a jogszab\u00e1ly minden fogyaszt\u00f3i k\u00f6lcs\u00f6nre \u00e9rv\u00e9nyes legyen, ez\u00e9rt a felperes \u00e1ltal megjel\u00f6lt term\u00e9kek nem vonhat\u00f3k ki a szer\u0151d\u00e9ses kik\u00f6t\u00e9sek vizsg\u00e1lata al\u00f3l. A bank jogi k\u00e9pvisel\u0151je erre \u00fagy reag\u00e1lt, az alperes jog\u00e9rtelmez\u00e9se t\u00e9ves, a t\u00f6rv\u00e9ny ugyanis a devizaalap\u00fa hitelekre vonatkoz\u00f3an tartalmaz ir\u00e1nymutat\u00e1st, a devizahitelekre nem.<br \/>\n    A felperes hangs\u00falyozta, a BB a piact\u00f3l jelent\u0151sen elt\u00e9r\u0151 hitelez\u00e9si gyakorlatot folytatott, aki deviz\u00e1ban k\u00e9rte a hitel foly\u00f3s\u00edt\u00e1s\u00e1t, abban kapta \u00e9s abban is t\u00f6rleszthetett. A b\u00edr\u00f3 a t\u00e1rgyal\u00e1son sz\u00fcnetet rendelt el, hogy a felperes tov\u00e1bbi dokumentumokat ny\u00fajthasson be.<br \/>\n    A felperes jogi k\u00e9pvisel\u0151je a t\u00e1rgyal\u00e1s berekeszt\u00e9s\u00e9nek bejelent\u00e9se ut\u00e1n m\u00e9g kifejtette, hogy a t\u00f6rv\u00e9ny nem tartalmazott a felmond\u00e1si joggal kapcsolatban alternat\u00edv\u00e1ra vonatkoz\u00f3 megszor\u00edt\u00e1st, ami koherens az EU ir\u00e1nyelvvel is. A bank \u00e1raz\u00e1si gyakorlat\u00e1r\u00f3l azt mondta, ha a felt\u00e9telek a fogyaszt\u00f3 sz\u00e1m\u00e1ra kedvez\u0151en v\u00e1ltoztak, a felperes azokat \u00e9rv\u00e9nyes\u00edtette. Az \u00e1tl\u00e1that\u00f3s\u00e1g elve kapcs\u00e1n a Magyar Cetelem Bankra (MCB) vonatkoz\u00f3 hat\u00e1rozatra hivatkozott.<br \/>\n    Az MCB eset\u00e9ben a t\u00f6rv\u00e9nysz\u00e9k meg\u00e1llap\u00edtotta, hogy a bank meghat\u00e1rozott id\u0151szakokban jogosult volt a kamatot, valamennyi d\u00edjat \u00e9s k\u00f6lts\u00e9get az ad\u00f3sok sz\u00e1m\u00e1ra kedvez\u0151tlen\u00fcl, egyoldal\u00faan m\u00f3dos\u00edtani.<br \/>\n    Az \u00e1llam jogi k\u00e9pvisel\u0151je fenntartotta ind\u00edtv\u00e1ny\u00e1t \u00e9s k\u00e9rte a felperes k\u00e9relmeinek elutas\u00edt\u00e1s\u00e1t. Kiz\u00e1rta a r\u00e9szleges \u00e9rv\u00e9nytelens\u00e9g elismer\u00e9s\u00e9t, szak\u00e9rt\u0151k bevon\u00e1s\u00e1t nem tartotta sz\u00fcks\u00e9gesnek \u00e9s k\u00e9rte a bizony\u00edt\u00e1si elj\u00e1r\u00e1s elutas\u00edt\u00e1s\u00e1t.<br \/>\n    A t\u00f6rv\u00e9nysz\u00e9k szeptember 18-\u00e1n hirdeti ki hat\u00e1rozat\u00e1t.(MTI)<\/p>\n","protected":false},"excerpt":{"rendered":"<p>Szeptember 18-ra halasztotta a hat\u00e1rozat kihirdet\u00e9s\u00e9t a Budapest Bank (BB) Zrt. magyar \u00e1llam elleni devizahiteles per\u00e9ben a F\u0151v\u00e1rosi T\u00f6rv\u00e9nysz\u00e9k cs\u00fct\u00f6rt\u00f6k\u00f6n.<\/p>\n","protected":false},"author":1,"featured_media":0,"comment_status":"open","ping_status":"closed","sticky":false,"template":"","format":"standard","meta":[],"categories":[19],"tags":[],"_links":{"self":[{"href":"https:\/\/gazdasagportal.hu\/index.php\/wp-json\/wp\/v2\/posts\/43401"}],"collection":[{"href":"https:\/\/gazdasagportal.hu\/index.php\/wp-json\/wp\/v2\/posts"}],"about":[{"href":"https:\/\/gazdasagportal.hu\/index.php\/wp-json\/wp\/v2\/types\/post"}],"author":[{"embeddable":true,"href":"https:\/\/gazdasagportal.hu\/index.php\/wp-json\/wp\/v2\/users\/1"}],"replies":[{"embeddable":true,"href":"https:\/\/gazdasagportal.hu\/index.php\/wp-json\/wp\/v2\/comments?post=43401"}],"version-history":[{"count":2,"href":"https:\/\/gazdasagportal.hu\/index.php\/wp-json\/wp\/v2\/posts\/43401\/revisions"}],"predecessor-version":[{"id":43403,"href":"https:\/\/gazdasagportal.hu\/index.php\/wp-json\/wp\/v2\/posts\/43401\/revisions\/43403"}],"wp:attachment":[{"href":"https:\/\/gazdasagportal.hu\/index.php\/wp-json\/wp\/v2\/media?parent=43401"}],"wp:term":[{"taxonomy":"category","embeddable":true,"href":"https:\/\/gazdasagportal.hu\/index.php\/wp-json\/wp\/v2\/categories?post=43401"},{"taxonomy":"post_tag","embeddable":true,"href":"https:\/\/gazdasagportal.hu\/index.php\/wp-json\/wp\/v2\/tags?post=43401"}],"curies":[{"name":"wp","href":"https:\/\/api.w.org\/{rel}","templated":true}]}}