{"id":43391,"date":"2014-09-04T16:57:54","date_gmt":"2014-09-04T14:57:54","guid":{"rendered":"http:\/\/stockportal.hu\/?p=43391"},"modified":"2014-09-04T16:44:28","modified_gmt":"2014-09-04T14:44:28","slug":"novekedett-a-munkanelkuli-segelyert-folyamodok-szama-amerikaban","status":"publish","type":"post","link":"https:\/\/gazdasagportal.hu\/index.php\/novekedett-a-munkanelkuli-segelyert-folyamodok-szama-amerikaban\/","title":{"rendered":"N\u00f6vekedett a munkan\u00e9lk\u00fcli seg\u00e9ly\u00e9rt folyamod\u00f3k sz\u00e1ma Amerik\u00e1ban"},"content":{"rendered":"<p><strong>Enyh\u00e9n emelkedett az els\u0151 alkalommal munkan\u00e9lk\u00fcli seg\u00e9ly\u00e9rt folyamod\u00f3k sz\u00e1ma az Egyes\u00fclt \u00c1llamokban az el\u0151z\u0151 h\u00e9ten az amerikai munka\u00fcgyi miniszt\u00e9rium cs\u00fct\u00f6rt\u00f6ki adatai szerint.<\/strong><!--more--><br \/>\n<div class=\"ads-in-post1\"><div id=\"gazdasagportal.hu_fullbanner_wideboard\"><\/div>\r\n<\/div>\n<p>    A seg\u00e9lyk\u00e9relmek sz\u00e1ma n\u00e9gyezerrel &#8211; 298 ezerr\u0151l 302 ezerre &#8211; v\u00e1ltozott az el\u0151z\u0151 felm\u00e9r\u00e9shez k\u00e9pest. A piaci elemz\u0151k is n\u00e9mi n\u00f6veked\u00e9st v\u00e1rtak, \u00e1tlagosan 300 ezres \u00e9rt\u00e9kre sz\u00e1m\u00edtottak.<br \/>\n    A munka\u00fcgyi miniszt\u00e9rium k\u00f6zlem\u00e9nye szerint semmilyen k\u00fcl\u00f6nleges hat\u00e1s sem torz\u00edtott az adatokon. Piaci elemz\u0151k szerint a statisztik\u00e1k tov\u00e1bbra is arra utalnak, hogy javul az amerikai munkaer\u0151piac helyzete.<br \/>\n    A seg\u00e9lyk\u00e9relmek sz\u00e1m\u00e1t m\u00e9r\u0151 n\u00e9gyhetes mozg\u00f3\u00e1tlag is emelkedett kiss\u00e9: 299,75 ezerr\u0151l 302,75 ezerre. A mozg\u00f3\u00e1tlag seg\u00edt kisz\u0171rni az ideiglenes, egyszeri hat\u00e1sokat. A mozg\u00f3\u00e1tlag adataib\u00f3l kiolvashat\u00f3, hogy az id\u00e9n stabilan n\u0151tt a foglalkoztatottak sz\u00e1ma Amerik\u00e1ban. A munkan\u00e9lk\u00fclis\u00e9ge r\u00e1ta mindazon\u00e1ltal tov\u00e1bbra is 6,2 sz\u00e1zal\u00e9kon \u00e1ll, ami t\u00f6rt\u00e9nelmi rekord\u00e9rt\u00e9k.<br \/>\n    A tart\u00f3san munkan\u00e9lk\u00fcli seg\u00e9lyt k\u00e9r\u0151k sz\u00e1ma 2,527 milli\u00f3r\u00f3l 2,46 milli\u00f3ra cs\u00f6kkent.(MTI)<\/p>\n","protected":false},"excerpt":{"rendered":"<p>Enyh\u00e9n emelkedett az els\u0151 alkalommal munkan\u00e9lk\u00fcli seg\u00e9ly\u00e9rt folyamod\u00f3k sz\u00e1ma az Egyes\u00fclt \u00c1llamokban az el\u0151z\u0151 h\u00e9ten az amerikai munka\u00fcgyi miniszt\u00e9rium cs\u00fct\u00f6rt\u00f6ki adatai szerint.<\/p>\n","protected":false},"author":1,"featured_media":0,"comment_status":"open","ping_status":"closed","sticky":false,"template":"","format":"standard","meta":[],"categories":[8],"tags":[],"_links":{"self":[{"href":"https:\/\/gazdasagportal.hu\/index.php\/wp-json\/wp\/v2\/posts\/43391"}],"collection":[{"href":"https:\/\/gazdasagportal.hu\/index.php\/wp-json\/wp\/v2\/posts"}],"about":[{"href":"https:\/\/gazdasagportal.hu\/index.php\/wp-json\/wp\/v2\/types\/post"}],"author":[{"embeddable":true,"href":"https:\/\/gazdasagportal.hu\/index.php\/wp-json\/wp\/v2\/users\/1"}],"replies":[{"embeddable":true,"href":"https:\/\/gazdasagportal.hu\/index.php\/wp-json\/wp\/v2\/comments?post=43391"}],"version-history":[{"count":1,"href":"https:\/\/gazdasagportal.hu\/index.php\/wp-json\/wp\/v2\/posts\/43391\/revisions"}],"predecessor-version":[{"id":43392,"href":"https:\/\/gazdasagportal.hu\/index.php\/wp-json\/wp\/v2\/posts\/43391\/revisions\/43392"}],"wp:attachment":[{"href":"https:\/\/gazdasagportal.hu\/index.php\/wp-json\/wp\/v2\/media?parent=43391"}],"wp:term":[{"taxonomy":"category","embeddable":true,"href":"https:\/\/gazdasagportal.hu\/index.php\/wp-json\/wp\/v2\/categories?post=43391"},{"taxonomy":"post_tag","embeddable":true,"href":"https:\/\/gazdasagportal.hu\/index.php\/wp-json\/wp\/v2\/tags?post=43391"}],"curies":[{"name":"wp","href":"https:\/\/api.w.org\/{rel}","templated":true}]}}