{"id":43382,"date":"2014-09-04T16:20:29","date_gmt":"2014-09-04T14:20:29","guid":{"rendered":"http:\/\/stockportal.hu\/?p=43382"},"modified":"2014-09-04T16:20:29","modified_gmt":"2014-09-04T14:20:29","slug":"egyuttmukodesi-megallapodast-kotott-az-nfm-es-a-konyvvizsgaloi-kamara","status":"publish","type":"post","link":"https:\/\/gazdasagportal.hu\/index.php\/egyuttmukodesi-megallapodast-kotott-az-nfm-es-a-konyvvizsgaloi-kamara\/","title":{"rendered":"Egy\u00fcttm\u0171k\u00f6d\u00e9si meg\u00e1llapod\u00e1st k\u00f6t\u00f6tt az NFM \u00e9s a k\u00f6nyvvizsg\u00e1l\u00f3i kamara"},"content":{"rendered":"<p><strong>Strat\u00e9giai partners\u00e9gi meg\u00e1llapod\u00e1st \u00edrt al\u00e1 cs\u00fct\u00f6rt\u00f6k\u00f6n a Nemzeti Fejleszt\u00e9si Miniszt\u00e9rium (NFM) \u00e9s a Magyar K\u00f6nyvvizsg\u00e1l\u00f3i Kamara (MKVK) a szakmai szervezet huszonkettedik konferenci\u00e1j\u00e1n Visegr\u00e1don cs\u00fct\u00f6rt\u00f6k\u00f6n.<!--more--><\/strong><br \/>\n<div class=\"ads-in-post1\"><div id=\"gazdasagportal.hu_fullbanner_wideboard\"><\/div>\r\n<\/div>\n<p>A dokumentumot a miniszter nev\u00e9ben Hegmann\u00e9 Nemes S\u00e1ra vagyonpolitik\u00e1\u00e9rt felel\u0151s \u00e1llamtitk\u00e1r, a kamara r\u00e9sz\u00e9r\u0151l pedig Luk\u00e1cs J\u00e1nos eln\u00f6k l\u00e1tta el k\u00e9zjegy\u00e9vel. \u00a0\u00a0\u00a0\u00a0Hegmann\u00e9 Nemes S\u00e1ra elmondta: a meg\u00e1llapod\u00e1s legf\u0151bb c\u00e9lja, hogy a kor\u00e1bbi, inform\u00e1lis csatorn\u00e1kon zajl\u00f3 inform\u00e1ci\u00f3szerz\u00e9st egy deklar\u00e1lt folyamat v\u00e1ltsa fel, a kamara szakmai tan\u00e1csokat adjon az \u00e1llami vagyongazd\u00e1lkod\u00e1s, az \u00e1llami c\u00e9gek gazd\u00e1lkod\u00e1sa ter\u00fclet\u00e9n, illetve seg\u00edts\u00e9get ny\u00fajtson a jogalkot\u00e1si munk\u00e1ban. A kamar\u00e1val egy\u00fcttm\u0171k\u00f6dve lefektetik a k\u00f6nyvvizsg\u00e1l\u00f3i kiv\u00e1laszt\u00e1s szab\u00e1lyait is &#8211; tette hozz\u00e1.<br \/>\nAz \u00e1llamtitk\u00e1r a k\u00e9tnapos konferencia nyit\u00f3 plen\u00e1ris \u00fcl\u00e9s\u00e9n tartott el\u0151ad\u00e1s\u00e1ban felid\u00e9zte a 2010-et megel\u0151z\u0151 id\u0151szakot, valamint ismertette a korm\u00e1ny j\u00f6v\u0151beli fejleszt\u00e9spolitikai elk\u00e9pzel\u00e9seit.<br \/>\nEgyebek mellett arra eml\u00e9keztetett, hogy a privatiz\u00e1ci\u00f3 \u00f3ta a nemzeti vagyon a t\u00f6red\u00e9k\u00e9re cs\u00f6kkent, a privatiz\u00e1ci\u00f3 20 \u00e9ves id\u0151szak\u00e1t folyamat\u00e1ban nem tekintett\u00e9k \u00e1t, \u00e9s nem k\u00e9sz\u00fclt \u00e9rt\u00e9kel\u00e9s. Az \u00e9rt\u00e9kel\u00e9sre \u00e9s fel\u00fclvizsg\u00e1latra a v\u00f6r\u00f6siszap-katasztr\u00f3fa ir\u00e1ny\u00edtotta r\u00e1 a figyelmet, amikor k\u00f6z\u00e9ppontba ker\u00fclt, hogy a c\u00e9gek teljes\u00edtett\u00e9k-e privatiz\u00e1ci\u00f3s k\u00f6telezetts\u00e9geiket &#8211; mondta. \u00a0\u00a0\u00a0\u00a0Hozz\u00e1tette, hogy ugyanakkor megindult egy m\u00e1sik folyamat, a gazdas\u00e1gi-p\u00e9nz\u00fcgyi v\u00e1ls\u00e1g k\u00f6vetkezt\u00e9ben sok kor\u00e1bban privatiz\u00e1lt c\u00e9g ker\u00fclt a t\u00f6nk sz\u00e9l\u00e9re, ami \u00e1ll\u00e1sok t\u00edzezreit vesz\u00e9lyeztette, ez\u00e9rt t\u00f6bb esetben a korm\u00e1ny visszav\u00e1s\u00e1rolt t\u00e1rsas\u00e1gokat. \u00a0\u00a0\u00a0\u00a0Az \u00e1llamtitk\u00e1r jelent\u0151s l\u00e9p\u00e9sk\u00e9nt \u00e9rt\u00e9kelte, hogy a nemzeti vagyonr\u00f3l sz\u00f3l\u00f3 t\u00f6rv\u00e9ny k\u00e9tharmadoss\u00e1 v\u00e1lt, \u00e9s meghat\u00e1rozt\u00e1k benne p\u00e9ld\u00e1ul azon vagyonelemeket, amelyeket nem lehet privatiz\u00e1lni. Mint mondta, ezzel lefektett\u00e9k a nemzeti vagyongazd\u00e1lkod\u00e1s alapjait. \u00a0\u00a0\u00a0\u00a0Felid\u00e9zte: 2010-ben a korm\u00e1ny kimondta, hogy lez\u00e1rult a privatiz\u00e1ci\u00f3, s egy ezzel ellenkez\u0151 folyamat indult meg, az \u00e1llami vagyon gyarap\u00edt\u00e1sa \u00e9s meg\u0151rz\u00e9se. \u00a0\u00a0\u00a0\u00a0A k\u00f6zszolg\u00e1ltat\u00e1sokr\u00f3l azt mondta: a k\u00f6vetkez\u0151 l\u00e9p\u00e9s a rezsics\u00f6kkent\u00e9s folytat\u00e1sa mellett egy nemzeti k\u00f6zszolg\u00e1ltat\u00f3 holding l\u00e9trehoz\u00e1sa, amely vagy minim\u00e1lis profittal (p\u00e9ld\u00e1ul az energetika ter\u00fclet\u00e9n), vagy nonprofit jelleggel fog m\u0171k\u00f6dni. Nonprofit jelleg\u0171v\u00e9 k\u00edv\u00e1nja \u00e1talak\u00edtani a korm\u00e1ny a v\u00edzik\u00f6zm\u0171t\u00e1rsas\u00e1gok, a hullad\u00e9k- \u00e9s a\u00a0\u00a0k\u00e9m\u00e9nysepr\u0151 \u00e1gazat gazd\u00e1lkod\u00e1s\u00e1t. Tov\u00e1bbi c\u00e9l, hogy adott esetben egyes szolg\u00e1ltat\u00e1sok ak\u00e1r ingyenesek is lehessenek &#8211; tette hozz\u00e1. \u00a0\u00a0\u00a0\u00a0T\u00e1llai Andr\u00e1s, a Nemzetgazdas\u00e1gi\u00a0\u00a0Miniszt\u00e9rium parlamenti \u00e1llamtitk\u00e1ra a gazdas\u00e1gpolitika eredm\u00e9nyeit sorolva egyebek mellett a p\u00e9nz\u00fcgypolitika, k\u00f6lts\u00e9gvet\u00e9si politika j\u00f6v\u0151beni garanci\u00e1inak megteremt\u00e9s\u00e9t eml\u00edtette. Kiemelte: az Orsz\u00e1ggy\u0171l\u00e9s megteremtette azokat a f\u00e9keket \u00e9s szab\u00e1lyoz\u00e1sokat, amelyek kor\u00e1bban Magyarorsz\u00e1gon hi\u00e1nyoztak. \u00a0\u00a0\u00a0\u00a0Fontosnak nevezte, hogy visszat\u00e9rt a bizalom a gazdas\u00e1gba, a m\u0171k\u00f6d\u0151t\u0151ke-\u00e1llom\u00e1ny a Visegr\u00e1di N\u00e9gyek orsz\u00e1gai k\u00f6z\u00fcl Magyarorsz\u00e1gon a legnagyobb, jelent\u0151sen n\u00f6vekedtek a g\u00e9pberuh\u00e1z\u00e1sok \u00e9s tov\u00e1bb \u00e9l\u00e9nk\u00fcl a k\u00fclkereskedelem.(MTI)<\/p>\n","protected":false},"excerpt":{"rendered":"<p>Strat\u00e9giai partners\u00e9gi meg\u00e1llapod\u00e1st \u00edrt al\u00e1 cs\u00fct\u00f6rt\u00f6k\u00f6n a Nemzeti Fejleszt\u00e9si Miniszt\u00e9rium (NFM) \u00e9s a Magyar K\u00f6nyvvizsg\u00e1l\u00f3i Kamara (MKVK) a szakmai szervezet huszonkettedik konferenci\u00e1j\u00e1n Visegr\u00e1don cs\u00fct\u00f6rt\u00f6k\u00f6n.<\/p>\n","protected":false},"author":1,"featured_media":0,"comment_status":"open","ping_status":"closed","sticky":false,"template":"","format":"standard","meta":[],"categories":[19],"tags":[],"_links":{"self":[{"href":"https:\/\/gazdasagportal.hu\/index.php\/wp-json\/wp\/v2\/posts\/43382"}],"collection":[{"href":"https:\/\/gazdasagportal.hu\/index.php\/wp-json\/wp\/v2\/posts"}],"about":[{"href":"https:\/\/gazdasagportal.hu\/index.php\/wp-json\/wp\/v2\/types\/post"}],"author":[{"embeddable":true,"href":"https:\/\/gazdasagportal.hu\/index.php\/wp-json\/wp\/v2\/users\/1"}],"replies":[{"embeddable":true,"href":"https:\/\/gazdasagportal.hu\/index.php\/wp-json\/wp\/v2\/comments?post=43382"}],"version-history":[{"count":2,"href":"https:\/\/gazdasagportal.hu\/index.php\/wp-json\/wp\/v2\/posts\/43382\/revisions"}],"predecessor-version":[{"id":43386,"href":"https:\/\/gazdasagportal.hu\/index.php\/wp-json\/wp\/v2\/posts\/43382\/revisions\/43386"}],"wp:attachment":[{"href":"https:\/\/gazdasagportal.hu\/index.php\/wp-json\/wp\/v2\/media?parent=43382"}],"wp:term":[{"taxonomy":"category","embeddable":true,"href":"https:\/\/gazdasagportal.hu\/index.php\/wp-json\/wp\/v2\/categories?post=43382"},{"taxonomy":"post_tag","embeddable":true,"href":"https:\/\/gazdasagportal.hu\/index.php\/wp-json\/wp\/v2\/tags?post=43382"}],"curies":[{"name":"wp","href":"https:\/\/api.w.org\/{rel}","templated":true}]}}