{"id":43377,"date":"2014-09-04T15:34:20","date_gmt":"2014-09-04T13:34:20","guid":{"rendered":"http:\/\/stockportal.hu\/?p=43377"},"modified":"2014-09-04T15:34:20","modified_gmt":"2014-09-04T13:34:20","slug":"fazekas-sandor-a-videki-mobilitast-es-versenykepesseget-is-javitja-a-kozossegi-kozlekedes-fejlesztese","status":"publish","type":"post","link":"https:\/\/gazdasagportal.hu\/index.php\/fazekas-sandor-a-videki-mobilitast-es-versenykepesseget-is-javitja-a-kozossegi-kozlekedes-fejlesztese\/","title":{"rendered":"Fazekas S\u00e1ndor: a vid\u00e9ki mobilit\u00e1st \u00e9s versenyk\u00e9pess\u00e9get is jav\u00edtja a k\u00f6z\u00f6ss\u00e9gi k\u00f6zleked\u00e9s fejleszt\u00e9se"},"content":{"rendered":"<p><strong>Nem csak biztons\u00e1gosabb\u00e1 \u00e9s komfortosabb\u00e1 teszi az utaz\u00e1st, de az \u00e9rintett telep\u00fcl\u00e9sek mobilit\u00e1s\u00e1t \u00e9s versenyk\u00e9pess\u00e9g\u00e9t is jav\u00edtja a kist\u00e9rs\u00e9gi k\u00f6z\u00f6ss\u00e9gi k\u00f6zleked\u00e9s fejleszt\u00e9se \u2013 jelentette ki a f\u00f6ldm\u0171vel\u00e9s\u00fcgyi miniszter, a t\u00e9rs\u00e9g fideszes orsz\u00e1ggy\u0171l\u00e9si k\u00e9pvisel\u0151je cs\u00fct\u00f6rt\u00f6k\u00f6n, a meg\u00fajult Vol\u00e1n buszp\u00e1lyaudvar \u00e1tad\u00f3 \u00fcnneps\u00e9g\u00e9n, Karcagon.<\/strong><!--more--><br \/>\n<div class=\"ads-in-post1\"><div id=\"gazdasagportal.hu_fullbanner_wideboard\"><\/div>\r\n<\/div>\n<p>    Fazekas S\u00e1ndor al\u00e1h\u00fazta: b\u00e1r jelent\u0151s fejleszt\u00e9sek val\u00f3sultak meg, vannak folyamatban \u00e9s v\u00e1rhat\u00f3k e t\u00e9ren, a vid\u00e9ki telep\u00fcl\u00e9sek k\u00f6z\u00f6ss\u00e9gi k\u00f6zleked\u00e9si szolg\u00e1ltat\u00e1sa \u00f6sszess\u00e9g\u00e9ben lemarad\u00e1sban van a f\u0151v\u00e1roshoz k\u00e9pest. Mivel az orsz\u00e1g minden t\u00e1j\u00e1n \u00e1llampolg\u00e1ri joga a helybelieknek a kor sz\u00ednvonal\u00e1nak megfelel\u0151 k\u00f6zleked\u00e9s ig\u00e9nybe v\u00e9tele, a korm\u00e1ny kiemelt figyelmet ford\u00edt e h\u00e1tr\u00e1ny felsz\u00e1mol\u00e1s\u00e1ra \u2013 tette hozz\u00e1.     K\u00f6z\u00f6lte: J\u00e1sz-Nagykun-Szolnok megy\u00e9ben 400 milli\u00f3 forintot meghalad\u00f3 \u00f6sszegb\u0151l, 95 sz\u00e1zal\u00e9kos uni\u00f3s t\u00e1mogat\u00e1ssal \u00f6sszesen 11 v\u00e1ros aut\u00f3busz-\u00e1llom\u00e1s\u00e1t korszer\u0171s\u00edtik november v\u00e9g\u00e9ig. A beruh\u00e1z\u00e1s-sorozat els\u0151 elk\u00e9sz\u00fclt eleme a karcagi p\u00e1lyaudvar rekonstrukci\u00f3ja, mely nett\u00f3 91 milli\u00f3 forintba ker\u00fclt.     A t\u00e1rcavezet\u0151 hangs\u00falyozta: a fel\u00faj\u00edt\u00e1snak k\u00f6sz\u00f6nhet\u0151en nem csak az \u00e1llom\u00e1s\u00e9p\u00fclet lett szebb, utasbar\u00e1tabb \u00e9s v\u00e1lt akad\u00e1lymentess\u00e9, de a k\u00f6rnyez\u0151 k\u00f6zter\u00fclet is \u00faj burkolatot kapott. A fejleszt\u00e9ssel nem csak a v\u00e1ros, de a t\u00e9rs\u00e9g is gazdagabb lett \u2013 fogalmazott.     Dobos L\u00e1szl\u00f3, a v\u00e1ros fideszes polg\u00e1rmestere k\u00f6sz\u00f6nt\u0151j\u00e9ben eml\u00e9keztetett: Karcagon r\u00f6vid id\u0151n bel\u00fcl jelent\u0151s k\u00f6z\u00fati \u00e9s vas\u00fati beruh\u00e1z\u00e1sok val\u00f3sultak meg, melyek fontos r\u00e9sze a buszp\u00e1lyaudvar rendbet\u00e9tele.     Jelezte: ez ut\u00f3bbi projekt k\u00e9t l\u00e9pcs\u0151ben k\u00e9sz\u00fcl el: az \u00e9p\u00edtkez\u00e9st k\u00f6vet\u0151en ugyanis a l\u00e9tes\u00edtm\u00e9ny \u00faj t\u00e9rfigyel\u0151 kamera- \u00e9s utast\u00e1j\u00e9koztat\u00f3 rendszert kap. Ugyanakkor fontosnak nevezte a j\u00e1rm\u0171park miel\u0151bbi meg\u00faj\u00edt\u00e1s\u00e1t, cser\u00e9j\u00e9t is.     \u00dati Csaba, a KMKK K\u00f6z\u00e9pkelet-magyarorsz\u00e1gi K\u00f6zleked\u00e9si K\u00f6zponthoz tartoz\u00f3 J\u00e1szkun Vol\u00e1n Zrt. vez\u00e9rigazgat\u00f3ja az esem\u00e9nyen arr\u00f3l besz\u00e9lt: \u00e9vtizedes ad\u00f3ss\u00e1got t\u00f6rleszt Szolnok megy\u00e9ben az \u0151sz v\u00e9g\u00e9re befejez\u0151d\u0151 beruh\u00e1z\u00e1s-sorozat, melyre az \u00c9szak-Alf\u00f6ldi  Operat\u00edv Program keret\u00e9b\u0151l nyert mintegy 382 milli\u00f3 forint p\u00e1ly\u00e1zati t\u00e1mogat\u00e1st a k\u00f6zleked\u00e9si v\u00e1llalat. (MTI)<\/p>\n","protected":false},"excerpt":{"rendered":"<p>Nem csak biztons\u00e1gosabb\u00e1 \u00e9s komfortosabb\u00e1 teszi az utaz\u00e1st, de az \u00e9rintett telep\u00fcl\u00e9sek mobilit\u00e1s\u00e1t \u00e9s versenyk\u00e9pess\u00e9g\u00e9t is jav\u00edtja a kist\u00e9rs\u00e9gi k\u00f6z\u00f6ss\u00e9gi k\u00f6zleked\u00e9s fejleszt\u00e9se \u2013 jelentette ki a f\u00f6ldm\u0171vel\u00e9s\u00fcgyi miniszter, a t\u00e9rs\u00e9g fideszes orsz\u00e1ggy\u0171l\u00e9si k\u00e9pvisel\u0151je cs\u00fct\u00f6rt\u00f6k\u00f6n, a meg\u00fajult Vol\u00e1n buszp\u00e1lyaudvar \u00e1tad\u00f3 \u00fcnneps\u00e9g\u00e9n, Karcagon.<\/p>\n","protected":false},"author":1,"featured_media":0,"comment_status":"open","ping_status":"closed","sticky":false,"template":"","format":"standard","meta":[],"categories":[19],"tags":[],"_links":{"self":[{"href":"https:\/\/gazdasagportal.hu\/index.php\/wp-json\/wp\/v2\/posts\/43377"}],"collection":[{"href":"https:\/\/gazdasagportal.hu\/index.php\/wp-json\/wp\/v2\/posts"}],"about":[{"href":"https:\/\/gazdasagportal.hu\/index.php\/wp-json\/wp\/v2\/types\/post"}],"author":[{"embeddable":true,"href":"https:\/\/gazdasagportal.hu\/index.php\/wp-json\/wp\/v2\/users\/1"}],"replies":[{"embeddable":true,"href":"https:\/\/gazdasagportal.hu\/index.php\/wp-json\/wp\/v2\/comments?post=43377"}],"version-history":[{"count":1,"href":"https:\/\/gazdasagportal.hu\/index.php\/wp-json\/wp\/v2\/posts\/43377\/revisions"}],"predecessor-version":[{"id":43378,"href":"https:\/\/gazdasagportal.hu\/index.php\/wp-json\/wp\/v2\/posts\/43377\/revisions\/43378"}],"wp:attachment":[{"href":"https:\/\/gazdasagportal.hu\/index.php\/wp-json\/wp\/v2\/media?parent=43377"}],"wp:term":[{"taxonomy":"category","embeddable":true,"href":"https:\/\/gazdasagportal.hu\/index.php\/wp-json\/wp\/v2\/categories?post=43377"},{"taxonomy":"post_tag","embeddable":true,"href":"https:\/\/gazdasagportal.hu\/index.php\/wp-json\/wp\/v2\/tags?post=43377"}],"curies":[{"name":"wp","href":"https:\/\/api.w.org\/{rel}","templated":true}]}}