{"id":43333,"date":"2014-09-04T04:04:17","date_gmt":"2014-09-04T02:04:17","guid":{"rendered":"http:\/\/stockportal.hu\/?p=43333"},"modified":"2014-09-03T20:43:03","modified_gmt":"2014-09-03T18:43:03","slug":"romania-engedelyezte-a-nato-harci-repulogepek-allomasozasat-az-orszagban","status":"publish","type":"post","link":"https:\/\/gazdasagportal.hu\/index.php\/romania-engedelyezte-a-nato-harci-repulogepek-allomasozasat-az-orszagban\/","title":{"rendered":"Rom\u00e1nia enged\u00e9lyezte a NATO harci rep\u00fcl\u0151g\u00e9pek \u00e1llom\u00e1soz\u00e1s\u00e1t az orsz\u00e1gban"},"content":{"rendered":"<p><strong>Rom\u00e1nia enged\u00e9lyezi a NATO tagorsz\u00e1gok harci rep\u00fcl\u0151g\u00e9peinek \u00e1llom\u00e1soz\u00e1s\u00e1t az orsz\u00e1g ter\u00fclet\u00e9n &#8211; jelentette be Traian Basescu \u00e1llamf\u0151 a Legfels\u0151 V\u00e9delmi Tan\u00e1cs (CSAT) szerdai \u00fcl\u00e9se ut\u00e1n.<\/strong><!--more--><br \/>\n<div class=\"ads-in-post1\"><div id=\"gazdasagportal.hu_fullbanner_wideboard\"><\/div>\r\n<\/div>\n<p>    A d\u00f6nt\u00e9s nemcsak a rom\u00e1n l\u00e9gt\u00e9rben felv\u00e1ltva j\u00e1r\u0151rszolg\u00e1latot teljes\u00edt\u0151 k\u00fclf\u00f6ldi rep\u00fcl\u0151g\u00e9pekre vonatkozik, hanem az ezeket kiszolg\u00e1l\u00f3 szem\u00e9lyzetre: a rom\u00e1n eln\u00f6k szerint k\u00e9tsz\u00e1z k\u00fclf\u00f6ldi katona \u00e9s hadm\u00e9rn\u00f6k \u00e9rkezhet az orsz\u00e1gba.<br \/>\n    A nemzetbiztons\u00e1gi test\u00fcletk\u00e9nt m\u0171k\u00f6d\u0151 tan\u00e1csot az\u00e9rt h\u00edvt\u00e1k \u00f6ssze, hogy hivatalos d\u00f6nt\u00e9st hozzon a szeptember 4-5-ei walesi NATO-cs\u00facstal\u00e1lkoz\u00f3n k\u00e9pviselend\u0151 rom\u00e1n \u00e1ll\u00e1spontr\u00f3l, amelyet t\u00f6bb mint k\u00e9t h\u00f3napos egyeztet\u00e9s el\u0151z\u00f6tt meg a bukaresti eln\u00f6ki hivatal, a v\u00e9delmi \u00e9s k\u00fcl\u00fcgyminiszt\u00e9rium k\u00f6z\u00f6tt.<br \/>\n    A CSAT azt is elfogadta, hogy Rom\u00e1nia koordin\u00e1l\u00f3 szerepet v\u00e1llaljon az Ukrajn\u00e1nak ny\u00fajtand\u00f3, kibernetikai t\u00e1mad\u00e1sok elleni v\u00e9delmet szolg\u00e1l\u00f3 t\u00e1mogat\u00e1si alap kezel\u00e9s\u00e9ben. Ez az Ukrajn\u00e1val kapcsolatos n\u00e9gy NATO-program egyike &#8211; jegyezte meg a rom\u00e1n eln\u00f6k.<br \/>\n    Rom\u00e1nia a sz\u00f6vets\u00e9g teljes keleti hat\u00e1r\u00e1nak meger\u0151s\u00edt\u00e9s\u00e9t s\u00fcrgeti, teh\u00e1t nem csak csak az \u00e9szakkeleti hat\u00e1rszakasz\u00e9t &#8211; mondta Basescu.<br \/>\n    Ez azt jelenti, hogy Rom\u00e1nia szeretne a NATO \u00e1lland\u00f3 riaszt\u00e1si \u00e9s gyorsreag\u00e1l\u00e1si rendszer\u00e9nek r\u00e9sz\u00e9v\u00e9 v\u00e1lni &#8211; tette hozz\u00e1.<br \/>\n    Utalt arra, hogy a NATO az Oroszorsz\u00e1ggal k\u00f6t\u00f6tt partners\u00e9gi szerz\u0151d\u00e9sben azt v\u00e1llalta, hogy nem telep\u00edt \u00e1lland\u00f3 katonai t\u00e1maszpontokat a sz\u00f6vets\u00e9g keleti hat\u00e1r\u00e1ra. Basescu szerint elemezni kell, hogy ragaszkodik-e a NATO ehhez a partners\u00e9ghez, amikor Oroszorsz\u00e1g felr\u00fagja a nemzetk\u00f6zi szerz\u0151d\u00e9seket \u00e9s nem tartja tiszteletben az eur\u00f3pai hat\u00e1rokat.<br \/>\n    A v\u00e9delmi sz\u00f6vets\u00e9g tan\u00e1cskoz\u00e1s\u00e1t a walesi Newportban tartj\u00e1k, f\u0151 t\u00e9m\u00e1ja pedig az ukrajnai helyzet lesz, de a tag\u00e1llamok vezet\u0151i \u00e1ttekintik majd a t\u00f6bbi konfliktust\u00e9rs\u00e9g k\u00e9rd\u00e9seit is. A walesi cs\u00facs r\u00e9szvev\u0151i tan\u00e1cskozni fognak azon orsz\u00e1gok k\u00e9pvisel\u0151ivel, amelyek partners\u00e9gi kapcsolatot \u00e1polnak a NATO-val.(MTI)<\/p>\n","protected":false},"excerpt":{"rendered":"<p>Rom\u00e1nia enged\u00e9lyezi a NATO tagorsz\u00e1gok harci rep\u00fcl\u0151g\u00e9peinek \u00e1llom\u00e1soz\u00e1s\u00e1t az orsz\u00e1g ter\u00fclet\u00e9n &#8211; jelentette be Traian Basescu \u00e1llamf\u0151 a Legfels\u0151 V\u00e9delmi Tan\u00e1cs (CSAT) szerdai \u00fcl\u00e9se ut\u00e1n.<\/p>\n","protected":false},"author":1,"featured_media":0,"comment_status":"open","ping_status":"closed","sticky":false,"template":"","format":"standard","meta":[],"categories":[139],"tags":[],"_links":{"self":[{"href":"https:\/\/gazdasagportal.hu\/index.php\/wp-json\/wp\/v2\/posts\/43333"}],"collection":[{"href":"https:\/\/gazdasagportal.hu\/index.php\/wp-json\/wp\/v2\/posts"}],"about":[{"href":"https:\/\/gazdasagportal.hu\/index.php\/wp-json\/wp\/v2\/types\/post"}],"author":[{"embeddable":true,"href":"https:\/\/gazdasagportal.hu\/index.php\/wp-json\/wp\/v2\/users\/1"}],"replies":[{"embeddable":true,"href":"https:\/\/gazdasagportal.hu\/index.php\/wp-json\/wp\/v2\/comments?post=43333"}],"version-history":[{"count":1,"href":"https:\/\/gazdasagportal.hu\/index.php\/wp-json\/wp\/v2\/posts\/43333\/revisions"}],"predecessor-version":[{"id":43334,"href":"https:\/\/gazdasagportal.hu\/index.php\/wp-json\/wp\/v2\/posts\/43333\/revisions\/43334"}],"wp:attachment":[{"href":"https:\/\/gazdasagportal.hu\/index.php\/wp-json\/wp\/v2\/media?parent=43333"}],"wp:term":[{"taxonomy":"category","embeddable":true,"href":"https:\/\/gazdasagportal.hu\/index.php\/wp-json\/wp\/v2\/categories?post=43333"},{"taxonomy":"post_tag","embeddable":true,"href":"https:\/\/gazdasagportal.hu\/index.php\/wp-json\/wp\/v2\/tags?post=43333"}],"curies":[{"name":"wp","href":"https:\/\/api.w.org\/{rel}","templated":true}]}}