{"id":43136,"date":"2014-09-01T20:04:22","date_gmt":"2014-09-01T18:04:22","guid":{"rendered":"http:\/\/stockportal.hu\/?p=43136"},"modified":"2014-09-01T18:05:00","modified_gmt":"2014-09-01T16:05:00","slug":"orosz-segitseggel-ismet-repulhetnek-a-szerb-migek","status":"publish","type":"post","link":"https:\/\/gazdasagportal.hu\/index.php\/orosz-segitseggel-ismet-repulhetnek-a-szerb-migek\/","title":{"rendered":"Orosz seg\u00edts\u00e9ggel ism\u00e9t rep\u00fclhetnek a szerb MiGek"},"content":{"rendered":"<p><strong>Szerbia h\u00e1rom MiG-29-ese \u00e9s k\u00f6r\u00fclbel\u00fcl egy tucat MiG-21-ese ak\u00e1r m\u00e1r h\u00e9tf\u0151 este \u00fajra felsz\u00e1llhatna, meg\u00e9rkeztek ugyanis az Oroszorsz\u00e1gt\u00f3l aj\u00e1nd\u00e9kba kapott akkumul\u00e1torok &#8211; sz\u00e1molt be err\u0151l h\u00e9tf\u0151n a szerb sajt\u00f3.<\/strong><!--more--><br \/>\n<div class=\"ads-in-post1\"><div id=\"gazdasagportal.hu_fullbanner_wideboard\"><\/div>\r\n<\/div>\n<p>    Bratislav Gasic szerb v\u00e9delmi miniszter j\u00faliusban jelentette be, hogy orosz seg\u00edts\u00e9ggel szeretn\u00e9k korszer\u0171s\u00edteni a szerb hadsereget. A m\u00e1jusi \u00e1rvizek idej\u00e9n kider\u00fclt, a katon\u00e1knak nemigen van ment\u00e9sre alkalmas felszerel\u00e9s\u00fck. A hadseregnek nincsenek rep\u00fcl\u0151k\u00e9pes g\u00e9pei, a l\u00e9gt\u00e9r v\u00e9delm\u00e9nek ell\u00e1t\u00e1s\u00e1\u00e9rt felel\u0151s MiG-ek \u00fczemideje ugyanis vagy lej\u00e1rt, vagy nincs p\u00e9nz az akkumul\u00e1torokra.<br \/>\n    Aleksandar Vucic korm\u00e1nyf\u0151 vas\u00e1rnap, az Oroszorsz\u00e1gt\u00f3l aj\u00e1nd\u00e9kba kapott akkumul\u00e1torok meg\u00e9rkez\u00e9sekor elmondta, hogy p\u00e1ly\u00e1zatot \u00edrtak ki a sz\u00fcks\u00e9ges felszerel\u00e9s beszerz\u00e9s\u00e9re, de Vlagyimir Putyin orosz eln\u00f6k ragaszkodott ahhoz, hogy ezeket &#8222;aj\u00e1nd\u00e9kba adja&#8221;.<br \/>\n    Hozz\u00e1tette: nagyon h\u00e1l\u00e1s az orosz eln\u00f6knek, mert hossz\u00fa id\u0151 ut\u00e1n Szerbia v\u00e9gre \u00fajra teljesen \u00f6n\u00e1ll\u00f3an fel\u00fcgyelheti az orsz\u00e1g eg\u00e9t.<br \/>\n    A volt jugoszl\u00e1v tagk\u00f6zt\u00e1rsas\u00e1gok t\u00f6bbs\u00e9g\u00e9nek egy\u00e9bk\u00e9nt nincs l\u00e9gv\u00e9delme, csup\u00e1n Szerbia \u00e9s Horv\u00e1torsz\u00e1g rendelkezik l\u00e9gier\u0151vel.(MTI)<\/p>\n","protected":false},"excerpt":{"rendered":"<p>Szerbia h\u00e1rom MiG-29-ese \u00e9s k\u00f6r\u00fclbel\u00fcl egy tucat MiG-21-ese ak\u00e1r m\u00e1r h\u00e9tf\u0151 este \u00fajra felsz\u00e1llhatna, meg\u00e9rkeztek ugyanis az Oroszorsz\u00e1gt\u00f3l aj\u00e1nd\u00e9kba kapott akkumul\u00e1torok &#8211; sz\u00e1molt be err\u0151l h\u00e9tf\u0151n a szerb sajt\u00f3.<\/p>\n","protected":false},"author":1,"featured_media":0,"comment_status":"open","ping_status":"closed","sticky":false,"template":"","format":"standard","meta":[],"categories":[12],"tags":[],"_links":{"self":[{"href":"https:\/\/gazdasagportal.hu\/index.php\/wp-json\/wp\/v2\/posts\/43136"}],"collection":[{"href":"https:\/\/gazdasagportal.hu\/index.php\/wp-json\/wp\/v2\/posts"}],"about":[{"href":"https:\/\/gazdasagportal.hu\/index.php\/wp-json\/wp\/v2\/types\/post"}],"author":[{"embeddable":true,"href":"https:\/\/gazdasagportal.hu\/index.php\/wp-json\/wp\/v2\/users\/1"}],"replies":[{"embeddable":true,"href":"https:\/\/gazdasagportal.hu\/index.php\/wp-json\/wp\/v2\/comments?post=43136"}],"version-history":[{"count":1,"href":"https:\/\/gazdasagportal.hu\/index.php\/wp-json\/wp\/v2\/posts\/43136\/revisions"}],"predecessor-version":[{"id":43137,"href":"https:\/\/gazdasagportal.hu\/index.php\/wp-json\/wp\/v2\/posts\/43136\/revisions\/43137"}],"wp:attachment":[{"href":"https:\/\/gazdasagportal.hu\/index.php\/wp-json\/wp\/v2\/media?parent=43136"}],"wp:term":[{"taxonomy":"category","embeddable":true,"href":"https:\/\/gazdasagportal.hu\/index.php\/wp-json\/wp\/v2\/categories?post=43136"},{"taxonomy":"post_tag","embeddable":true,"href":"https:\/\/gazdasagportal.hu\/index.php\/wp-json\/wp\/v2\/tags?post=43136"}],"curies":[{"name":"wp","href":"https:\/\/api.w.org\/{rel}","templated":true}]}}