{"id":43126,"date":"2014-09-01T17:22:44","date_gmt":"2014-09-01T15:22:44","guid":{"rendered":"http:\/\/stockportal.hu\/?p=43126"},"modified":"2014-09-01T16:36:41","modified_gmt":"2014-09-01T14:36:41","slug":"iszlam-allam-merkel-az-irakban-pusztito-dzsihadistak-nemetorszag-biztonsagat-is-fenyegetik","status":"publish","type":"post","link":"https:\/\/gazdasagportal.hu\/index.php\/iszlam-allam-merkel-az-irakban-pusztito-dzsihadistak-nemetorszag-biztonsagat-is-fenyegetik\/","title":{"rendered":"Iszl\u00e1m \u00c1llam &#8211; Merkel: az Irakban puszt\u00edt\u00f3 dzsihadist\u00e1k N\u00e9metorsz\u00e1g biztons\u00e1g\u00e1t is fenyegetik"},"content":{"rendered":"<p><strong>N\u00e9metorsz\u00e1g \u00e9s Eur\u00f3pa biztons\u00e1g\u00e1t is vesz\u00e9lyezteti az Iszl\u00e1m \u00c1llam nev\u0171 dzsihadista szervezet el\u0151ret\u00f6r\u00e9se Irakban, ez\u00e9rt N\u00e9metorsz\u00e1gnak fegyversz\u00e1ll\u00edt\u00e1sokkal is t\u00e1mogatnia kell a sz\u00e9ls\u0151s\u00e9ges mil\u00edcia ellen harcol\u00f3 kurd er\u0151ket &#8211; hangoztatta a n\u00e9met kancell\u00e1r h\u00e9tf\u0151n a Bundestagban.<\/strong><!--more--><br \/>\n<div class=\"ads-in-post1\"><div id=\"gazdasagportal.hu_fullbanner_wideboard\"><\/div>\r\n<\/div>\n<p>    Angela Merkel a n\u00e9met t\u00f6rv\u00e9nyhoz\u00e1s als\u00f3h\u00e1z\u00e1ban elmondott besz\u00e9d\u00e9ben korm\u00e1nya el\u0151z\u0151 napi d\u00f6nt\u00e9se mellett \u00e9rvelt, miszerint N\u00e9metorsz\u00e1g 70 milli\u00f3 eur\u00f3 \u00e9rt\u00e9kben t\u00e1mogatja fegyverrel, l\u0151szerrel \u00e9s egy\u00e9b katonai eszk\u00f6z\u00f6kkel az iraki Kurdiszt\u00e1n auton\u00f3m tartom\u00e1ny hadsereg\u00e9t, felf\u00fcggesztve azt a biztons\u00e1gpolitikai elvet, hogy N\u00e9metorsz\u00e1g nem sz\u00e1ll\u00edt fegyvert h\u00e1bor\u00fas \u00f6vezetbe.<br \/>\n    A korm\u00e1ny nem k\u00f6teles magyar\u00e1zatot adni a N\u00e9metorsz\u00e1g \u00e9s m\u00e1s \u00e1llamok k\u00f6zti fegyverkereskedelmet szab\u00e1lyoz\u00f3 el\u0151\u00edr\u00e1sok hat\u00e1lya al\u00e1 tartoz\u00f3 \u00fcgyletre, de az I\u00c1 el\u0151ret\u00f6r\u00e9se miatt keletkezett rendk\u00edv\u00fcli helyzetre hivatkozva m\u00e9gis t\u00e1j\u00e9koztatja a Bundestagot.(MTI)<\/p>\n","protected":false},"excerpt":{"rendered":"<p>N\u00e9metorsz\u00e1g \u00e9s Eur\u00f3pa biztons\u00e1g\u00e1t is vesz\u00e9lyezteti az Iszl\u00e1m \u00c1llam nev\u0171 dzsihadista szervezet el\u0151ret\u00f6r\u00e9se Irakban, ez\u00e9rt N\u00e9metorsz\u00e1gnak fegyversz\u00e1ll\u00edt\u00e1sokkal is t\u00e1mogatnia kell a sz\u00e9ls\u0151s\u00e9ges mil\u00edcia ellen harcol\u00f3 kurd er\u0151ket &#8211; hangoztatta a n\u00e9met kancell\u00e1r h\u00e9tf\u0151n a Bundestagban.<\/p>\n","protected":false},"author":1,"featured_media":0,"comment_status":"open","ping_status":"closed","sticky":false,"template":"","format":"standard","meta":[],"categories":[16],"tags":[],"_links":{"self":[{"href":"https:\/\/gazdasagportal.hu\/index.php\/wp-json\/wp\/v2\/posts\/43126"}],"collection":[{"href":"https:\/\/gazdasagportal.hu\/index.php\/wp-json\/wp\/v2\/posts"}],"about":[{"href":"https:\/\/gazdasagportal.hu\/index.php\/wp-json\/wp\/v2\/types\/post"}],"author":[{"embeddable":true,"href":"https:\/\/gazdasagportal.hu\/index.php\/wp-json\/wp\/v2\/users\/1"}],"replies":[{"embeddable":true,"href":"https:\/\/gazdasagportal.hu\/index.php\/wp-json\/wp\/v2\/comments?post=43126"}],"version-history":[{"count":1,"href":"https:\/\/gazdasagportal.hu\/index.php\/wp-json\/wp\/v2\/posts\/43126\/revisions"}],"predecessor-version":[{"id":43127,"href":"https:\/\/gazdasagportal.hu\/index.php\/wp-json\/wp\/v2\/posts\/43126\/revisions\/43127"}],"wp:attachment":[{"href":"https:\/\/gazdasagportal.hu\/index.php\/wp-json\/wp\/v2\/media?parent=43126"}],"wp:term":[{"taxonomy":"category","embeddable":true,"href":"https:\/\/gazdasagportal.hu\/index.php\/wp-json\/wp\/v2\/categories?post=43126"},{"taxonomy":"post_tag","embeddable":true,"href":"https:\/\/gazdasagportal.hu\/index.php\/wp-json\/wp\/v2\/tags?post=43126"}],"curies":[{"name":"wp","href":"https:\/\/api.w.org\/{rel}","templated":true}]}}