{"id":43045,"date":"2014-08-31T20:12:12","date_gmt":"2014-08-31T18:12:12","guid":{"rendered":"http:\/\/stockportal.hu\/?p=43045"},"modified":"2014-08-31T20:12:12","modified_gmt":"2014-08-31T18:12:12","slug":"megnyilt-a-zsido-nyari-fesztival","status":"publish","type":"post","link":"https:\/\/gazdasagportal.hu\/index.php\/megnyilt-a-zsido-nyari-fesztival\/","title":{"rendered":"Megny\u00edlt a Zsid\u00f3 Ny\u00e1ri Fesztiv\u00e1l"},"content":{"rendered":"<p><strong>A magyarorsz\u00e1gi antiszemitizmus er\u0151s\u00f6d\u00e9s\u00e9r\u0151l besz\u00e9lt Fischer \u00c1d\u00e1m karmester a Zsid\u00f3 Ny\u00e1ri Fesztiv\u00e1l vas\u00e1rnap esti megnyit\u00f3j\u00e1n, a Doh\u00e1ny utcai zsinag\u00f3g\u00e1ban.<\/strong><!--more--><br \/>\n<div class=\"ads-in-post1\"><div id=\"gazdasagportal.hu_fullbanner_wideboard\"><\/div>\r\n<\/div>\n<p>    A Budapest Klezmer Band \u00e9s Tompos K\u00e1tya koncertje el\u0151tt Fischer \u00c1d\u00e1m \u00fagy fogalmazott: a zsid\u00f3 szervezeteknek \u00e9s minden j\u00f3\u00e9rz\u00e9s\u0171 embernek fel kell vennie a keszty\u0171t az \u00f6sszekacsint\u00f3, k\u00f3dolt zsid\u00f3z\u00e1s ellen, ami nem maradhat bocs\u00e1natos b\u0171n, mert toler\u00e1l\u00e1sa egyre ink\u00e1bb megm\u00e9rgezi a t\u00e1rsadalmat.<br \/>\n    Fischer \u00c1d\u00e1m szerint a magyarorsz\u00e1gi antiszemitizmus a gazdas\u00e1gi bajok fokoz\u00f3d\u00e1s\u00e1val v\u00e1rhat\u00f3an tov\u00e1bb er\u0151s\u00f6dik majd.<br \/>\n    Mint mondta, k\u00fclf\u00f6ld\u00f6n \u00e9lve azt tapasztalja, hogy Magyarorsz\u00e1g egyre ink\u00e1bb elszigetel\u0151dik Eur\u00f3p\u00e1n bel\u00fcl.<br \/>\n    Az augusztus 31. \u00e9s szeptember 7. k\u00f6z\u00f6tti Zsid\u00f3 Ny\u00e1ri Fesztiv\u00e1l gazdag zenei, irodalmi, sz\u00ednh\u00e1zi, filmes \u00e9s k\u00e9pz\u0151m\u0171v\u00e9szeti programokkal v\u00e1rja az \u00e9rdekl\u0151d\u0151ket. Az idei fesztiv\u00e1l k\u00f6z\u00e9ppontj\u00e1ban a holokauszt 70. \u00e9vfordul\u00f3j\u00e1r\u00f3l val\u00f3 megeml\u00e9kez\u00e9s \u00e1ll.<br \/>\n    A fesztiv\u00e1l hagyom\u00e1nyos helysz\u00edneihez &#8211; Doh\u00e1ny utcai zsinag\u00f3ga, Rumbach utcai zsinag\u00f3ga, Ur\u00e1nia Nemzeti Filmsz\u00ednh\u00e1z, Goldmark-terem &#8211; id\u00e9n a RaM Colosseum, a MOM Kultur\u00e1lis K\u00f6zpont, a Zeneakad\u00e9mia, a K\u00e1r\u00e1szy Szalon \u00e9s a Mazel Tov, valamint h\u00e1rom vid\u00e9ki v\u00e1ros, Gy\u00f6ngy\u00f6s, P\u00e9cs \u00e9s Veszpr\u00e9m is csatlakozott.<br \/>\n    A fesztiv\u00e1l egy hete alatt fell\u00e9p m\u00e1sok mellett a Jerusalem Academy Chamber Choir, Giora Feidman \u00e9s a Gitanes Blondes, a Luk\u00e1cs Mikl\u00f3s Tri\u00f3, Zor\u00e1n (vend\u00e9gei: Gerend\u00e1s P\u00e9ter \u00e9s Kulka J\u00e1nos), Br\u00f3dy J\u00e1nos, Alf\u00f6ldi R\u00f3bert \u00e9s a Szak\u00e9rt\u0151k zenekar, M\u00e1csai P\u00e1l, Fullajt\u00e1r Andrea, D\u00e9s L\u00e1szl\u00f3, D\u00e9s Andr\u00e1s, Parti Nagy Lajos \u00e9s Grecs\u00f3 Kriszti\u00e1n.<br \/>\n    K\u00fcl\u00f6n programokon eml\u00e9keznek a 100 \u00e9ve sz\u00fcletet Fisher Annie-ra, a 70 \u00e9ve meghalt Radn\u00f3ti Mikl\u00f3sra \u00e9s a 60 \u00e9ve elhunyt Robert Cap\u00e1ra. A magyar sz\u00e1rmaz\u00e1s\u00fa fot\u00f3s eml\u00e9kestj\u00e9re a vil\u00e1gh\u00edr\u0171 rom\u00e1n sz\u00edn\u00e9szn\u0151, Maia Morgenstern is Budapestre \u00e9rkezik.<br \/>\n    A Holokauszt-eml\u00e9k\u00e9v jegy\u00e9ben t\u0171zik m\u0171sorra a Kisl\u00e1nyom, Anne Frank c\u00edm\u0171 t\u00e1ncj\u00e1t\u00e9kot, emellett t\u00f6bb k\u00e9pz\u0151m\u0171v\u00e9szeti, fot\u00f3- \u00e9s poszterki\u00e1ll\u00edt\u00e1s is kapcsol\u00f3dik a megeml\u00e9kez\u00e9shez.<br \/>\n    Id\u00e9n a zsid\u00f3 gasztron\u00f3mia is sok meglepet\u00e9st tartogat, \u00faj helysz\u00ednk\u00e9nt mutatkozik be p\u00e9ld\u00e1ul az Ak\u00e1cfa utcai Mazel Tov mint az els\u0151 k\u00f6zel-keleti &#8222;gasztrokult\u00fart\u00e9r&#8221; Budapesten.<br \/>\n    A m\u00e1ra Eur\u00f3pa egyik legnagyobb zsid\u00f3 kultur\u00e1lis rendezv\u00e9nysorozat\u00e1v\u00e1 v\u00e1lt Zsid\u00f3 Ny\u00e1ri Fesztiv\u00e1l id\u00e9n t\u00f6bb mint t\u00edz helysz\u00ednen mintegy harminc produkci\u00f3val, csaknem f\u00e9lezer k\u00f6zrem\u0171k\u00f6d\u0151vel v\u00e1rja vend\u00e9geit. A r\u00e9szletes program el\u00e9rhet\u0151 a fesztiv\u00e1l honlapj\u00e1n (zsidonyarifesztival.hu).<br \/>\n(MTI)<\/p>\n","protected":false},"excerpt":{"rendered":"<p>A magyarorsz\u00e1gi antiszemitizmus er\u0151s\u00f6d\u00e9s\u00e9r\u0151l besz\u00e9lt Fischer \u00c1d\u00e1m karmester a Zsid\u00f3 Ny\u00e1ri Fesztiv\u00e1l vas\u00e1rnap esti megnyit\u00f3j\u00e1n, a Doh\u00e1ny utcai zsinag\u00f3g\u00e1ban.<\/p>\n","protected":false},"author":1,"featured_media":0,"comment_status":"open","ping_status":"closed","sticky":false,"template":"","format":"standard","meta":[],"categories":[4,151],"tags":[],"_links":{"self":[{"href":"https:\/\/gazdasagportal.hu\/index.php\/wp-json\/wp\/v2\/posts\/43045"}],"collection":[{"href":"https:\/\/gazdasagportal.hu\/index.php\/wp-json\/wp\/v2\/posts"}],"about":[{"href":"https:\/\/gazdasagportal.hu\/index.php\/wp-json\/wp\/v2\/types\/post"}],"author":[{"embeddable":true,"href":"https:\/\/gazdasagportal.hu\/index.php\/wp-json\/wp\/v2\/users\/1"}],"replies":[{"embeddable":true,"href":"https:\/\/gazdasagportal.hu\/index.php\/wp-json\/wp\/v2\/comments?post=43045"}],"version-history":[{"count":1,"href":"https:\/\/gazdasagportal.hu\/index.php\/wp-json\/wp\/v2\/posts\/43045\/revisions"}],"predecessor-version":[{"id":43046,"href":"https:\/\/gazdasagportal.hu\/index.php\/wp-json\/wp\/v2\/posts\/43045\/revisions\/43046"}],"wp:attachment":[{"href":"https:\/\/gazdasagportal.hu\/index.php\/wp-json\/wp\/v2\/media?parent=43045"}],"wp:term":[{"taxonomy":"category","embeddable":true,"href":"https:\/\/gazdasagportal.hu\/index.php\/wp-json\/wp\/v2\/categories?post=43045"},{"taxonomy":"post_tag","embeddable":true,"href":"https:\/\/gazdasagportal.hu\/index.php\/wp-json\/wp\/v2\/tags?post=43045"}],"curies":[{"name":"wp","href":"https:\/\/api.w.org\/{rel}","templated":true}]}}