{"id":43027,"date":"2014-09-01T04:04:38","date_gmt":"2014-09-01T02:04:38","guid":{"rendered":"http:\/\/stockportal.hu\/?p=43027"},"modified":"2014-08-31T19:22:01","modified_gmt":"2014-08-31T17:22:01","slug":"ukran-valsag-nemet-lapertesules-szerint-ot-nato-tamaszpont-letesul-kelet-europaban-magyarorszag-kimarad","status":"publish","type":"post","link":"https:\/\/gazdasagportal.hu\/index.php\/ukran-valsag-nemet-lapertesules-szerint-ot-nato-tamaszpont-letesul-kelet-europaban-magyarorszag-kimarad\/","title":{"rendered":"Ukr\u00e1n v\u00e1ls\u00e1g &#8211; N\u00e9met lap\u00e9rtes\u00fcl\u00e9s szerint \u00f6t NATO-t\u00e1maszpont l\u00e9tes\u00fcl Kelet-Eur\u00f3p\u00e1ban, Magyarorsz\u00e1g kimarad"},"content":{"rendered":"<p><strong>A NATO az ukrajnai v\u00e1ls\u00e1gban k\u00f6vetett orosz politika miatt ki\u00e9p\u00edt \u00f6t \u00e1lland\u00f3 t\u00e1maszpontot Kelet-Eur\u00f3p\u00e1ban \u00e9s l\u00e9trehoz egy n\u00e9gyezer f\u0151s gyorsreag\u00e1l\u00e1s\u00fa alakulatot, a d\u00f6nt\u00e9st minderr\u0151l a j\u00f6v\u0151 heti cs\u00facstal\u00e1lkoz\u00f3n hozz\u00e1k meg &#8211; \u00edrta a Frankfurter Allgemeine Sonntagszeitung (FAS) c\u00edm\u0171 vas\u00e1rnapi n\u00e9met lap.<\/strong><!--more--><br \/>\n<div class=\"ads-in-post1\"><div id=\"gazdasagportal.hu_fullbanner_wideboard\"><\/div>\r\n<\/div>\n<p>    A besz\u00e1mol\u00f3 szerint a 28 NATO-tag\u00e1llam nagyk\u00f6veti szinten m\u00e1r meg\u00e1llapodott a &#8222;putyini \u00fajorosz&#8221; politik\u00e1ra kidolgozott v\u00e1laszl\u00e9p\u00e9seket \u00f6sszefoglal\u00f3 strat\u00e9gi\u00e1r\u00f3l, amelyet a j\u00f6v\u0151 heti walesi cs\u00facstal\u00e1lkoz\u00f3n a legmagasabb szinten fogadnak majd el.<br \/>\n    A k\u00e9szenl\u00e9ti akci\u00f3terv nev\u0171, 20 oldalas, titkos min\u0151s\u00edt\u00e9s\u0171 dokumentum szerint Oroszorsz\u00e1g vesz\u00e9lyezteti az euroatlanti t\u00e9rs\u00e9g biztons\u00e1g\u00e1t \u00e9s \u00fagynevezett hibrid hadvisel\u00e9st folytat Ukrajna ellen.<br \/>\n    A FAS inform\u00e1ci\u00f3i szerint a sz\u00f6vets\u00e9g azt tervezi, hogy l\u00e9trehoz egy-egy t\u00e1maszpontot a balti \u00e1llamokban &#8211; \u00c9sztorsz\u00e1g, Lettorsz\u00e1g, Litv\u00e1nia -, valamint Lengyelorsz\u00e1gban \u00e9s Rom\u00e1ni\u00e1ban. Ezek region\u00e1lis felder\u00edt\u0151, logisztikai \u00e9s bevet\u00e9si tervez\u00e9si k\u00f6zpontk\u00e9nt szolg\u00e1lnak majd, szem\u00e9lyzet\u00fck t\u00f6bbnemzetis\u00e9g\u0171 lesz, t\u00e1maszpontonk\u00e9nt 300-600 ember.<br \/>\n    A NATO tov\u00e1bb\u00e1 tervezi, hogy az \u00f6t tag\u00e1llamban harcra k\u00e9pes, bevethet\u0151 alakulatokat is \u00e1llom\u00e1soztat majd hat\u00e1rozatlan id\u0151re, rot\u00e1ci\u00f3s alapon, \u00e9s rendszeresen nagyszab\u00e1s\u00fa, t\u00f6bb ezer f\u0151t megmozgat\u00f3 hadgyakorlatokat tart.<br \/>\n    A terv m\u00e1sik f\u0151 r\u00e9sze egy 4000 f\u0151s, nagyon gyors reag\u00e1l\u00e1s\u00fa alakulat \u00f6ssze\u00e1ll\u00edt\u00e1sa. Ez lenne a NATO &#8222;l\u00e1ndzsahegye&#8221;, egys\u00e9gei a tag\u00e1llamokban \u00e1llom\u00e1sozn\u00e1nak \u00e9s 2-7 napon bel\u00fcl bevethet\u0151ek lenn\u00e9nek, az \u00faj alakulat harck\u00e9sz\u00fclts\u00e9ge \u00edgy jelent\u0151sen meghaladja az \u00fagynevezett NATO Reag\u00e1l\u00f3 Er\u0151 (NRF) harck\u00e9sz\u00fclts\u00e9g\u00e9t.<br \/>\n    A koncepci\u00f3 alapj\u00e1n jav\u00edtani kell a sz\u00f6vets\u00e9g valamennyi alakulat\u00e1nak reag\u00e1l\u00e1si k\u00e9pess\u00e9g\u00e9n, hogy sz\u00fcks\u00e9g eset\u00e9n min\u00e9l hamarabb felz\u00e1rk\u00f3zhassanak az els\u0151k\u00e9nt harcba sz\u00e1ll\u00f3 alakulathoz. Az esetleges kelet-eur\u00f3pai m\u0171veletek ir\u00e1ny\u00edt\u00e1s\u00e1ra a jelenlegi n\u00e9met-lengyel-d\u00e1n k\u00f6z\u00f6s hadtestnek a lengyelorsz\u00e1gi Szczecinben telep\u00edtett k\u00f6zpontj\u00e1t jel\u00f6lik ki, az ott dolgoz\u00f3k l\u00e9tsz\u00e1m\u00e1nak n\u00f6vel\u00e9s\u00e9vel egy 60 ezer NATO-katon\u00e1t megmozgat\u00f3 m\u0171velet ir\u00e1ny\u00edt\u00e1s\u00e1ra alkalmas k\u00f6zpontot alak\u00edtanak ki &#8211; \u00edrta a Frankfurter Allgemeine Sonntagszeitung.(MTI)<\/p>\n","protected":false},"excerpt":{"rendered":"<p>A NATO az ukrajnai v\u00e1ls\u00e1gban k\u00f6vetett orosz politika miatt ki\u00e9p\u00edt \u00f6t \u00e1lland\u00f3 t\u00e1maszpontot Kelet-Eur\u00f3p\u00e1ban \u00e9s l\u00e9trehoz egy n\u00e9gyezer f\u0151s gyorsreag\u00e1l\u00e1s\u00fa alakulatot, a d\u00f6nt\u00e9st minderr\u0151l a j\u00f6v\u0151 heti cs\u00facstal\u00e1lkoz\u00f3n hozz\u00e1k meg &#8211; \u00edrta a Frankfurter Allgemeine Sonntagszeitung (FAS) c\u00edm\u0171 vas\u00e1rnapi n\u00e9met lap.<\/p>\n","protected":false},"author":1,"featured_media":0,"comment_status":"open","ping_status":"closed","sticky":false,"template":"","format":"standard","meta":[],"categories":[139],"tags":[],"_links":{"self":[{"href":"https:\/\/gazdasagportal.hu\/index.php\/wp-json\/wp\/v2\/posts\/43027"}],"collection":[{"href":"https:\/\/gazdasagportal.hu\/index.php\/wp-json\/wp\/v2\/posts"}],"about":[{"href":"https:\/\/gazdasagportal.hu\/index.php\/wp-json\/wp\/v2\/types\/post"}],"author":[{"embeddable":true,"href":"https:\/\/gazdasagportal.hu\/index.php\/wp-json\/wp\/v2\/users\/1"}],"replies":[{"embeddable":true,"href":"https:\/\/gazdasagportal.hu\/index.php\/wp-json\/wp\/v2\/comments?post=43027"}],"version-history":[{"count":1,"href":"https:\/\/gazdasagportal.hu\/index.php\/wp-json\/wp\/v2\/posts\/43027\/revisions"}],"predecessor-version":[{"id":43028,"href":"https:\/\/gazdasagportal.hu\/index.php\/wp-json\/wp\/v2\/posts\/43027\/revisions\/43028"}],"wp:attachment":[{"href":"https:\/\/gazdasagportal.hu\/index.php\/wp-json\/wp\/v2\/media?parent=43027"}],"wp:term":[{"taxonomy":"category","embeddable":true,"href":"https:\/\/gazdasagportal.hu\/index.php\/wp-json\/wp\/v2\/categories?post=43027"},{"taxonomy":"post_tag","embeddable":true,"href":"https:\/\/gazdasagportal.hu\/index.php\/wp-json\/wp\/v2\/tags?post=43027"}],"curies":[{"name":"wp","href":"https:\/\/api.w.org\/{rel}","templated":true}]}}