{"id":43025,"date":"2014-09-01T03:17:34","date_gmt":"2014-09-01T01:17:34","guid":{"rendered":"http:\/\/stockportal.hu\/?p=43025"},"modified":"2014-08-31T19:18:44","modified_gmt":"2014-08-31T17:18:44","slug":"ukran-valsag-ukrajnanak-fegyverre-van-szuksege-a-nyugattol-nem-moszkva-elleni-embargora","status":"publish","type":"post","link":"https:\/\/gazdasagportal.hu\/index.php\/ukran-valsag-ukrajnanak-fegyverre-van-szuksege-a-nyugattol-nem-moszkva-elleni-embargora\/","title":{"rendered":"Ukr\u00e1n v\u00e1ls\u00e1g &#8211; Ukrajn\u00e1nak fegyverre van sz\u00fcks\u00e9ge a Nyugatt\u00f3l, nem Moszkva elleni embarg\u00f3ra"},"content":{"rendered":"<p><strong>Ukrajn\u00e1nak fegyverekre van sz\u00fcks\u00e9ge a Nyugatt\u00f3l, nem az orosz kavi\u00e1rra \u00e9s brili\u00e1nsokra kivetend\u0151 embarg\u00f3ra &#8211; fejtette ki v\u00e9lem\u00e9ny\u00e9t a h\u00e9t v\u00e9g\u00e9n Volodimir Feszenko ukr\u00e1n politol\u00f3gus Petro Porosenko ukr\u00e1n eln\u00f6k br\u00fcsszeli t\u00e1rgyal\u00e1sait \u00e9rt\u00e9kelve.<\/strong><!--more--><br \/>\n<div class=\"ads-in-post1\"><div id=\"gazdasagportal.hu_fullbanner_wideboard\"><\/div>\r\n<\/div>\n<p>    A Penta politikai kutat\u00f3k\u00f6zpont vezet\u0151je a Gordon ukr\u00e1n internetes kiadv\u00e1nynak adott interj\u00faj\u00e1ban \u00fagy v\u00e9lte, Porosenko el\u00e9rheti az Eur\u00f3pai Uni\u00f3n\u00e1l, hogy \u00fajabb szankci\u00f3kat vezessen be Oroszorsz\u00e1ggal szemben, azonban az igaz\u00e1n hat\u00e9kony seg\u00edts\u00e9g most az lenne, ha a Nyugat fegyvereket sz\u00e1ll\u00edtana Ukrajn\u00e1nak. Feszenko szerint nem az a k\u00e9rd\u00e9s okozza a f\u0151 probl\u00e9m\u00e1t, hogy Oroszorsz\u00e1g hivatalosan h\u00e1bor\u00fat visel-e Ukrajn\u00e1val szemben vagy sem, hanem az, hogy Ukrajn\u00e1nak nincs elegend\u0151 eszk\u00f6ze a kelet-ukrajnai fegyveres konfliktus megold\u00e1s\u00e1ra, valamint gondok vannak a fegyveres er\u0151k tev\u00e9kenys\u00e9g\u00e9nek koordin\u00e1l\u00e1s\u00e1ban a fels\u0151 hadvezet\u00e9s szintj\u00e9n.<br \/>\n    Szerinte amennyiben az &#8222;ellens\u00e9ges er\u0151k&#8221; elfoglalj\u00e1k az Azovi-tenger partj\u00e1n fekv\u0151 Mariupol kik\u00f6t\u0151v\u00e1rost \u00e9s tov\u00e1bb nyomulnak a Kr\u00edm f\u00e9lsziget fel\u00e9, vagyis a v\u00e1ls\u00e1g s\u00falyosbodik, az arra k\u00e9sztet majd egyes orsz\u00e1gokat, hogy fegyvereket sz\u00e1ll\u00edtsanak Ukrajn\u00e1nak.<br \/>\n    A politol\u00f3gus \u00fagy v\u00e9li, Oroszorsz\u00e1gnak arra nincs elegend\u0151 hadereje, hogy eg\u00e9sz Ukrajn\u00e1ra kiterjed\u0151 h\u00e1bor\u00fat folytasson. Szerinte Oroszorsz\u00e1g alapvet\u0151 c\u00e9lja, hogy folyamatosan fenntartsa a fegyveres konfliktust Ukrajn\u00e1ban.<br \/>\n    Oleh Hricajenko, a Nemzetk\u00f6zi \u00e9s \u00d6sszehasonl\u00edt\u00f3 Tanulm\u00e1nyok nev\u0171 kutat\u00f3k\u00f6zpont helyettes vezet\u0151je egy vas\u00e1rnap megjelent lapinterj\u00faban \u00fagy v\u00e9lte, hogy Ukrajn\u00e1nak alapvet\u0151en \u00f6ner\u0151b\u0151l kell mag\u00e1t megv\u00e9denie. Szerinte Vlagyimir Putyin orosz eln\u00f6k viszont \u00e1tl\u00e9pte azt a hat\u00e1rt, ami ut\u00e1n Eur\u00f3p\u00e1nak \u00e9s az Egyes\u00fclt \u00c1llamoknak m\u00e1r fontosabb a biztons\u00e1g, a h\u00e1bor\u00fa elker\u00fcl\u00e9se, mint gazdas\u00e1gi vesztes\u00e9gei.<br \/>\n    &#8222;A Nyugat alaposan kisz\u00e1m\u00edtja l\u00e9p\u00e9seit. Angela Merkel n\u00e9met kancell\u00e1r nem fog jobban gondoskodni az ukr\u00e1nokr\u00f3l, mint saj\u00e1t orsz\u00e1ga \u00e1llampolg\u00e1rair\u00f3l&#8221; &#8211; jegyezte meg a szak\u00e9rt\u0151.<br \/>\n    Fontosnak nevezte, hogy Ukrajna hat\u00e1rozott l\u00e9p\u00e9seket tegyen saj\u00e1t ter\u00fclete v\u00e9delm\u00e9ben. &#8222;Neh\u00e9z egy olyan orsz\u00e1got t\u00e1mogatni, amelyik nem harcol mag\u00e1\u00e9rt. A Nyugat csak annyi p\u00e9nzt ad, ami felt\u00e9tlen\u00fcl sz\u00fcks\u00e9ges ahhoz, hogy az ukrajnai helyzet tov\u00e1bb ne romoljon. A t\u00f6bbi a mi dolgunk. Nek\u00fcnk, magunknak kell kievick\u00e9ln\u00fcnk a v\u00e1ls\u00e1gb\u00f3l&#8221; &#8211; mutatott r\u00e1 az elemz\u0151.<br \/>\n    Vadim Karaszjev ismert ukr\u00e1n politol\u00f3gus, a Glob\u00e1lis Strat\u00e9gia kutat\u00f3int\u00e9zet igazgat\u00f3ja a Krajina c\u00edm\u0171 ukr\u00e1n \u00fajs\u00e1gnak adott nyilatkozat\u00e1ban azon v\u00e9lem\u00e9ny\u00e9t fejtette ki, hogy &#8222;Putyin eln\u00f6k Ukrajna elleni h\u00e1bor\u00faja&#8221; a hidegh\u00e1bor\u00fa k\u00f6vetkezm\u00e9nye.<br \/>\n    &#8222;Putyin elm\u00falt 15 \u00e9v alatt, ami\u00f3ta hatalmon van, arra a k\u00f6vetkezt\u00e9sre jutott, hogy Oroszorsz\u00e1g val\u00f3j\u00e1ban nem vesztette el a hidegh\u00e1bor\u00fat. Ez\u00e9rt nem kell a +kisebb partner+ szerep\u00e9t v\u00e1llalnia, ahogy ezt eddig tette. A nemzetk\u00f6zi \u00e9let kulcsfontoss\u00e1g\u00fa t\u00e9nyez\u0151je akar lenni a Nyugat \u00e9s K\u00edna mellett&#8221; &#8211; v\u00e9lekedett a politol\u00f3gus.<br \/>\n    Szerinte Putyin &#8222;piros vonalat akar h\u00fazni&#8221; a t\u00e9rk\u00e9pen, amelyet a Nyugat nem l\u00e9phet \u00e1t. &#8222;Ez itt az orosz vil\u00e1g, amely ott van, ahol oroszul besz\u00e9lnek, azaz hozz\u00e1tartozik Ukrajna d\u00e9li \u00e9s keleti r\u00e9sze is&#8221; &#8211; fogalmazott. Szavai szerint ugyanakkor a Nyugat m\u00e1shol h\u00fazta meg ezt a &#8222;piros vonalat&#8221;, arra az \u00e1ll\u00e1spontra helyezkedve, hogy Moszkva semmilyen form\u00e1ban nem avatkozhat be Ukrajna bel\u00fcgyeibe.<br \/>\n    Karaszjev hangs\u00falyozta, hogy most d\u0151l el, hol lesz az &#8222;orosz birodalom&#8221; hat\u00e1ra. Felh\u00edvta a figyelmet arra, hogy az elm\u00falt h\u00fasz \u00e9vben &#8222;szimbolikus&#8221; volt a hat\u00e1r Oroszorsz\u00e1g \u00e9s Ukrajna k\u00f6z\u00f6tt. \u00cdgy t\u00f6bb\u00e9-kev\u00e9sb\u00e9 nyugalom volt Ukrajn\u00e1ban az\u00e9rt, mert a Nyugat \u00e9s Oroszorsz\u00e1g nem k\u00f6vetelte olyan vehemensen mint most, hogy Kijev d\u00f6nts\u00f6n, melyik oldalhoz csatlakozik. &#8222;Majd megmozdult a vil\u00e1g, megkezd\u0151d\u00f6tt a gazdas\u00e1g \u00e9s a politikai f\u00f6ldrajz \u00e1talak\u00edt\u00e1sa&#8221; &#8211; folytatta eszmefuttat\u00e1s\u00e1t a szak\u00e9rt\u0151.<br \/>\n    V\u00e9lem\u00e9nye szerint m\u00e9g most is folyamatban van a Szovjetuni\u00f3 sz\u00e9tboml\u00e1sa. &#8222;Ukrajna pedig csak most, a h\u00e1bor\u00fan kereszt\u00fcl kezd igazi nemzet\u00e1llamm\u00e1 v\u00e1lni&#8221; &#8211; f\u0171zte hozz\u00e1 Karaszjev.(MTI)<\/p>\n","protected":false},"excerpt":{"rendered":"<p>Ukrajn\u00e1nak fegyverekre van sz\u00fcks\u00e9ge a Nyugatt\u00f3l, nem az orosz kavi\u00e1rra \u00e9s brili\u00e1nsokra kivetend\u0151 embarg\u00f3ra &#8211; fejtette ki v\u00e9lem\u00e9ny\u00e9t a h\u00e9t v\u00e9g\u00e9n Volodimir Feszenko ukr\u00e1n politol\u00f3gus Petro Porosenko ukr\u00e1n eln\u00f6k br\u00fcsszeli t\u00e1rgyal\u00e1sait \u00e9rt\u00e9kelve.<\/p>\n","protected":false},"author":1,"featured_media":0,"comment_status":"open","ping_status":"closed","sticky":false,"template":"","format":"standard","meta":[],"categories":[139],"tags":[],"_links":{"self":[{"href":"https:\/\/gazdasagportal.hu\/index.php\/wp-json\/wp\/v2\/posts\/43025"}],"collection":[{"href":"https:\/\/gazdasagportal.hu\/index.php\/wp-json\/wp\/v2\/posts"}],"about":[{"href":"https:\/\/gazdasagportal.hu\/index.php\/wp-json\/wp\/v2\/types\/post"}],"author":[{"embeddable":true,"href":"https:\/\/gazdasagportal.hu\/index.php\/wp-json\/wp\/v2\/users\/1"}],"replies":[{"embeddable":true,"href":"https:\/\/gazdasagportal.hu\/index.php\/wp-json\/wp\/v2\/comments?post=43025"}],"version-history":[{"count":1,"href":"https:\/\/gazdasagportal.hu\/index.php\/wp-json\/wp\/v2\/posts\/43025\/revisions"}],"predecessor-version":[{"id":43026,"href":"https:\/\/gazdasagportal.hu\/index.php\/wp-json\/wp\/v2\/posts\/43025\/revisions\/43026"}],"wp:attachment":[{"href":"https:\/\/gazdasagportal.hu\/index.php\/wp-json\/wp\/v2\/media?parent=43025"}],"wp:term":[{"taxonomy":"category","embeddable":true,"href":"https:\/\/gazdasagportal.hu\/index.php\/wp-json\/wp\/v2\/categories?post=43025"},{"taxonomy":"post_tag","embeddable":true,"href":"https:\/\/gazdasagportal.hu\/index.php\/wp-json\/wp\/v2\/tags?post=43025"}],"curies":[{"name":"wp","href":"https:\/\/api.w.org\/{rel}","templated":true}]}}