{"id":4298,"date":"2013-03-05T16:11:35","date_gmt":"2013-03-05T15:11:35","guid":{"rendered":"http:\/\/stockportal.hu\/?p=4298"},"modified":"2013-03-05T16:11:35","modified_gmt":"2013-03-05T15:11:35","slug":"olasz-valasztas-kulugyi-tisztviselo-korlatozott-lesz-az-uj-kormany-politikai-es-gazdasagi-mozgastere","status":"publish","type":"post","link":"https:\/\/gazdasagportal.hu\/index.php\/olasz-valasztas-kulugyi-tisztviselo-korlatozott-lesz-az-uj-kormany-politikai-es-gazdasagi-mozgastere\/","title":{"rendered":"Olasz v\u00e1laszt\u00e1s &#8211; K\u00fcl\u00fcgyi tisztvisel\u0151: korl\u00e1tozott lesz az \u00faj korm\u00e1ny politikai \u00e9s gazdas\u00e1gi mozg\u00e1stere"},"content":{"rendered":"<p><strong>B\u00e1rmilyen korm\u00e1ny ker\u00fcl is hatalomra Olaszorsz\u00e1gban, nagyon korl\u00e1tozott lesz a politikai \u00e9s gazdas\u00e1gi mozg\u00e1stere, mert a befektet\u0151knek \u00e9s az EU-nak nagyok az elv\u00e1r\u00e1sai &#8211; mondta Szesztai D\u00e1vid, a K\u00fcl\u00fcgyminiszt\u00e9rium f\u0151oszt\u00e1lyvezet\u0151je az Orsz\u00e1ggy\u0171l\u00e9s k\u00fcl\u00fcgyi bizotts\u00e1g\u00e1nak keddi \u00fcl\u00e9s\u00e9n.<!--more--><\/strong><\/p>\n<p>Eml\u00e9keztetett arra, hogy a v\u00e1laszt\u00e1sok eredm\u00e9nyek\u00e9nt a baloldali koal\u00edci\u00f3 t\u00f6bbs\u00e9get szerzett az olasz k\u00e9pvisel\u0151h\u00e1zban, a szen\u00e1tusban azonban nem tudott t\u00f6bbs\u00e9get szerezni egy p\u00e1rt vagy koal\u00edci\u00f3 sem. M\u00e1r megkezd\u0151dtek az egyeztet\u00e9sek a p\u00e1rtok k\u00f6z\u00f6tt, \u00e9s v\u00e1rhat\u00f3an a k\u00f6vetkez\u0151 hetekben is folytat\u00f3dnak.<br \/>\nA f\u0151oszt\u00e1lyvezet\u0151 t\u00f6bb lehets\u00e9ges forgat\u00f3k\u00f6nyvet is v\u00e1zolt. V\u00e9lem\u00e9nye szerint elk\u00e9pzelhet\u0151, hogy a baloldali koal\u00edci\u00f3 megpr\u00f3b\u00e1l egyed\u00fcl, kisebbs\u00e9gb\u0151l korm\u00e1nyozni, de k\u00e9rd\u00e9ses, mennyire lenne tart\u00f3s egy ilyen korm\u00e1ny. A baloldali koal\u00edci\u00f3hoz csatlakozhatna ugyan a harmadik helyen v\u00e9gz\u0151 5 Csillag Mozgalom (M5S), de vezet\u0151je, Beppe Grillo elutas\u00edt\u00f3an nyilatkozott egy esetleges egy\u00fcttm\u0171k\u00f6d\u00e9sr\u0151l a baloldallal &#8211; mutatott r\u00e1.<br \/>\nA nagykoal\u00edci\u00f3 alak\u00edt\u00e1s\u00e1t a p\u00e1rtok vezet\u0151i k\u00f6z\u00f6tti szem\u00e9lyes ellent\u00e9tek akad\u00e1lyozz\u00e1k &#8211; mutatott r\u00e1 Szesztai D\u00e1vid. Lehet, hogy \u00faj v\u00e1laszt\u00e1sokat \u00edrnak ki, de ez csak a probl\u00e9ma elhalaszt\u00e1s\u00e1t jelenten\u00e9 &#8211; v\u00e9lekedett. Hozz\u00e1tette, ezt egy\u00e9bk\u00e9nt is csak a k\u00f6vetkez\u0151 \u00e1llamf\u0151 tehetn\u00e9 meg, a jelenlegi, \u00e1prilis k\u00f6zep\u00e9n lek\u00f6sz\u00f6n\u0151 Giorgio Napolitano m\u00e1r nem, \u00edgy legkor\u00e1bban csak j\u00faliusban lenne ki\u00edrhat\u00f3 a k\u00f6vetkez\u0151 voksol\u00e1s.<br \/>\nBalla Mih\u00e1lynak (Fidesz), a bizotts\u00e1g eln\u00f6k\u00e9nek \u00e9rdekl\u0151d\u00e9s\u00e9re Szesztai D\u00e1vid kifejtette: az olasz gazdas\u00e1g &#8222;k\u00e9tarc\u00fa&#8221;: a deficitet h\u00e1rom sz\u00e1zal\u00e9k alatt tartj\u00e1k, de az \u00e1llamad\u00f3ss\u00e1g nagyon magas. Egyre fogynak a lakoss\u00e1g megtakar\u00edt\u00e1sai is, nincsenek beruh\u00e1z\u00e1sok, \u00edgy nem lehets\u00e9ges a munkahelyteremt\u00e9s sem, \u00e9s ez n\u00f6veli a t\u00e1rsadalmi fesz\u00fclts\u00e9get &#8211; k\u00f6z\u00f6lte.<br \/>\nKalm\u00e1r Ferenc Andr\u00e1s (KDNP) k\u00e9rd\u00e9s\u00e9re v\u00e1laszolva arr\u00f3l is besz\u00e9lt, hogy a olasz gazdas\u00e1g j\u00f3 m\u0171k\u00f6d\u00e9se Magyarorsz\u00e1gnak is kedvezne, mivel Olaszorsz\u00e1g fontos befektet\u0151 az orsz\u00e1gban. Rem\u00e9lhet\u0151leg a politikai viharok hamarosan elcsendes\u00fclnek, \u00e9s a politikusok egy\u00fcttm\u0171k\u00f6dnek a sz\u00fcks\u00e9ges reformok folytat\u00e1s\u00e1\u00e9rt &#8211; tette hozz\u00e1.<br \/>\nVona G\u00e1bor (Jobbik) felvet\u00e9s\u00e9re Szesztai D\u00e1vid kit\u00e9rt arra, hogy a korm\u00e1ny \u00f6sszet\u00e9tel\u00e9vel kapcsolatos j\u00f3slatokat nehez\u00edti az \u00faj m\u00f3dszerekre, mindenekel\u0151tt az internetes \u00e9s az utcai politiz\u00e1l\u00e1sra \u00e9p\u00edt\u0151 M5S kisz\u00e1m\u00edthatatlans\u00e1ga. Az M5S-t k\u00fcl\u00f6n\u00f6sen a nagy munkan\u00e9lk\u00fclis\u00e9ggel szembes\u00fcl\u0151 fiatalok t\u00e1mogatt\u00e1k &#8211; jegyezte meg.<br \/>\nNagy G\u00e1bor Tam\u00e1snak (Fidesz), a bizotts\u00e1g aleln\u00f6k\u00e9nek \u00e9rdekl\u0151d\u00e9s\u00e9re a f\u0151oszt\u00e1lyvezet\u0151 k\u00f6z\u00f6lte, Silvio Berlusconi t\u00f6bbsz\u00f6r\u00f6sen megc\u00e1folta &#8222;a politikai temet\u00e9s\u00e9re k\u00e9sz\u00fcl\u0151&#8221; elemz\u0151ket \u00e9s \u00fajs\u00e1g\u00edr\u00f3kat, a k\u00f6zv\u00e9lem\u00e9ny-kutat\u00e1sok sem jelezt\u00e9k, hogy ilyen komoly lenne a t\u00e1mogatotts\u00e1ga.<br \/>\nA febru\u00e1r 24-25-i v\u00e1laszt\u00e1sok eredm\u00e9nyek\u00e9nt valamivel t\u00f6bb mint 124 ezer szavazat v\u00e1lasztja el egym\u00e1st\u00f3l az olasz bal- \u00e9s jobbk\u00f6z\u00e9p p\u00e1rtok v\u00e1laszt\u00e1si eredm\u00e9ny\u00e9t. A k\u00e9pvisel\u0151h\u00e1zban a balk\u00f6z\u00e9p 345, a jobbk\u00f6z\u00e9p 125 mand\u00e1tumot szerzett, a szen\u00e1tusban 124-117 az \u00e1ll\u00e1s. Az 5 Csillag Mozgalom az als\u00f3h\u00e1zban 109, a fels\u0151h\u00e1zban 54 helyet szerzett, a Mario Monti vezette centrum pedig 47 k\u00e9pvisel\u0151h\u00e1zi \u00e9s 19 szen\u00e1tusi sz\u00e9khez jutott.<br \/>\nGiorgio Napolitano m\u00falt cs\u00fct\u00f6rt\u00f6k\u00f6n \u00fagy nyilatkozott, hogy az olaszorsz\u00e1gi politikai helyzet nem vesz\u00e9lyezteti az eur\u00f3pai p\u00e9nz\u00fcgyi piacokat, az \u00faj korm\u00e1ny pedig heteken bel\u00fcl megalakulhat. (MTI)<\/p>\n","protected":false},"excerpt":{"rendered":"<p>B\u00e1rmilyen korm\u00e1ny ker\u00fcl is hatalomra Olaszorsz\u00e1gban, nagyon korl\u00e1tozott lesz a politikai \u00e9s gazdas\u00e1gi mozg\u00e1stere, mert a befektet\u0151knek \u00e9s az EU-nak nagyok az elv\u00e1r\u00e1sai &#8211; mondta Szesztai D\u00e1vid, a K\u00fcl\u00fcgyminiszt\u00e9rium f\u0151oszt\u00e1lyvezet\u0151je az Orsz\u00e1ggy\u0171l\u00e9s k\u00fcl\u00fcgyi bizotts\u00e1g\u00e1nak keddi \u00fcl\u00e9s\u00e9n.<\/p>\n","protected":false},"author":1,"featured_media":0,"comment_status":"closed","ping_status":"open","sticky":false,"template":"","format":"standard","meta":[],"categories":[12],"tags":[53],"_links":{"self":[{"href":"https:\/\/gazdasagportal.hu\/index.php\/wp-json\/wp\/v2\/posts\/4298"}],"collection":[{"href":"https:\/\/gazdasagportal.hu\/index.php\/wp-json\/wp\/v2\/posts"}],"about":[{"href":"https:\/\/gazdasagportal.hu\/index.php\/wp-json\/wp\/v2\/types\/post"}],"author":[{"embeddable":true,"href":"https:\/\/gazdasagportal.hu\/index.php\/wp-json\/wp\/v2\/users\/1"}],"replies":[{"embeddable":true,"href":"https:\/\/gazdasagportal.hu\/index.php\/wp-json\/wp\/v2\/comments?post=4298"}],"version-history":[{"count":2,"href":"https:\/\/gazdasagportal.hu\/index.php\/wp-json\/wp\/v2\/posts\/4298\/revisions"}],"predecessor-version":[{"id":4300,"href":"https:\/\/gazdasagportal.hu\/index.php\/wp-json\/wp\/v2\/posts\/4298\/revisions\/4300"}],"wp:attachment":[{"href":"https:\/\/gazdasagportal.hu\/index.php\/wp-json\/wp\/v2\/media?parent=4298"}],"wp:term":[{"taxonomy":"category","embeddable":true,"href":"https:\/\/gazdasagportal.hu\/index.php\/wp-json\/wp\/v2\/categories?post=4298"},{"taxonomy":"post_tag","embeddable":true,"href":"https:\/\/gazdasagportal.hu\/index.php\/wp-json\/wp\/v2\/tags?post=4298"}],"curies":[{"name":"wp","href":"https:\/\/api.w.org\/{rel}","templated":true}]}}