{"id":42968,"date":"2014-08-30T08:03:38","date_gmt":"2014-08-30T06:03:38","guid":{"rendered":"http:\/\/stockportal.hu\/?p=42968"},"modified":"2014-08-30T08:03:38","modified_gmt":"2014-08-30T06:03:38","slug":"gazdag-programkinalat-es-tobb-evfordulo-a-zsido-nyari-fesztivalon","status":"publish","type":"post","link":"https:\/\/gazdasagportal.hu\/index.php\/gazdag-programkinalat-es-tobb-evfordulo-a-zsido-nyari-fesztivalon\/","title":{"rendered":"Gazdag programk\u00edn\u00e1lat \u00e9s t\u00f6bb \u00e9vfordul\u00f3 a Zsid\u00f3 Ny\u00e1ri Fesztiv\u00e1lon"},"content":{"rendered":"<p><strong>A holokauszt 70. \u00e9vfordul\u00f3j\u00e1ra &#8211; ennek keret\u00e9ben Radn\u00f3ti Mikl\u00f3s hal\u00e1l\u00e1ra &#8211; \u00e9s a Fischer Annie-centen\u00e1riumra is eml\u00e9keznek a vas\u00e1rnap kezd\u0151d\u0151 Zsid\u00f3 Ny\u00e1ri Fesztiv\u00e1lon, amely gazdag zenei, irodalmi, sz\u00ednh\u00e1zi, filmes \u00e9s k\u00e9pz\u0151m\u0171v\u00e9szeti programokkal v\u00e1rja az \u00e9rdekl\u0151d\u0151ket vas\u00e1rnapt\u00f3l szeptember 7-ig.<\/strong><!--more--><br \/>\n<div class=\"ads-in-post1\"><div id=\"gazdasagportal.hu_fullbanner_wideboard\"><\/div>\r\n<\/div>\n<p>    A tizenh\u00e9t \u00e9ves m\u00faltra visszatekint\u0151 fesztiv\u00e1l az elm\u00falt \u00e9vek alatt k\u00fcl\u00f6nleges sz\u00ednfoltja lett a ny\u00e1r v\u00e9gi Budapestnek, \u00e9s beker\u00fclt a nemzetk\u00f6zileg is jegyzett kultur\u00e1lis rendezv\u00e9nyek k\u00f6z\u00e9 &#8211; olvashat\u00f3 a szervez\u0151k k\u00f6zlem\u00e9ny\u00e9ben.<br \/>\n    A fesztiv\u00e1l hagyom\u00e1nyos helysz\u00edneihez &#8211; Doh\u00e1ny utcai zsinag\u00f3ga, Rumbach utcai zsinag\u00f3ga, Ur\u00e1nia Nemzeti Filmsz\u00ednh\u00e1z, Goldmark terem &#8211; id\u00e9n a RaM Colosseum, a MOM Kultur\u00e1lis K\u00f6zpont, a Zeneakad\u00e9mia, a K\u00e1r\u00e1szy Szalon \u00e9s a Mazel Tov, valamint h\u00e1rom vid\u00e9ki v\u00e1ros, Gy\u00f6ngy\u00f6s, P\u00e9cs \u00e9s Veszpr\u00e9m is csatlakozott.<br \/>\n    A rendezv\u00e9ny hagyom\u00e1nyosan a Budapest Klezmer Band koncertj\u00e9vel ny\u00edlik meg  a Doh\u00e1ny utcai zsinag\u00f3g\u00e1ban, ahol vas\u00e1rnap este Tompos K\u00e1tya sz\u00ednm\u0171v\u00e9sz lesz a zenekar vend\u00e9ge.<br \/>\n    A k\u00f6vetkez\u0151 napokban fell\u00e9p m\u00e1sok mellett a Jerusalem Academy Chamber Choir (Jeruzs\u00e1lemi Akad\u00e9mia Kamarak\u00f3rusa), Giora Feidman \u00e9s a Gitanes Blondes, a Budapest B\u00e1r (Bang\u00f3 Margittal \u00e9s L\u00e1sz\u00f3 Boldizs\u00e1rral kieg\u00e9sz\u00fclve), a David Yengibarian Trio, a Luk\u00e1cs Mikl\u00f3s Tri\u00f3, a Nigun, Zor\u00e1n (Gerend\u00e1s P\u00e9tert \u00e9s Kulka J\u00e1nost l\u00e1tva vend\u00e9g\u00fcl), Br\u00f3dy J\u00e1nos, Horgas Eszter \u00e9s Falusi Mariann, valamint Korcsol\u00e1n Orsolya \u00e9s Mali Emese.<br \/>\n    Sz\u00e1mos programon tal\u00e1lkozik az irodalom \u00e9s a zene. Kutat\u00f3 kezek c\u00edmmel ad k\u00f6z\u00f6s estet Alf\u00f6ldi R\u00f3bert \u00e9s a Szak\u00e9rt\u0151k zenekar, Radn\u00f3ti hal\u00e1l\u00e1nak 70. \u00e9vfordul\u00f3j\u00e1ra Nem tudhatom &#8211; Radn\u00f3ti \u00e9s korunk c\u00edmmel verset, pr\u00f3z\u00e1t \u00e9s zen\u00e9t fon \u00f6ssze M\u00e1csai P\u00e1l, Fullajt\u00e1r Andrea, D\u00e9s L\u00e1szl\u00f3, D\u00e9s Andr\u00e1s \u00e9s Luk\u00e1cs Mikl\u00f3s, P\u00e1r-Besz\u00e9d mott\u00f3val pedig Parti Nagy Lajos, Grecs\u00f3 Kriszti\u00e1n, D\u00e9s L\u00e1szl\u00f3 \u00e9s D\u00e9s Andr\u00e1s kommunik\u00e1l egym\u00e1ssal az irodalom \u00e9s a zene nyelv\u00e9n.<br \/>\n    A sz\u00e1z \u00e9ve sz\u00fcletett zongoram\u0171v\u00e9szre, Fischer Annie-ra szalonbesz\u00e9lget\u00e9ssel \u00e9s koncerttel eml\u00e9keznek a Pozsonyi \u00fati K\u00e1r\u00e1szy Szalonban Prunyi Ilona, Csoba T\u00fcnde \u00e9s Falvai Katalin zongoram\u0171v\u00e9szek, D\u00e9v\u00e9ny Anna gy\u00f3gytorn\u00e1sz, Szutr\u00e9ly Katalin opera\u00e9nekes \u00e9s Sz\u00e9kely Gy\u00f6rgy orvos k\u00f6zrem\u0171k\u00f6d\u00e9s\u00e9vel, az est h\u00e1zigazd\u00e1ja \u00e9s a megny\u00edl\u00f3 Fischer Annie-ki\u00e1ll\u00edt\u00e1s kur\u00e1tora K\u00e1r\u00e1szy Szilvia zongoram\u0171v\u00e9sz.<br \/>\n    Egy m\u00e1sik eml\u00e9kest a h\u00edres fot\u00f3s, Robert Capa vil\u00e1g\u00e1t id\u00e9zi fel a r\u00f3la k\u00e9sz\u00fclt magyar dokumentumfilm \u00e9s megzen\u00e9s\u00edtett versek seg\u00edts\u00e9g\u00e9vel; ut\u00f3bbiakat Bruno Cicchetti olasz k\u00f6lt\u0151 szerezte, J\u00e1vori Ferenc (Fegya), a Budapest Klezmer Band Kossuth-d\u00edjas alap\u00edt\u00f3ja \u00e9s vezet\u0151je zen\u00e9s\u00edtette meg \u00e9s Nagyp\u00e1l G\u00e1bor, valamint a vil\u00e1gh\u00edr\u0171 rom\u00e1n sz\u00edn\u00e9szn\u0151, Maia Morgenstern adja el\u0151.<br \/>\n    A Holokauszt 70 eml\u00e9k\u00e9v jegy\u00e9ben t\u0171zik m\u0171sorra a Kisl\u00e1nyom, Anne Frank c\u00edm\u0171 t\u00e1ncj\u00e1t\u00e9kot a Budapest T\u00e1ncsz\u00ednh\u00e1z t\u00e1rsulata, G\u00e1lffi L\u00e1szl\u00f3 sz\u00ednm\u0171v\u00e9sz (Otto Frank) \u00e9s S\u00e1ghy Alexandra t\u00e1ncm\u0171v\u00e9sz (Anne Frank) el\u0151ad\u00e1s\u00e1ban. T\u00f6bb k\u00e9pz\u0151m\u0171v\u00e9szeti \u00e9s fot\u00f3ki\u00e1ll\u00edt\u00e1s is kapcsol\u00f3dik a megeml\u00e9kez\u00e9shez, \u00edgy p\u00e9ld\u00e1ul az Im\u00e1k Auschwitz ut\u00e1n az Asztali Besz\u00e9lget\u00e9sek Kultur\u00e1lis Alap\u00edtv\u00e1ny szervez\u00e9s\u00e9ben, valamint az \u00c9letben tartva az eml\u00e9keket c\u00edm\u0171 poszterki\u00e1ll\u00edt\u00e1s.<br \/>\n    Az id\u00e9n a zsid\u00f3 gasztron\u00f3mia is sok meglepet\u00e9st tartogat. A patin\u00e1s Gell\u00e9rt sz\u00e1ll\u00f3 a fesztiv\u00e1l el\u0151est\u00e9j\u00e9n klezmer zen\u00e9vel kombin\u00e1lt autentikus zsid\u00f3 men\u00fcb\u0151l \u00e1ll\u00f3 vacsor\u00e1ra h\u00edvja a vend\u00e9geket, a Courtyard by Mariott City Center pedig a zsid\u00f3 konyha k\u00fcl\u00f6nlegess\u00e9geit sorakoztatja fel \u00e9s speci\u00e1lis gasztroprogramokat k\u00edn\u00e1l a fesztiv\u00e1l idej\u00e9n.<br \/>\n    Az id\u00e9n \u00faj helysz\u00ednk\u00e9nt mutatkozik be az Ak\u00e1cfa utcai Mazel Tov mint az els\u0151 k\u00f6zel-keleti &#8222;gasztrokult\u00fart\u00e9r&#8221; Budapesten, ahol augusztus 31-\u00e9n, vas\u00e1rnap a zsid\u00f3 gasztron\u00f3mia \u00fcnnep\u00e9t tartj\u00e1k. Az esti fesztiv\u00e1l-programok ut\u00e1n a Mazel Tov after-party helysz\u00edn is lesz, ahol egy j\u00f3 ital \u00e9s \u00edzletes \u00e9telek mellett lehet tov\u00e1bb besz\u00e9lgetni.<br \/>\n    A m\u00e1ra Eur\u00f3pa egyik legnagyobb zsid\u00f3 kultur\u00e1lis rendezv\u00e9nysorozat\u00e1v\u00e1 v\u00e1lt Zsid\u00f3 Ny\u00e1ri Fesztiv\u00e1l id\u00e9n t\u00f6bb mint t\u00edz helysz\u00ednen mintegy harminc produkci\u00f3val, csaknem f\u00e9lezer k\u00f6zrem\u0171k\u00f6d\u0151vel v\u00e1rja vend\u00e9geit. A r\u00e9szletes program el\u00e9rhet\u0151 a fesztiv\u00e1l honlapj\u00e1n (zsidonyarifesztival.hu).<br \/>\n(MTI)<\/p>\n","protected":false},"excerpt":{"rendered":"<p>A holokauszt 70. \u00e9vfordul\u00f3j\u00e1ra &#8211; ennek keret\u00e9ben Radn\u00f3ti Mikl\u00f3s hal\u00e1l\u00e1ra &#8211; \u00e9s a Fischer Annie-centen\u00e1riumra is eml\u00e9keznek a vas\u00e1rnap kezd\u0151d\u0151 Zsid\u00f3 Ny\u00e1ri Fesztiv\u00e1lon, amely gazdag zenei, irodalmi, sz\u00ednh\u00e1zi, filmes \u00e9s k\u00e9pz\u0151m\u0171v\u00e9szeti programokkal v\u00e1rja az \u00e9rdekl\u0151d\u0151ket vas\u00e1rnapt\u00f3l szeptember 7-ig.<\/p>\n","protected":false},"author":1,"featured_media":0,"comment_status":"open","ping_status":"closed","sticky":false,"template":"","format":"standard","meta":[],"categories":[4,151],"tags":[],"_links":{"self":[{"href":"https:\/\/gazdasagportal.hu\/index.php\/wp-json\/wp\/v2\/posts\/42968"}],"collection":[{"href":"https:\/\/gazdasagportal.hu\/index.php\/wp-json\/wp\/v2\/posts"}],"about":[{"href":"https:\/\/gazdasagportal.hu\/index.php\/wp-json\/wp\/v2\/types\/post"}],"author":[{"embeddable":true,"href":"https:\/\/gazdasagportal.hu\/index.php\/wp-json\/wp\/v2\/users\/1"}],"replies":[{"embeddable":true,"href":"https:\/\/gazdasagportal.hu\/index.php\/wp-json\/wp\/v2\/comments?post=42968"}],"version-history":[{"count":1,"href":"https:\/\/gazdasagportal.hu\/index.php\/wp-json\/wp\/v2\/posts\/42968\/revisions"}],"predecessor-version":[{"id":42969,"href":"https:\/\/gazdasagportal.hu\/index.php\/wp-json\/wp\/v2\/posts\/42968\/revisions\/42969"}],"wp:attachment":[{"href":"https:\/\/gazdasagportal.hu\/index.php\/wp-json\/wp\/v2\/media?parent=42968"}],"wp:term":[{"taxonomy":"category","embeddable":true,"href":"https:\/\/gazdasagportal.hu\/index.php\/wp-json\/wp\/v2\/categories?post=42968"},{"taxonomy":"post_tag","embeddable":true,"href":"https:\/\/gazdasagportal.hu\/index.php\/wp-json\/wp\/v2\/tags?post=42968"}],"curies":[{"name":"wp","href":"https:\/\/api.w.org\/{rel}","templated":true}]}}