{"id":42949,"date":"2014-08-30T07:58:13","date_gmt":"2014-08-30T05:58:13","guid":{"rendered":"http:\/\/stockportal.hu\/?p=42949"},"modified":"2014-08-29T21:58:59","modified_gmt":"2014-08-29T19:58:59","slug":"elmu-csokkeno-bevetel-az-ev-elso-feleben","status":"publish","type":"post","link":"https:\/\/gazdasagportal.hu\/index.php\/elmu-csokkeno-bevetel-az-ev-elso-feleben\/","title":{"rendered":"Elm\u0171: cs\u00f6kken\u0151 bev\u00e9tel az \u00e9v els\u0151 fel\u00e9ben"},"content":{"rendered":"<p><strong>Az els\u0151 f\u00e9l \u00e9vben 110,8 milli\u00f3 forint volt az Elm\u0171 \u00e9rt\u00e9kes\u00edt\u00e9si \u00e1rbev\u00e9tele, ami 1,07 sz\u00e1zal\u00e9kos cs\u00f6kken\u00e9s 2013 azonos id\u0151szak\u00e1hoz k\u00e9pest &#8211; k\u00f6z\u00f6lte a p\u00e9nteken k\u00f6zz\u00e9tett gyorsjelent\u00e9s\u00e9ben a Elm\u0171 Nyrt. a Budapesti \u00c9rt\u00e9kt\u0151zsde honlapj\u00e1n.<\/strong><!--more--><br \/>\n<div class=\"ads-in-post1\"><div id=\"gazdasagportal.hu_fullbanner_wideboard\"><\/div>\r\n<\/div>\n<p>     Az IFRS (nemzetk\u00f6zi p\u00e9nz\u00fcgyi jelent\u00e9si szab\u00e1lyok) alapj\u00e1n k\u00e9sz\u00fclt gyorsjelent\u00e9sben a t\u00e1rsas\u00e1g megjegyzi: a villamosenergia-\u00e9rt\u00e9kes\u00edt\u00e9sb\u0151l sz\u00e1rmaz\u00f3 \u00e1rbev\u00e9tel visszaes\u00e9s\u00e9nek egyik oka az egyetemes szolg\u00e1ltat\u00f3i szegmensn\u00e9l a 2013. novemberi lakoss\u00e1gi fogyaszt\u00f3kat \u00e9rint\u0151, mintegy 11 sz\u00e1zal\u00e9kot kitev\u0151 m\u00e1sodik rezsics\u00f6kkent\u00e9s, m\u00e1sr\u00e9szt visszaesett az \u00e9rt\u00e9kes\u00edtett mennyis\u00e9g is.<br \/>\n    A versenypiaci szegmensn\u00e9l a piaci \u00e1rmozg\u00e1sok, valamint az \u00e1rfolyamv\u00e1ltoz\u00e1sok hat\u00e1s\u00e1ra az \u00e9rt\u00e9kes\u00edt\u00e9si \u00e1r fajlagosan cs\u00f6kkent, viszont az \u00e9rt\u00e9kes\u00edtett mennyis\u00e9g n\u00f6veked\u00e9se jav\u00edtotta az \u00e9rt\u00e9kes\u00edt\u00e9si \u00e1rbev\u00e9telt.<br \/>\n    Az Elm\u0171 Nyrt. magyar sz\u00e1mviteli el\u0151\u00edr\u00e1sok szerinti ad\u00f3zott egyedi eredm\u00e9nye 4359 milli\u00f3 forint, amely a magyar el\u0151\u00edr\u00e1s szerinti osztal\u00e9k meghat\u00e1roz\u00e1s alapj\u00e1t k\u00e9pezi \u00e9s tartalmazza a kapcsolt v\u00e1llalkoz\u00e1sokt\u00f3l kapott 2013. \u00e9vre vonatkoz\u00f3 osztal\u00e9k\u00e1t is (6021 milli\u00f3 forint).<br \/>\n    Az Nyrt. saj\u00e1t t\u0151ke nagys\u00e1ga 145 396 milli\u00f3 forint volt a f\u00e9l \u00e9v v\u00e9g\u00e9n, amely az el\u0151z\u0151 id\u0151szak z\u00e1r\u00f3 egyenleg\u00e9hez viszony\u00edtva 11 571 milli\u00f3 forinttal cs\u00f6kkent.<br \/>\n    Az \u00fczemi tev\u00e9kenys\u00e9g eredm\u00e9nye 7429 milli\u00f3 forint volt, amely 965 milli\u00f3 forinttal kevesebb az el\u0151z\u0151 \u00e9v azonos id\u0151szak\u00e1ban elk\u00f6nyveltn\u00e9l. Az \u00e9rt\u00e9kes\u00edt\u00e9si \u00e1rbev\u00e9tel 94,53 sz\u00e1zal\u00e9k\u00e1t a villamosenergia \u00fczlet\u00e1g (villamosenergia-\u00e9rt\u00e9kes\u00edt\u00e9s \u00e9s rendszerhaszn\u00e1lati d\u00edjak \u00e1rbev\u00e9tele energiaad\u00f3 n\u00e9lk\u00fcl) \u00e1rbev\u00e9tele teszi ki, amely az el\u0151z\u0151 \u00e9v els\u0151 hat h\u00f3napj\u00e1hoz viszony\u00edtva 467 milli\u00f3 forinttal, 0,44 sz\u00e1zal\u00e9kkal cs\u00f6kkent.<br \/>\n    A t\u00e1rsas\u00e1g \u00e1ltal az els\u0151 f\u00e9l \u00e9vben fizetett nyeres\u00e9gad\u00f3 4144 milli\u00f3 forint volt. Ebb\u0151l a helyi ipar\u0171z\u00e9si ad\u00f3 880 milli\u00f3 forint, az energiaell\u00e1t\u00f3k j\u00f6vedelemad\u00f3ja 1238 milli\u00f3 forint, a t\u00e1rsas\u00e1gi ad\u00f3 pedig 730 milli\u00f3 forintot tett ki.<br \/>\n    Az Elm\u0171 Nyrt. h\u00e1rom legnagyobb tulajdonosa a jelent\u00e9s szerint az RWE Energy Beteiligungs GmbH 55,25 sz\u00e1zal\u00e9kos tulajdonr\u00e9sszel, az ENBW Trust E.V. 24,94 sz\u00e1zal\u00e9kkal \u00e9s az MVM Zrt. 15,63 sz\u00e1zal\u00e9kkal.<br \/>\n    Az Elm\u0171 t\u00e1j\u00e9koztat\u00e1sa szerint a konszolid\u00e1ci\u00f3ba bevont t\u00e1rsas\u00e1gok k\u00f6re az el\u0151z\u0151 \u00e9vhez viszony\u00edtva megv\u00e1ltozott, mivel a t\u00e1rsas\u00e1g 2014. febru\u00e1r 19-\u00e9n megv\u00e1s\u00e1rolta a 844 milli\u00f3 forint jegyzett t\u0151k\u00e9j\u0171 RWE East Bucharest S.R.L 100 sz\u00e1zal\u00e9kos tulajdon\u00e1t.(MTI)<\/p>\n","protected":false},"excerpt":{"rendered":"<p>Az els\u0151 f\u00e9l \u00e9vben 110,8 milli\u00f3 forint volt az Elm\u0171 \u00e9rt\u00e9kes\u00edt\u00e9si \u00e1rbev\u00e9tele, ami 1,07 sz\u00e1zal\u00e9kos cs\u00f6kken\u00e9s 2013 azonos id\u0151szak\u00e1hoz k\u00e9pest &#8211; k\u00f6z\u00f6lte a p\u00e9nteken k\u00f6zz\u00e9tett gyorsjelent\u00e9s\u00e9ben a Elm\u0171 Nyrt. a Budapesti \u00c9rt\u00e9kt\u0151zsde honlapj\u00e1n.<\/p>\n","protected":false},"author":1,"featured_media":0,"comment_status":"open","ping_status":"closed","sticky":false,"template":"","format":"standard","meta":[],"categories":[7],"tags":[],"_links":{"self":[{"href":"https:\/\/gazdasagportal.hu\/index.php\/wp-json\/wp\/v2\/posts\/42949"}],"collection":[{"href":"https:\/\/gazdasagportal.hu\/index.php\/wp-json\/wp\/v2\/posts"}],"about":[{"href":"https:\/\/gazdasagportal.hu\/index.php\/wp-json\/wp\/v2\/types\/post"}],"author":[{"embeddable":true,"href":"https:\/\/gazdasagportal.hu\/index.php\/wp-json\/wp\/v2\/users\/1"}],"replies":[{"embeddable":true,"href":"https:\/\/gazdasagportal.hu\/index.php\/wp-json\/wp\/v2\/comments?post=42949"}],"version-history":[{"count":1,"href":"https:\/\/gazdasagportal.hu\/index.php\/wp-json\/wp\/v2\/posts\/42949\/revisions"}],"predecessor-version":[{"id":42950,"href":"https:\/\/gazdasagportal.hu\/index.php\/wp-json\/wp\/v2\/posts\/42949\/revisions\/42950"}],"wp:attachment":[{"href":"https:\/\/gazdasagportal.hu\/index.php\/wp-json\/wp\/v2\/media?parent=42949"}],"wp:term":[{"taxonomy":"category","embeddable":true,"href":"https:\/\/gazdasagportal.hu\/index.php\/wp-json\/wp\/v2\/categories?post=42949"},{"taxonomy":"post_tag","embeddable":true,"href":"https:\/\/gazdasagportal.hu\/index.php\/wp-json\/wp\/v2\/tags?post=42949"}],"curies":[{"name":"wp","href":"https:\/\/api.w.org\/{rel}","templated":true}]}}