{"id":42941,"date":"2014-08-30T04:09:36","date_gmt":"2014-08-30T02:09:36","guid":{"rendered":"http:\/\/stockportal.hu\/?p=42941"},"modified":"2014-08-29T21:53:34","modified_gmt":"2014-08-29T19:53:34","slug":"norvegia-fellepest-kert-a-magyar-kormany-ellen-az-europai-uniotol","status":"publish","type":"post","link":"https:\/\/gazdasagportal.hu\/index.php\/norvegia-fellepest-kert-a-magyar-kormany-ellen-az-europai-uniotol\/","title":{"rendered":"Norv\u00e9gia fell\u00e9p\u00e9st k\u00e9rt a magyar korm\u00e1ny ellen az Eur\u00f3pai Uni\u00f3t\u00f3l"},"content":{"rendered":"<p><strong>Norv\u00e9gia uni\u00f3s fell\u00e9p\u00e9st k\u00e9rt cs\u00fct\u00f6rt\u00f6k\u00f6n a magyar korm\u00e1ny ellen azzal az indokkal, hogy al\u00e1\u00e1ssa a demokr\u00e1ci\u00e1t &#8211; jelentette p\u00e9nteken a The Local angol nyelv\u0171 norv\u00e9g h\u00edrport\u00e1l, hivatkozva Vidal Helgesen norv\u00e9g eur\u00f3pai \u00fcgyi miniszter interj\u00faj\u00e1ra, amelyet a norv\u00e9g NRK k\u00f6zszolg\u00e1lati r\u00e1di\u00f3nak adott.<!--more--><\/strong><br \/>\n<div class=\"ads-in-post1\"><div id=\"gazdasagportal.hu_fullbanner_wideboard\"><\/div>\r\n<\/div>\n<p>A cikk szerint a k\u00e9t orsz\u00e1g k\u00f6z\u00f6tt a norv\u00e9g alapok k\u00f6r\u00fcl alakult ki vita.<br \/>\nA Financial Times eur\u00f3pai kiad\u00e1s\u00e1ban cs\u00fct\u00f6rt\u00f6k\u00f6n megjelent level\u00e9ben a norv\u00e9g eur\u00f3pai \u00fcgyi miniszter azt \u00edrta, hogy ki\u00e1br\u00e1nd\u00edtotta \u00e9s meglepte, hogy az Eur\u00f3pai Uni\u00f3 nem v\u00e1laszolt a magyarorsz\u00e1gi politikai fejlem\u00e9nyekre. A norv\u00e9g NRK k\u00f6zszolg\u00e1lati r\u00e1di\u00f3nak a miniszter emellett azt mondta: &#8222;nagyon nyugtalan\u00edt benn\u00fcnket, amit t\u00f6bb \u00e9ve l\u00e1tunk &#8211; a demokr\u00e1cia \u00e9s az orsz\u00e1g t\u00f6rv\u00e9nyeinek al\u00e1\u00e1s\u00e1s\u00e1t. Most felsz\u00f3l\u00edtjuk az EU-t, hogy ne hallgasson tov\u00e1bb a demokratikus \u00e9rt\u00e9kek ki\u00fcres\u00edt\u00e9s\u00e9r\u0151l egy tag\u00e1llamban&#8221;.<br \/>\nHelgesen kijelentette: &#8222;a h\u00e9ten az \u00f6sszes tagorsz\u00e1ghoz fordultunk, \u00e9s szankci\u00f3k megfontol\u00e1s\u00e1ra biztattuk az Eur\u00f3pai Uni\u00f3t. Norv\u00e9gia m\u00e1r tov\u00e1bb ment, \u00e9s le\u00e1ll\u00edtotta az Eur\u00f3pai Gazdas\u00e1gi T\u00e9rs\u00e9g anyagi t\u00e1mogat\u00e1s\u00e1nak kifizet\u00e9s\u00e9t (Magyarorsz\u00e1gnak), mert nem akarjuk finansz\u00edrozni a Magyarorsz\u00e1gon l\u00e1that\u00f3 fejlem\u00e9nyeket&#8221; &#8211; id\u00e9zte a The Local h\u00edrport\u00e1l p\u00e9nteken a miniszter r\u00e1di\u00f3interj\u00faj\u00e1t.<br \/>\nVidar Helgesennek Magyarorsz\u00e1g \u00fatja vissza a m\u00faltba c\u00edm\u0171 olvas\u00f3i level\u00e9t cs\u00fct\u00f6rt\u00f6k\u00f6n k\u00f6z\u00f6lte a Financial Times eur\u00f3pai kiad\u00e1sa. A politikus a lev\u00e9lben \u00fagy v\u00e9lekedett, a magyar korm\u00e1ny h\u00e1tat ford\u00edt a Nyugatnak 25 \u00e9vvel azut\u00e1n, hogy Magyarorsz\u00e1g megnyitotta hat\u00e1rait Nyugat fel\u00e9, \u00e9s mozg\u00e1sba lend\u00edtette Eur\u00f3pa \u00fajraegyes\u00edt\u00e9s\u00e9t. Helgesen szerint Orb\u00e1n Viktor &#8222;szellemi vaskupol\u00e1val&#8221; v\u00e9den\u00e9 ki a k\u00fclf\u00f6ldi befoly\u00e1st, szak\u00edtani akar a nyugati dogm\u00e1kkal \u00e9s ideol\u00f3gi\u00e1kkal, s illiber\u00e1lis \u00e1llamot szeretne l\u00e9trehozni. A miniszter k\u00fcl\u00f6n kiemelte, hogy a minisztereln\u00f6k \u00e9ppen akkor eml\u00edtette p\u00e9ldak\u00e9nt a szerinte sikeres Oroszorsz\u00e1got, mik\u00f6zben az EU a szankci\u00f3kat k\u00e9sz\u00edtette el\u0151 Moszkva ellen Ukrajna szuverenit\u00e1s\u00e1nak megs\u00e9rt\u00e9s\u00e9\u00e9rt.<br \/>\nHelgesen felid\u00e9zte, hogy Orb\u00e1n Viktor azzal v\u00e1dolta meg Norv\u00e9gi\u00e1t, hogy saj\u00e1t \u00e9rdekeinek \u00e9rv\u00e9nyes\u00edt\u00e9se \u00e9rdek\u00e9ben t\u00e1mogat politikai aktivist\u00e1kat Magyarorsz\u00e1gon. A norv\u00e9g t\u00e1rcavezet\u0151 kijelentette: Magyarorsz\u00e1g megs\u00e9rti a norv\u00e9g alapokr\u00f3l sz\u00f3l\u00f3 meg\u00e1llapod\u00e1st, amelynek legnagyobb haszon\u00e9lvez\u0151je maga a korm\u00e1ny. Vidar Helgesen tudatja: Norv\u00e9gia nem tagja ugyan az EU-nak, de m\u00e9lyen elk\u00f6telezett az eur\u00f3pai integr\u00e1ci\u00f3 \u00e9rt\u00e9kei mellett, amelyeket szerinte most \u00e9ppen egy olyan \u00e1llam k\u00e9rd\u0151jelez meg, amely tagja az EU-nak, \u00e9s tetemes uni\u00f3s t\u00e1mogat\u00e1sban r\u00e9szes\u00fcl.<br \/>\nAz \u00edr\u00e1sra reag\u00e1lva Szijj\u00e1rt\u00f3 P\u00e9ter, a K\u00fclgazdas\u00e1gi \u00e9s K\u00fcl\u00fcgyminiszt\u00e9rium parlamenti \u00e1llamtitk\u00e1ra azt mondta cs\u00fct\u00f6rt\u00f6k\u00f6n az MTI-nek, hogy a norv\u00e9g miniszter nyilatkozata hiteltelen, hom\u00e1lyos \u00e1ltal\u00e1nos\u00edt\u00e1sokon alapul \u00e9s figyelmen k\u00edv\u00fcl hagyja a legalapvet\u0151bb t\u00e9nyeket. Szijj\u00e1rt\u00f3 P\u00e9ter kiemelte, hogy ha egy Eur\u00f3pai Uni\u00f3n k\u00edv\u00fcli orsz\u00e1g minisztere nyilv\u00e1nosan kezdi f\u00e9lteni az Eur\u00f3pai Uni\u00f3t egyik tagj\u00e1t\u00f3l, elv\u00e1rhat\u00f3 volna, hogy tiszteletben tartsa a legalapvet\u0151bb eur\u00f3pai \u00e9rt\u00e9keket.<br \/>\nAz \u00e1llamtitk\u00e1r kijelentette: Magyarorsz\u00e1g \u00e9s a magyar emberek kor\u00e1bban sokat tettek eg\u00e9sz K\u00f6z\u00e9p-Eur\u00f3pa szabads\u00e1g\u00e1\u00e9rt, a kontinens \u00fajraegyes\u00edt\u00e9s\u00e9\u00e9rt, most pedig komoly er\u0151fesz\u00edt\u00e9seket tesznek az\u00e9rt, hogy Eur\u00f3pa visszaszerezze kor\u00e1bbi versenyk\u00e9pess\u00e9g\u00e9t. &#8222;A magyar megold\u00e1sok sikeresek, kor\u00e1bban sokat t\u00e1madott int\u00e9zked\u00e9seinket egyre t\u00f6bb orsz\u00e1gban l\u00e1tjuk viszont&#8221; &#8211; fogalmazott.<br \/>\nSzijj\u00e1rt\u00f3 P\u00e9ter szerint Magyarorsz\u00e1g Eur\u00f3pa egyik legnyitottabb orsz\u00e1ga. Kifejtette: a k\u00fclf\u00f6ldi k\u00f6zvetlen m\u0171k\u00f6d\u0151 t\u0151ke \u00e1llom\u00e1nya meghaladta a 80 milli\u00e1rd eur\u00f3t, eur\u00f3pai v\u00e1llalatok folyamatosan hajtanak v\u00e9gre \u00fajabb \u00e9s \u00fajabb munkahelyteremt\u0151 beruh\u00e1z\u00e1sokat az orsz\u00e1gban, ezzel szavazva bizalmat a magyar politikai, gazdas\u00e1gi \u00e9s t\u00e1rsadalmi stabilit\u00e1snak.<br \/>\n&#8222;Ezek a tettek sz\u00e1m\u00edtanak, nem pedig a hiteltelen, hom\u00e1lyos \u00e1ltal\u00e1noss\u00e1gokon alapul\u00f3 politikai nyilatkozatok&#8221; &#8211; mondta.(MTI)<br \/>\n<a title=\"Hely megnyit\u00e1sa\" href=\"http:\/\/www.thelocal.no\/20140829\/norway-asks-eu-for-sanctions-against-hungary\" target=\"_blank\" rel=\"noopener\">http:\/\/www.thelocal.no\/20140829\/norway-asks-eu-for-sanctions-against-hungary<\/a><\/p>\n","protected":false},"excerpt":{"rendered":"<p>Norv\u00e9gia uni\u00f3s fell\u00e9p\u00e9st k\u00e9rt cs\u00fct\u00f6rt\u00f6k\u00f6n a magyar korm\u00e1ny ellen azzal az indokkal, hogy al\u00e1\u00e1ssa a demokr\u00e1ci\u00e1t &#8211; jelentette p\u00e9nteken a The Local angol nyelv\u0171 norv\u00e9g h\u00edrport\u00e1l, hivatkozva Vidal Helgesen norv\u00e9g eur\u00f3pai \u00fcgyi miniszter interj\u00faj\u00e1ra, amelyet a norv\u00e9g NRK k\u00f6zszolg\u00e1lati r\u00e1di\u00f3nak adott.<\/p>\n","protected":false},"author":1,"featured_media":0,"comment_status":"open","ping_status":"closed","sticky":false,"template":"","format":"standard","meta":[],"categories":[18],"tags":[],"_links":{"self":[{"href":"https:\/\/gazdasagportal.hu\/index.php\/wp-json\/wp\/v2\/posts\/42941"}],"collection":[{"href":"https:\/\/gazdasagportal.hu\/index.php\/wp-json\/wp\/v2\/posts"}],"about":[{"href":"https:\/\/gazdasagportal.hu\/index.php\/wp-json\/wp\/v2\/types\/post"}],"author":[{"embeddable":true,"href":"https:\/\/gazdasagportal.hu\/index.php\/wp-json\/wp\/v2\/users\/1"}],"replies":[{"embeddable":true,"href":"https:\/\/gazdasagportal.hu\/index.php\/wp-json\/wp\/v2\/comments?post=42941"}],"version-history":[{"count":1,"href":"https:\/\/gazdasagportal.hu\/index.php\/wp-json\/wp\/v2\/posts\/42941\/revisions"}],"predecessor-version":[{"id":42942,"href":"https:\/\/gazdasagportal.hu\/index.php\/wp-json\/wp\/v2\/posts\/42941\/revisions\/42942"}],"wp:attachment":[{"href":"https:\/\/gazdasagportal.hu\/index.php\/wp-json\/wp\/v2\/media?parent=42941"}],"wp:term":[{"taxonomy":"category","embeddable":true,"href":"https:\/\/gazdasagportal.hu\/index.php\/wp-json\/wp\/v2\/categories?post=42941"},{"taxonomy":"post_tag","embeddable":true,"href":"https:\/\/gazdasagportal.hu\/index.php\/wp-json\/wp\/v2\/tags?post=42941"}],"curies":[{"name":"wp","href":"https:\/\/api.w.org\/{rel}","templated":true}]}}