{"id":42931,"date":"2014-08-30T04:22:52","date_gmt":"2014-08-30T02:22:52","guid":{"rendered":"http:\/\/stockportal.hu\/?p=42931"},"modified":"2014-08-29T16:24:56","modified_gmt":"2014-08-29T14:24:56","slug":"a-szlovak-kulugyminiszter-szerint-az-orosz-kisebbsegpolitika-hitler-szudetanemetekkel-szembeni-politikajara-emlekeztet","status":"publish","type":"post","link":"https:\/\/gazdasagportal.hu\/index.php\/a-szlovak-kulugyminiszter-szerint-az-orosz-kisebbsegpolitika-hitler-szudetanemetekkel-szembeni-politikajara-emlekeztet\/","title":{"rendered":"A szlov\u00e1k k\u00fcl\u00fcgyminiszter szerint az orosz kisebbs\u00e9gpolitika Hitler szud\u00e9tan\u00e9metekkel szembeni politik\u00e1j\u00e1ra eml\u00e9keztet"},"content":{"rendered":"<p><strong>A szlov\u00e1k k\u00fcl\u00fcgyminiszter, Miroslav Lajc\u00e1k vesz\u00e9lyesnek \u00e9s elfogadhatatlannak nevezte az orosz kisebbs\u00e9gpolitik\u00e1t, amely szerinte Hitler szud\u00e9tan\u00e9metekkel szembeni politik\u00e1j\u00e1ra eml\u00e9keztet.<\/strong><!--more--><br \/>\n<div class=\"ads-in-post1\"><div id=\"gazdasagportal.hu_fullbanner_wideboard\"><\/div>\r\n<\/div>\n<p>    A szlov\u00e1k politikus p\u00e9nteken az osztr\u00e1k APA h\u00edr\u00fcgyn\u00f6ks\u00e9gnek nyilatkozva elmondta: hisz az orsz\u00e1gok f\u00fcggetlens\u00e9g\u00e9ben, abban, hogy joguk van d\u00f6nteni a j\u00f6v\u0151j\u00fcket \u00e9s strat\u00e9giai \u00e9rdekeiket illet\u0151en, \u00e9s ez az egykori Szovjetuni\u00f3 orsz\u00e1gaira is vonatkozik. Oroszorsz\u00e1g most olyan eszk\u00f6zt vetett be, amely megakad\u00e1lyozza a kelet-eur\u00f3pai orsz\u00e1gok NATO-hoz \u00e9s az Eur\u00f3pai Uni\u00f3hoz val\u00f3 k\u00f6zeled\u00e9s\u00e9t.<br \/>\n    A szlov\u00e1k k\u00fcl\u00fcgyminiszter kifejtette: nagyon vesz\u00e9lyes \u00e9s elfogadhatatlan, ha egy orsz\u00e1g feljogos\u00edtva \u00e9rzi mag\u00e1t, hogy d\u00f6nts\u00f6n m\u00e1sik orsz\u00e1gban \u00e9l\u0151 kisebbs\u00e9g\u00e9nek sorsa fel\u0151l. &#8222;Eml\u00e9ksz\u00fcnk r\u00e1, mik\u00e9ppen v\u00e9delmezte Hitler a Szud\u00e9ta-vid\u00e9ken \u00e9l\u0151 n\u00e9met kisebbs\u00e9get, azt\u00e1n arra is eml\u00e9ksz\u00fcnk, mi t\u00f6rt\u00e9nt v\u00e9g\u00fcl&#8221; &#8211; mondta Lajc\u00e1k. \u00dagy fogalmazott: nem k\u00e9rd\u00e9s, hogy Ukrajna ter\u00fcleti integrit\u00e1sa megs\u00e9r\u00fclt \u00e9s a Kr\u00edmet a nemzetk\u00f6zi jog ellen\u00e9re is annekt\u00e1lta Oroszorsz\u00e1g.<br \/>\n    Hib\u00e1nak nevezte azonban, hogy mindenki Oroszorsz\u00e1gr\u00f3l besz\u00e9l, de csak nagyon kevesen besz\u00e9lnek Oroszorsz\u00e1ggal. A k\u00fcl\u00fcgyminiszter hangs\u00falyozta: Ukrajn\u00e1val szomsz\u00e9dos orsz\u00e1gk\u00e9nt nagyon agg\u00f3dnak a kialakult helyzet miatt, mivel Szlov\u00e1kia teljesen f\u00fcgg az orosz olajt\u00f3l \u00e9s g\u00e1zt\u00f3l.(MTI)<\/p>\n","protected":false},"excerpt":{"rendered":"<p>A szlov\u00e1k k\u00fcl\u00fcgyminiszter, Miroslav Lajc\u00e1k vesz\u00e9lyesnek \u00e9s elfogadhatatlannak nevezte az orosz kisebbs\u00e9gpolitik\u00e1t, amely szerinte Hitler szud\u00e9tan\u00e9metekkel szembeni politik\u00e1j\u00e1ra eml\u00e9keztet.<\/p>\n","protected":false},"author":1,"featured_media":0,"comment_status":"open","ping_status":"closed","sticky":false,"template":"","format":"standard","meta":[],"categories":[139],"tags":[],"_links":{"self":[{"href":"https:\/\/gazdasagportal.hu\/index.php\/wp-json\/wp\/v2\/posts\/42931"}],"collection":[{"href":"https:\/\/gazdasagportal.hu\/index.php\/wp-json\/wp\/v2\/posts"}],"about":[{"href":"https:\/\/gazdasagportal.hu\/index.php\/wp-json\/wp\/v2\/types\/post"}],"author":[{"embeddable":true,"href":"https:\/\/gazdasagportal.hu\/index.php\/wp-json\/wp\/v2\/users\/1"}],"replies":[{"embeddable":true,"href":"https:\/\/gazdasagportal.hu\/index.php\/wp-json\/wp\/v2\/comments?post=42931"}],"version-history":[{"count":1,"href":"https:\/\/gazdasagportal.hu\/index.php\/wp-json\/wp\/v2\/posts\/42931\/revisions"}],"predecessor-version":[{"id":42932,"href":"https:\/\/gazdasagportal.hu\/index.php\/wp-json\/wp\/v2\/posts\/42931\/revisions\/42932"}],"wp:attachment":[{"href":"https:\/\/gazdasagportal.hu\/index.php\/wp-json\/wp\/v2\/media?parent=42931"}],"wp:term":[{"taxonomy":"category","embeddable":true,"href":"https:\/\/gazdasagportal.hu\/index.php\/wp-json\/wp\/v2\/categories?post=42931"},{"taxonomy":"post_tag","embeddable":true,"href":"https:\/\/gazdasagportal.hu\/index.php\/wp-json\/wp\/v2\/tags?post=42931"}],"curies":[{"name":"wp","href":"https:\/\/api.w.org\/{rel}","templated":true}]}}