{"id":42770,"date":"2014-08-28T15:14:03","date_gmt":"2014-08-28T13:14:03","guid":{"rendered":"http:\/\/stockportal.hu\/?p=42770"},"modified":"2014-08-28T15:49:28","modified_gmt":"2014-08-28T13:49:28","slug":"kulfoldi-sajto-magyarorszagrol-die-welt-der-standard","status":"publish","type":"post","link":"https:\/\/gazdasagportal.hu\/index.php\/kulfoldi-sajto-magyarorszagrol-die-welt-der-standard\/","title":{"rendered":"K\u00fclf\u00f6ldi sajt\u00f3 Magyarorsz\u00e1gr\u00f3l &#8211; Die Welt, Der Standard"},"content":{"rendered":"<p><strong>A Die Welt c\u00edm\u0171 jobboldali n\u00e9met lap Orb\u00e1n Viktor tusn\u00e1df\u00fcrd\u0151i besz\u00e9d\u00e9r\u0151l k\u00f6z\u00f6lt vez\u00e9rcikket cs\u00fct\u00f6rt\u00f6ki sz\u00e1m\u00e1ban.<\/strong><!--more--><br \/>\n<div class=\"ads-in-post1\"><div id=\"gazdasagportal.hu_fullbanner_wideboard\"><\/div>\r\n<\/div>\n<p>Az Orb\u00e1n forradalma c\u00edm\u0171 \u00edr\u00e1s szerz\u0151je, Jacques Schuster kiemelte, hogy az ukr\u00e1n v\u00e1ls\u00e1g &#8222;vihar\u00e1ban alig n\u00e9h\u00e1ny megfigyel\u0151 vette \u00e9szre, hogy Magyarorsz\u00e1g minisztereln\u00f6ke, Orb\u00e1n Viktor nemcsak az EU-nak k\u00fcld\u00f6tt had\u00fczenetet, hanem a nyugati \u00e9rt\u00e9krendnek is&#8221;.<br \/>\nHozz\u00e1tette: Orb\u00e1n Viktor 2010-es v\u00e1laszt\u00e1si gy\u0151zelme \u00f3ta &#8222;folyton nyelni kellett&#8221; az olyan szavakat a magyar minisztereln\u00f6kt\u0151l \u00e9s k\u00f6rnyezet\u00e9t\u0151l, amelyek &#8222;durva vehemenci\u00e1ja alig fel\u00fclm\u00falhat\u00f3&#8221;, \u00e9s amelyek &#8222;annyira illenek a nyugati \u00e9rt\u00e9krendbe, mint egy krumpli a tulip\u00e1nmez\u0151re&#8221;.<br \/>\nA nyugati megfigyel\u0151k aggodalma azonban nem volt tart\u00f3s, &#8222;mindig leter\u00edtette \u0151ket Orb\u00e1n m\u0171v\u00e9szi t\u00f6k\u00e9lyre fejlesztett k\u00e9t\u00e9rtelm\u0171s\u00e9ge&#8221;, hiszen a korm\u00e1nyf\u0151 szavai angolul &#8222;ny\u00e1jasnak&#8221; t\u0171nnek, magyarul viszont &#8222;csattannak, mint a retesz a cellaajt\u00f3n&#8221;. Magyarul azonban nemigen tudnak Eur\u00f3p\u00e1ban, ez\u00e9rt az aggodalom helyett a higgadts\u00e1g volt a jellemz\u0151, \u00e9s az uni\u00f3s orsz\u00e1gok \u00e9s int\u00e9zm\u00e9nyek Orb\u00e1n v\u00e1laszt\u00e1si gy\u0151zelmeit is figyelembe vett\u00e9k &#8211; fejtette ki a Die Welt szerz\u0151je.<br \/>\nMindehhez hozz\u00e1j\u00e1rult m\u00e9g az is, hogy Magyarorsz\u00e1g kis orsz\u00e1g, amelyet k\u00f6nny\u0171 nem \u00e9szrevenni, mik\u00f6zben m\u00e1shol v\u00e1ls\u00e1g \u00e9s h\u00e1bor\u00fa tombol &#8211; tette hozz\u00e1, megjegyezve, hogy &#8222;min\u00e9l ink\u00e1bb szenvedett Ukrajna a keletr\u0151l \u00e9rkez\u0151 ork\u00e1nokt\u00f3l&#8221;, ann\u00e1l kevesebb figyelem jutott az Eur\u00f3pai Uni\u00f3ban, illetve az uni\u00f3s tag\u00e1llamokban &#8222;a Budapestr\u0151l \u00e9rkez\u0151 sz\u00e9ll\u00f6k\u00e9sekre&#8221;.<br \/>\nEz\u00e9rt N\u00e9metorsz\u00e1gban csak most vesznek tudom\u00e1st a j\u00falius v\u00e9g\u00e9n elhangzott tusn\u00e1df\u00fcrd\u0151i besz\u00e9dr\u0151l &#8211; v\u00e9lekedett a Die Welt vez\u00e9rcikk\u00edr\u00f3ja, aki a besz\u00e9det elemezve hangs\u00falyozta: az Eur\u00f3pai N\u00e9pp\u00e1rtnak ny\u00edlt vit\u00e1t kellene folytatnia arr\u00f3l, hogy a Fidesz a politikai csal\u00e1dj\u00e1hoz tartozik-e m\u00e9g. &#8222;Egy valamit ugyanis (az Orb\u00e1n-)besz\u00e9d ut\u00e1n minden tov\u00e1bbi n\u00e9lk\u00fcl meg lehet \u00e1llap\u00edtani: a demokr\u00e1cia z\u00e1szlaja f\u00e9l\u00e1rbocon leng Budapesten&#8221;- \u00edrta Jacques Schuster, aki szerint vigy\u00e1zni kell, nehogy &#8222;egy szomor\u00fa napon bevonj\u00e1k&#8221; a z\u00e1szl\u00f3t.<br \/>\nA cikk a Die Welt online kiad\u00e1s\u00e1ban Orb\u00e1n Viktor Putyint j\u00e1tszik. \u00c9s Erdogant c\u00edmmel jelent meg.<br \/>\n<strong><a title=\"Hely megnyit\u00e1sa\" href=\"http:\/\/www.welt.de\/debatte\/kommentare\/article131655671\/Viktor-Orban-macht-den-Putin-Und-den-Erdogan.html\" target=\"_blank\" rel=\"noopener\">http:\/\/www.welt.de\/debatte\/kommentare\/article131655671\/Viktor-Orban-macht-den-Putin-Und-den-Erdogan.html<\/a><\/strong><br \/>\nA magyar korm\u00e1ny nem tartja k\u00edv\u00e1natosnak az &#8222;\u00f6n\u00e1ll\u00f3 \u00e9s \u00f6ntudatos, s esetleg ellen\u00e1ll\u00f3&#8221; kult\u00far\u00e1t &#8211; olvashat\u00f3 a Der Standard c\u00edm\u0171 liber\u00e1lis osztr\u00e1k lapban. A budapesti tud\u00f3s\u00edt\u00f3, Gregor Mayer v\u00e9lem\u00e9nye szerint, a kultur\u00e1lis elitet lecser\u00e9lik, az int\u00e9zm\u00e9nyeket megsz\u00e1llj\u00e1k, az \u00f6n\u00e1ll\u00f3 d\u00f6nt\u00e9sre k\u00e9pes test\u00fcleteket felsz\u00e1molj\u00e1k. Igazi kult\u00farpolitika, kutur\u00e1lis strat\u00e9gia m\u00e9gsincs &#8211; v\u00e9li a szerz\u0151.<br \/>\nA Nemzeti Sz\u00ednh\u00e1z igazgat\u00f3ja \u00e9lvezi Orb\u00e1n Viktor teljes bizalm\u00e1t &#8211; \u00edrja Mayer \u00e9s megjegyzi: olyan kedvencek, mint Vidny\u00e1nszky Attila, nagyvonal\u00fa t\u00e1mogat\u00e1sokat kapnak, m\u00edg m\u00e1sokat, \u00edgy azokat, akik nem alkalmazkodnak, anyagilag ellehetetlen\u00edtik. A j\u00f3l m\u0171k\u00f6d\u0151 filmipart sz\u00e9tvert\u00e9k, hogy az \u00e1llami p\u00e9nzek felett egyed\u00fcl a hollywoodi producer, Andy Vajna rendelkezzen.(MTI)<br \/>\n<strong>\u00a0<a title=\"Hely megnyit\u00e1sa\" href=\"http:\/\/derstandard.at\/2000004837780\/Diskursherrschaft-und-Geistesfeindlichkeit\" target=\"_blank\" rel=\"noopener\">http:\/\/derstandard.at\/2000004837780\/Diskursherrschaft-und-Geistesfeindlichkeit<\/a><\/strong><\/p>\n","protected":false},"excerpt":{"rendered":"<p>A Die Welt c\u00edm\u0171 jobboldali n\u00e9met lap Orb\u00e1n Viktor tusn\u00e1df\u00fcrd\u0151i besz\u00e9d\u00e9r\u0151l k\u00f6z\u00f6lt vez\u00e9rcikket cs\u00fct\u00f6rt\u00f6ki sz\u00e1m\u00e1ban.<\/p>\n","protected":false},"author":1,"featured_media":0,"comment_status":"open","ping_status":"closed","sticky":false,"template":"","format":"standard","meta":[],"categories":[18],"tags":[],"_links":{"self":[{"href":"https:\/\/gazdasagportal.hu\/index.php\/wp-json\/wp\/v2\/posts\/42770"}],"collection":[{"href":"https:\/\/gazdasagportal.hu\/index.php\/wp-json\/wp\/v2\/posts"}],"about":[{"href":"https:\/\/gazdasagportal.hu\/index.php\/wp-json\/wp\/v2\/types\/post"}],"author":[{"embeddable":true,"href":"https:\/\/gazdasagportal.hu\/index.php\/wp-json\/wp\/v2\/users\/1"}],"replies":[{"embeddable":true,"href":"https:\/\/gazdasagportal.hu\/index.php\/wp-json\/wp\/v2\/comments?post=42770"}],"version-history":[{"count":2,"href":"https:\/\/gazdasagportal.hu\/index.php\/wp-json\/wp\/v2\/posts\/42770\/revisions"}],"predecessor-version":[{"id":42777,"href":"https:\/\/gazdasagportal.hu\/index.php\/wp-json\/wp\/v2\/posts\/42770\/revisions\/42777"}],"wp:attachment":[{"href":"https:\/\/gazdasagportal.hu\/index.php\/wp-json\/wp\/v2\/media?parent=42770"}],"wp:term":[{"taxonomy":"category","embeddable":true,"href":"https:\/\/gazdasagportal.hu\/index.php\/wp-json\/wp\/v2\/categories?post=42770"},{"taxonomy":"post_tag","embeddable":true,"href":"https:\/\/gazdasagportal.hu\/index.php\/wp-json\/wp\/v2\/tags?post=42770"}],"curies":[{"name":"wp","href":"https:\/\/api.w.org\/{rel}","templated":true}]}}