{"id":42755,"date":"2014-08-28T13:39:29","date_gmt":"2014-08-28T11:39:29","guid":{"rendered":"http:\/\/stockportal.hu\/?p=42755"},"modified":"2014-08-28T13:39:29","modified_gmt":"2014-08-28T11:39:29","slug":"ukran-valsag-lengyelorszag-bezarja-szevasztopoli-fokonzulatusat","status":"publish","type":"post","link":"https:\/\/gazdasagportal.hu\/index.php\/ukran-valsag-lengyelorszag-bezarja-szevasztopoli-fokonzulatusat\/","title":{"rendered":"Ukr\u00e1n v\u00e1ls\u00e1g &#8211; Lengyelorsz\u00e1g bez\u00e1rja szevasztopoli f\u0151konzul\u00e1tus\u00e1t"},"content":{"rendered":"<p><strong>A lengyel k\u00fcl\u00fcgyminiszt\u00e9rium \u00fagy d\u00f6nt\u00f6tt, hogy bez\u00e1rja szevasztopoli f\u0151konzul\u00e1tus\u00e1t, amelynek tev\u00e9kenys\u00e9g\u00e9t m\u00e1rciusban felf\u00fcggesztette.<\/strong><!--more--><br \/>\n<div class=\"ads-in-post1\"><div id=\"gazdasagportal.hu_fullbanner_wideboard\"><\/div>\r\n<\/div>\n<p>A t\u00e1rca azzal indokolta a k\u00e9pviselet bez\u00e1r\u00e1s\u00e1t, hogy a Kr\u00edm f\u00e9lsziget Oroszorsz\u00e1ghoz csatol\u00e1sa hossz\u00fa t\u00e1v\u00fa k\u00f6vetkezm\u00e9nyekkel j\u00e1r, ezzel szemben a felf\u00fcggeszt\u00e9s csak r\u00f6vid t\u00e1v\u00fa okok miatt esed\u00e9kes &#8211; jelentette a Rzeczpospolita.<br \/>\nA k\u00fcl\u00fcgyminiszt\u00e9rium a lengyel lapnak nyilatkozva k\u00f6z\u00f6lte, hogy a f\u0151konzul\u00e1tus szeptember 30-\u00e1n sz\u0171nik meg v\u00e9g\u00e9rv\u00e9nyesen, s munkak\u00f6r\u00e9t az odesszai konzul\u00e1tus veszi \u00e1t. \u00a0\u00a0\u00a0\u00a0A szevasztopoli f\u0151konzul\u00e1tus v\u00e9gleges bez\u00e1r\u00e1s\u00e1r\u00f3l nem egyhang\u00faan v\u00e9lekednek a lengyel politikusok. Michal Jaros, a korm\u00e1nyz\u00f3 Polg\u00e1ri Platform k\u00e9pvisel\u0151je interpell\u00e1ci\u00f3t k\u00e9sz\u00fcl beny\u00fajtani az \u00fcgyben. Az ellenz\u00e9ki Baloldali Demokratikus Sz\u00f6vets\u00e9g k\u00e9pvisel\u0151je, Tadeusz Iwinski szerint viszont a k\u00e9pviselet bez\u00e1r\u00e1s\u00e1t az indokolja, hogy \u201ea Kr\u00edm de facto, b\u00e1r de jure nem, az Oroszorsz\u00e1gi F\u00f6der\u00e1ci\u00f3 r\u00e9sze\u201d. Ezzel szemben a f\u0151 ellenz\u00e9ki p\u00e1rt, a Jog \u00e9s Igazs\u00e1goss\u00e1g tiltakozik a f\u0151konzul\u00e1tus bez\u00e1r\u00e1sa ellen, tov\u00e1bbi felf\u00fcggeszt\u00e9s\u00e9t tartan\u00e1 hely\u00e9nval\u00f3nak. Ez azt jelezn\u00e9 a p\u00e1rt szerint, hogy Lengyelorsz\u00e1g nem \u00e9rt egyet a Kr\u00edm f\u00e9lsziget elcsatol\u00e1s\u00e1val.<br \/>\nA donyecki lengyel konzul\u00e1tus biztons\u00e1gi okok miatt tov\u00e1bbra is sz\u00fcnetelteti tev\u00e9kenys\u00e9g\u00e9t, amelyet \u00e1tmenetileg a harkivi lengyel konzul\u00e1tus vett \u00e1t. Lengyelorsz\u00e1g m\u00e9g Luckban, Lvivben (Lemberg), Vinnyicj\u00e1ban \u00e9s Kijevben tart fenn konzul\u00e1tust.(MTI)<\/p>\n<p><a title=\"Hely megnyit\u00e1sa\" href=\"http:\/\/www.rp.pl\/artykul\/1136359-Polska-likwiduje-konsulat-na-Krymie.html\" target=\"_blank\" rel=\"noopener\">http:\/\/www.rp.pl\/artykul\/1136359-Polska-likwiduje-konsulat-na-Krymie.html<\/a><\/p>\n","protected":false},"excerpt":{"rendered":"<p>A lengyel k\u00fcl\u00fcgyminiszt\u00e9rium \u00fagy d\u00f6nt\u00f6tt, hogy bez\u00e1rja szevasztopoli f\u0151konzul\u00e1tus\u00e1t, amelynek tev\u00e9kenys\u00e9g\u00e9t m\u00e1rciusban felf\u00fcggesztette.<\/p>\n","protected":false},"author":1,"featured_media":0,"comment_status":"open","ping_status":"closed","sticky":false,"template":"","format":"standard","meta":[],"categories":[139],"tags":[],"_links":{"self":[{"href":"https:\/\/gazdasagportal.hu\/index.php\/wp-json\/wp\/v2\/posts\/42755"}],"collection":[{"href":"https:\/\/gazdasagportal.hu\/index.php\/wp-json\/wp\/v2\/posts"}],"about":[{"href":"https:\/\/gazdasagportal.hu\/index.php\/wp-json\/wp\/v2\/types\/post"}],"author":[{"embeddable":true,"href":"https:\/\/gazdasagportal.hu\/index.php\/wp-json\/wp\/v2\/users\/1"}],"replies":[{"embeddable":true,"href":"https:\/\/gazdasagportal.hu\/index.php\/wp-json\/wp\/v2\/comments?post=42755"}],"version-history":[{"count":1,"href":"https:\/\/gazdasagportal.hu\/index.php\/wp-json\/wp\/v2\/posts\/42755\/revisions"}],"predecessor-version":[{"id":42756,"href":"https:\/\/gazdasagportal.hu\/index.php\/wp-json\/wp\/v2\/posts\/42755\/revisions\/42756"}],"wp:attachment":[{"href":"https:\/\/gazdasagportal.hu\/index.php\/wp-json\/wp\/v2\/media?parent=42755"}],"wp:term":[{"taxonomy":"category","embeddable":true,"href":"https:\/\/gazdasagportal.hu\/index.php\/wp-json\/wp\/v2\/categories?post=42755"},{"taxonomy":"post_tag","embeddable":true,"href":"https:\/\/gazdasagportal.hu\/index.php\/wp-json\/wp\/v2\/tags?post=42755"}],"curies":[{"name":"wp","href":"https:\/\/api.w.org\/{rel}","templated":true}]}}