{"id":42747,"date":"2014-08-28T13:02:56","date_gmt":"2014-08-28T11:02:56","guid":{"rendered":"http:\/\/stockportal.hu\/?p=42747"},"modified":"2014-08-28T14:43:16","modified_gmt":"2014-08-28T12:43:16","slug":"friss-ukrajna-az-eu-nagyszabasu-katonai-segitseget-keri","status":"publish","type":"post","link":"https:\/\/gazdasagportal.hu\/index.php\/friss-ukrajna-az-eu-nagyszabasu-katonai-segitseget-keri\/","title":{"rendered":"Friss: Kit\u00f6rt a h\u00e1bor\u00fa, Ukrajna az EU katonai seg\u00edts\u00e9g\u00e9t k\u00e9ri, Orosz katonai inv\u00e1zi\u00f3"},"content":{"rendered":"<p><strong>Tov\u00e1bbi jelent\u0151s szankci\u00f3k mellett sz\u00e9les k\u00f6r\u0171 technikai \u00e9s katonai seg\u00edts\u00e9gny\u00fajt\u00e1st k\u00f6vetel az Eur\u00f3pai Uni\u00f3t\u00f3l Ukrajna uni\u00f3s nagyk\u00f6vete a k\u00fclk\u00e9pviselet \u00e1ltal az egyik internetes k\u00f6z\u00f6ss\u00e9gi oldalon cs\u00fct\u00f6rt\u00f6k\u00f6n megosztott \u00fczenet tan\u00fas\u00e1ga szerint.<\/strong><!--more--><br \/>\n<div class=\"ads-in-post1\"><div id=\"gazdasagportal.hu_fullbanner_wideboard\"><\/div>\r\n<\/div>\n<p>    &#8222;Oroszorsz\u00e1g tegnap megkezdte a ny\u00edlt inv\u00e1zi\u00f3t Ukrajna ellen&#8221; &#8211; kezdi \u00fczenet\u00e9t Kosztyantin Jeliszjejev, aki szerint az Oroszorsz\u00e1gnak a h\u00e9ten Minszkben ny\u00fajtott b\u00e9kejobbra egy buta cinikus mosoly volt a v\u00e1lasz, az orosz hadsereg pedig m\u00e9g azon az \u00e9jszak\u00e1n \u00e1tl\u00e9pte az ukr\u00e1n hat\u00e1rt. A Kr\u00edmben l\u00e1tottakhoz hasonl\u00f3an jel\u00f6letlen egyenruh\u00e1t visel\u0151 &#8222;z\u00f6ld emberk\u00e9k&#8221; \u00e1rasztj\u00e1k el Ukrajn\u00e1t &#8211; \u00edrja a k\u00f6z\u00f6ss\u00e9gi oldalon Jeliszjejev.<br \/>\n    &#8222;Ukrajn\u00e1nak \u00e9s az Eur\u00f3pai Uni\u00f3nak v\u00e9get kell vetnie ennek a h\u00e1bor\u00fanak&#8221; &#8211; k\u00f6zli a nagyk\u00f6vet, aki felsz\u00f3l\u00edtja az Eur\u00f3pai Uni\u00f3 \u00e1llam-, illetve korm\u00e1nyf\u0151it t\u00f6m\u00f6r\u00edt\u0151 Eur\u00f3pai Tan\u00e1csot, hogy szombaton tartson rendk\u00edv\u00fcli uni\u00f3s cs\u00facsot az ukrajnai helyzet miatt.<br \/>\n    &#8222;El\u00e9g volt az agresszorral val\u00f3 \u00f6sszej\u00e1tsz\u00e1sb\u00f3l \u00e9s a lekenyerez\u00e9s\u00e9b\u0151l&#8221; &#8211; tudatja az ukr\u00e1n diplomata, aki eml\u00e9keztet, hogy febru\u00e1r \u00f3ta a tan\u00e1cs 11 z\u00e1r\u00f3nyilatkozatot fogadott el, az Eur\u00f3pai Parlament pedig n\u00e9gy hat\u00e1rozatban k\u00f6vetelte, hogy Oroszorsz\u00e1g tartsa tiszteletben Ukrajna ter\u00fcleti egys\u00e9g\u00e9t.<br \/>\n    &#8222;Nem volt el\u00e9g ennyi, hogy kider\u00fclj\u00f6n: a Kreml f\u00fcty\u00fcl a szavakra?&#8221;<br \/>\n    A szombatra tervezett rendk\u00edv\u00fcli EU-cs\u00facs f\u0151 t\u00e9m\u00e1ja, hogy miut\u00e1n Jean-Claude Junckert az Eur\u00f3pai Parlament az Eur\u00f3pai Bizotts\u00e1g eln\u00f6k\u00e9v\u00e9 v\u00e1lasztotta, a tag\u00e1llamok vezet\u0151i a t\u00f6bbi uni\u00f3s cs\u00facspoz\u00edci\u00f3t is bet\u00f6lts\u00e9k. Jeliszjejev ugyanakkor megjegyzi: sokkal nagyobb trag\u00e9dia, \u00e9s sokkal t\u00f6bbet \u00e1rthat az Eur\u00f3pai Uni\u00f3 meg\u00edt\u00e9l\u00e9s\u00e9nek, ha a m\u00e1sodik vil\u00e1gh\u00e1bor\u00fa kit\u00f6r\u00e9s\u00e9nek 75 \u00e9vfordul\u00f3j\u00e1n nem k\u00e9pes megakad\u00e1lyozni egy \u00fajabb h\u00e1bor\u00fat, mint az, ha nem siker\u00fcl kiosztani, hogy melyik tag\u00e1llam \u00e1ltal deleg\u00e1lt politikus milyen t\u00e1rc\u00e1t vigyen a k\u00f6vetkez\u0151 \u00e9vekben.(MTI)<\/p>\n","protected":false},"excerpt":{"rendered":"<p>Tov\u00e1bbi jelent\u0151s szankci\u00f3k mellett sz\u00e9les k\u00f6r\u0171 technikai \u00e9s katonai seg\u00edts\u00e9gny\u00fajt\u00e1st k\u00f6vetel az Eur\u00f3pai Uni\u00f3t\u00f3l Ukrajna uni\u00f3s nagyk\u00f6vete a k\u00fclk\u00e9pviselet \u00e1ltal az egyik internetes k\u00f6z\u00f6ss\u00e9gi oldalon cs\u00fct\u00f6rt\u00f6k\u00f6n megosztott \u00fczenet tan\u00fas\u00e1ga szerint.<\/p>\n","protected":false},"author":1,"featured_media":32700,"comment_status":"open","ping_status":"closed","sticky":false,"template":"","format":"standard","meta":[],"categories":[146,139],"tags":[],"_links":{"self":[{"href":"https:\/\/gazdasagportal.hu\/index.php\/wp-json\/wp\/v2\/posts\/42747"}],"collection":[{"href":"https:\/\/gazdasagportal.hu\/index.php\/wp-json\/wp\/v2\/posts"}],"about":[{"href":"https:\/\/gazdasagportal.hu\/index.php\/wp-json\/wp\/v2\/types\/post"}],"author":[{"embeddable":true,"href":"https:\/\/gazdasagportal.hu\/index.php\/wp-json\/wp\/v2\/users\/1"}],"replies":[{"embeddable":true,"href":"https:\/\/gazdasagportal.hu\/index.php\/wp-json\/wp\/v2\/comments?post=42747"}],"version-history":[{"count":6,"href":"https:\/\/gazdasagportal.hu\/index.php\/wp-json\/wp\/v2\/posts\/42747\/revisions"}],"predecessor-version":[{"id":42767,"href":"https:\/\/gazdasagportal.hu\/index.php\/wp-json\/wp\/v2\/posts\/42747\/revisions\/42767"}],"wp:featuredmedia":[{"embeddable":true,"href":"https:\/\/gazdasagportal.hu\/index.php\/wp-json\/wp\/v2\/media\/32700"}],"wp:attachment":[{"href":"https:\/\/gazdasagportal.hu\/index.php\/wp-json\/wp\/v2\/media?parent=42747"}],"wp:term":[{"taxonomy":"category","embeddable":true,"href":"https:\/\/gazdasagportal.hu\/index.php\/wp-json\/wp\/v2\/categories?post=42747"},{"taxonomy":"post_tag","embeddable":true,"href":"https:\/\/gazdasagportal.hu\/index.php\/wp-json\/wp\/v2\/tags?post=42747"}],"curies":[{"name":"wp","href":"https:\/\/api.w.org\/{rel}","templated":true}]}}