{"id":42688,"date":"2014-08-27T20:15:27","date_gmt":"2014-08-27T18:15:27","guid":{"rendered":"http:\/\/stockportal.hu\/?p=42688"},"modified":"2014-08-27T20:04:19","modified_gmt":"2014-08-27T18:04:19","slug":"valls-a-francia-nemet-szovetseg-es-a-vallalkozasbarat-gazdasagpolitika-mellett-foglalt-allast","status":"publish","type":"post","link":"https:\/\/gazdasagportal.hu\/index.php\/valls-a-francia-nemet-szovetseg-es-a-vallalkozasbarat-gazdasagpolitika-mellett-foglalt-allast\/","title":{"rendered":"Valls a francia-n\u00e9met sz\u00f6vets\u00e9g \u00e9s a v\u00e1llalkoz\u00e1sbar\u00e1t gazdas\u00e1gpolitika mellett foglalt \u00e1ll\u00e1st"},"content":{"rendered":"<p><strong>A Franciaorsz\u00e1g \u00e9s N\u00e9metorsz\u00e1g k\u00f6z\u00f6tti sz\u00f6vets\u00e9g \u00e9s a v\u00e1llalkoz\u00e1sbar\u00e1t gazdas\u00e1gpolitika mellett foglalt \u00e1ll\u00e1st szerd\u00e1n Manuel Valls francia minisztereln\u00f6k a francia munk\u00e1ltat\u00f3i sz\u00f6vets\u00e9g (Medef) ny\u00e1ri egyetem\u00e9n.<\/strong><!--more--><br \/>\n<div class=\"ads-in-post1\"><div id=\"gazdasagportal.hu_fullbanner_wideboard\"><\/div>\r\n<\/div>\n<p>    &#8222;Eur\u00f3p\u00e1nak m\u00e9g soha ennyire nem volt sz\u00fcks\u00e9ge a Franciaorsz\u00e1g \u00e9s N\u00e9metorsz\u00e1g k\u00f6z\u00f6tti er\u0151s, tart\u00f3s \u00e9s produkt\u00edv sz\u00f6vets\u00e9gre&#8221; &#8211; mondta a korm\u00e1nyf\u0151 k\u00f6zel negyven perces besz\u00e9d\u00e9ben, amelyet \u00e1ll\u00f3 ov\u00e1ci\u00f3val fogadtak a legjelent\u0151sebb francia v\u00e1llalatok vezet\u0151i a P\u00e1rizs k\u00f6zeli Jouy-en-Josasban.<br \/>\n    Valls ezzel elutas\u00edtotta a korm\u00e1nyb\u00f3l h\u00e9tf\u0151n elt\u00e1vol\u00edtott Arnaud Montebourg volt gazdas\u00e1gi miniszter \u00e1ll\u00e1spontj\u00e1t, aki a h\u00e9t v\u00e9g\u00e9n b\u00edr\u00e1lta a megszor\u00edt\u00f3 int\u00e9zked\u00e9seket, \u00e9s \u00fagy \u00edt\u00e9lte meg, hogy a N\u00e9metorsz\u00e1g \u00e1ltal szorgalmazott k\u00f6lts\u00e9gvet\u00e9si fegyelem helyett ink\u00e1bb a fogyaszt\u00e1st \u00e9s a beruh\u00e1z\u00e1sokat kellene \u00f6szt\u00f6n\u00f6zni.     &#8222;A k\u00f6zt\u00e1rsas\u00e1gi eln\u00f6kh\u00f6z hasonl\u00f3an \u00e9n is visszautas\u00edtom az abszurd szembe\u00e1ll\u00edt\u00e1st N\u00e9metorsz\u00e1ggal&#8221; &#8211; tette hozz\u00e1 Valls.<br \/>\n    &#8222;Franciaorsz\u00e1gnak sz\u00fcks\u00e9ge van a v\u00e1llalataira, mert az innov\u00e1ci\u00f3val, a r\u00e9szv\u00e9nyeseik t\u0151k\u00e9j\u00e9nek kock\u00e1ztat\u00e1s\u00e1val, az alkalmazottaik \u00f6szt\u00f6nz\u00e9s\u00e9vel, az \u00fcgyfeleik ig\u00e9nyeinek kiel\u00e9g\u00edt\u00e9seivel a v\u00e1llalatok \u00e9rt\u00e9ket hoznak l\u00e9tre, mindannyiunk sz\u00e1m\u00e1ra j\u00f3l\u00e9tet teremtenek. \u00c9s \u00e9n szeretem a v\u00e1llalatokat!&#8221; &#8211; hangs\u00falyozta a korm\u00e1nyf\u0151.<br \/>\n    Valls szerint fel kell hagyni a baloldal \u00e9s a v\u00e1llalkoz\u00f3i vil\u00e1g szembe\u00e1ll\u00edt\u00e1s\u00e1val, s &#8222;az orsz\u00e1gnak fel kell hagynia azokkal a szerepj\u00e1t\u00e9kokkal, amelyekhez hozz\u00e1szokott&#8221;, s amelyekbe &#8222;belef\u00e1radt&#8221;.<br \/>\n    &#8222;Hagyjuk abba az \u00e1llam \u00e9s a v\u00e1llalkoz\u00f3i szf\u00e9ra, a v\u00e1llalatvezet\u0151k \u00e9s a fizet\u00e9s\u00e9b\u0151l \u00e9l\u0151k, vagy a munk\u00e1ltat\u00f3i szervezetek \u00e9s a szakszervezetek szembe\u00e1ll\u00edt\u00e1s\u00e1t!&#8221; &#8211; fogalmazott a minisztereln\u00f6k.<br \/>\n    Valls ugyanakkor elismerte, hogy a h\u00e1ztart\u00e1sokra \u00e9s a v\u00e1llalkoz\u00e1sokra kivetett ad\u00f3k t\u00fal sokat emelkedtek az elm\u00falt \u00e9vekben, valamint, hogy t\u00fal nagyok a munk\u00e1ra kivetett terhek. A befektet\u0151i bizalom visszaszerz\u00e9se \u00e9rdek\u00e9ben a v\u00e1llalkoz\u00e1sok sz\u00e1m\u00e1ra l\u00e9trehozott egyszer\u0171s\u00edtett elj\u00e1r\u00e1sokr\u00f3l is eml\u00edt\u00e9st tett.<br \/>\n    A baloldalon heves vit\u00e1t kiv\u00e1lt\u00f3 deficitcs\u00f6kkent\u0151 gazdas\u00e1gpolitika kapcs\u00e1n a korm\u00e1nyf\u0151 arra eml\u00e9keztetett, hogy Franciaorsz\u00e1g negyven \u00e9ve a lehet\u0151s\u00e9gei felett \u00e9l, s a deficit 2008 \u00f3ta meghaladja a GDP-ar\u00e1nyos 4 sz\u00e1zal\u00e9kot.<br \/>\n    &#8222;Cs\u00f6kkenteni kell az \u00e1llami kiad\u00e1sokat, megtakar\u00edt\u00e1sra van sz\u00fcks\u00e9g, cs\u00f6kkenteni kell az \u00e1llamad\u00f3ss\u00e1got, ezen m\u00falik az orsz\u00e1g j\u00f6v\u0151je&#8221; &#8211; mondta Valls. Ugyanakkor hozz\u00e1tette, hogy a deficit cs\u00f6kkent\u00e9s\u00e9t az orsz\u00e1g lehet\u0151s\u00e9geihez kell igaz\u00edtani.<br \/>\n    A korm\u00e1nyf\u0151 elmondta, hogy a keddi korm\u00e1ny\u00e1talak\u00edt\u00e1s &#8222;a k\u00f6vetkezetess\u00e9g \u00e9s az egy\u00e9rtelm\u0171s\u00e9g&#8221; \u00e9rdek\u00e9ben t\u00f6rt\u00e9nt. Jelezte, hogy nem k\u00e9telkedik abban, hogy a parlamenti t\u00f6bbs\u00e9g bizalmat fog szavazni a korm\u00e1ny\u00e1nak, \u00e9s el fogj\u00e1k fogadni a k\u00f6lts\u00e9gvet\u00e9st.<br \/>\n    Az \u00e1talakult korm\u00e1ny &#8211; amelyb\u0151l h\u00e1rom, a megszor\u00edt\u00f3 politik\u00e1t b\u00edr\u00e1l\u00f3 miniszter \u00e9s egy \u00e1llamtitk\u00e1r t\u00e1vozott &#8211; szerda d\u00e9lel\u0151tt tartotta els\u0151 \u00fcl\u00e9s\u00e9t. Francois Hollande francia \u00e1llamf\u0151 az \u00fcl\u00e9sen k\u00f6vetkezetess\u00e9gre, egy\u00fcttes munk\u00e1ra \u00e9s a francia v\u00e1llalatok versenyk\u00e9pess\u00e9g\u00e9nek helyre\u00e1ll\u00edt\u00e1s\u00e1ra k\u00e9rte a korm\u00e1ny tagjait.<br \/>\n    Az \u00fajs\u00e1g\u00edr\u00f3k a legnagyobb figyelmet Emmanuel Macron \u00faj gazdas\u00e1gi miniszternek, a megszor\u00edt\u00f3 politik\u00e1t b\u00edr\u00e1l\u00f3 Arnaud Montebourg ut\u00f3dj\u00e1nak szentelt\u00e9k. A 36 \u00e9ves volt bank\u00e1r, elismert gazdas\u00e1gi szakember, aki a k\u00f6zelm\u00faltig Hollande els\u0151sz\u00e1m\u00fa gazdas\u00e1gi tan\u00e1csad\u00f3jak\u00e9nt dolgozott, azonnal az \u00faj korm\u00e1ny szoci\u00e1lliber\u00e1lis ir\u00e1nyvonal\u00e1nak jelk\u00e9pe lett.(MTI)<\/p>\n","protected":false},"excerpt":{"rendered":"<p>A Franciaorsz\u00e1g \u00e9s N\u00e9metorsz\u00e1g k\u00f6z\u00f6tti sz\u00f6vets\u00e9g \u00e9s a v\u00e1llalkoz\u00e1sbar\u00e1t gazdas\u00e1gpolitika mellett foglalt \u00e1ll\u00e1st szerd\u00e1n Manuel Valls francia minisztereln\u00f6k a francia munk\u00e1ltat\u00f3i sz\u00f6vets\u00e9g (Medef) ny\u00e1ri egyetem\u00e9n.<\/p>\n","protected":false},"author":1,"featured_media":0,"comment_status":"open","ping_status":"closed","sticky":false,"template":"","format":"standard","meta":[],"categories":[12],"tags":[],"_links":{"self":[{"href":"https:\/\/gazdasagportal.hu\/index.php\/wp-json\/wp\/v2\/posts\/42688"}],"collection":[{"href":"https:\/\/gazdasagportal.hu\/index.php\/wp-json\/wp\/v2\/posts"}],"about":[{"href":"https:\/\/gazdasagportal.hu\/index.php\/wp-json\/wp\/v2\/types\/post"}],"author":[{"embeddable":true,"href":"https:\/\/gazdasagportal.hu\/index.php\/wp-json\/wp\/v2\/users\/1"}],"replies":[{"embeddable":true,"href":"https:\/\/gazdasagportal.hu\/index.php\/wp-json\/wp\/v2\/comments?post=42688"}],"version-history":[{"count":1,"href":"https:\/\/gazdasagportal.hu\/index.php\/wp-json\/wp\/v2\/posts\/42688\/revisions"}],"predecessor-version":[{"id":42689,"href":"https:\/\/gazdasagportal.hu\/index.php\/wp-json\/wp\/v2\/posts\/42688\/revisions\/42689"}],"wp:attachment":[{"href":"https:\/\/gazdasagportal.hu\/index.php\/wp-json\/wp\/v2\/media?parent=42688"}],"wp:term":[{"taxonomy":"category","embeddable":true,"href":"https:\/\/gazdasagportal.hu\/index.php\/wp-json\/wp\/v2\/categories?post=42688"},{"taxonomy":"post_tag","embeddable":true,"href":"https:\/\/gazdasagportal.hu\/index.php\/wp-json\/wp\/v2\/tags?post=42688"}],"curies":[{"name":"wp","href":"https:\/\/api.w.org\/{rel}","templated":true}]}}