{"id":42656,"date":"2014-08-27T16:50:04","date_gmt":"2014-08-27T14:50:04","guid":{"rendered":"http:\/\/stockportal.hu\/?p=42656"},"modified":"2014-08-27T16:20:45","modified_gmt":"2014-08-27T14:20:45","slug":"fidesz-a-kormany-elkotelezett-az-eu-tagsag-mellett","status":"publish","type":"post","link":"https:\/\/gazdasagportal.hu\/index.php\/fidesz-a-kormany-elkotelezett-az-eu-tagsag-mellett\/","title":{"rendered":"Fidesz: a korm\u00e1ny elk\u00f6telezett az EU-tags\u00e1g mellett"},"content":{"rendered":"<p><strong>A Fidesz-korm\u00e1ny elk\u00f6telezett az eur\u00f3pai uni\u00f3s tags\u00e1g mellett &#8211; reag\u00e1lt a korm\u00e1nyp\u00e1rt sajt\u00f3irod\u00e1ja a Demokratikus Koal\u00edci\u00f3 (DK) aleln\u00f6k\u00e9nek szerdai nyilatkozat\u00e1ra.<\/strong><!--more--><br \/>\n<div class=\"ads-in-post1\"><div id=\"gazdasagportal.hu_fullbanner_wideboard\"><\/div>\r\n<\/div>\n<p>    Niederm\u00fcller P\u00e9ter az MTI-nek arr\u00f3l besz\u00e9lt, p\u00e1rtja szerint Orb\u00e1n Viktor minisztereln\u00f6k \u00e9s korm\u00e1nya Magyarorsz\u00e1gnak az Eur\u00f3pai Uni\u00f3b\u00f3l val\u00f3 kil\u00e9p\u00e9s\u00e9t, elt\u00e1volod\u00e1s\u00e1t k\u00e9sz\u00edti el\u0151.<br \/>\n    A Fidesz sajt\u00f3irod\u00e1ja erre reag\u00e1lva k\u00f6zlem\u00e9nyt juttatott el az MTI-hez, \u00fagy fogalmazva, hogy a Gyurcs\u00e1ny-Bajnai-korm\u00e1nyok beh\u00f3doltak az Eur\u00f3pai Uni\u00f3nak, \u00e9s nem egyszer &#8222;h\u00e1tba t\u00e1madt\u00e1k saj\u00e1t haz\u00e1jukat&#8221;.<br \/>\n    A Fidesz-korm\u00e1ny ezzel szemben egyenrang\u00fa partners\u00e9gre t\u00f6rekszik, \u00e9s ki\u00e1ll a magyar nemzeti \u00e9rdekek mellett &#8211; \u00edrt\u00e1k, kiemelve, hogy &#8222;a j\u00f6v\u0151ben is meg fogjuk v\u00e9deni a rezsics\u00f6kkent\u00e9st, a magyar f\u00f6ldet \u00e9s az eur\u00f3pai uni\u00f3s t\u00e1mogat\u00e1sokat, de elk\u00f6telezettek vagyunk Magyarorsz\u00e1g uni\u00f3s tags\u00e1ga \u00e9s az uni\u00f3s norm\u00e1k mellett&#8221;. A Fidesz szerint Magyarorsz\u00e1g sz\u00e1m\u00e1ra nincs m\u00e1s \u00e9sszer\u0171 v\u00e1laszt\u00e1si lehet\u0151s\u00e9g, a kil\u00e9p\u00e9s bel\u00e1thatatlan gazdas\u00e1gi k\u00f6vetkezm\u00e9nyeknek \u00e9s munkan\u00e9lk\u00fclis\u00e9gnek tenn\u00e9 ki az orsz\u00e1got.(MTI)<\/p>\n","protected":false},"excerpt":{"rendered":"<p>A Fidesz-korm\u00e1ny elk\u00f6telezett az eur\u00f3pai uni\u00f3s tags\u00e1g mellett &#8211; reag\u00e1lt a korm\u00e1nyp\u00e1rt sajt\u00f3irod\u00e1ja a Demokratikus Koal\u00edci\u00f3 (DK) aleln\u00f6k\u00e9nek szerdai nyilatkozat\u00e1ra.<\/p>\n","protected":false},"author":1,"featured_media":0,"comment_status":"open","ping_status":"closed","sticky":false,"template":"","format":"standard","meta":[],"categories":[18],"tags":[],"_links":{"self":[{"href":"https:\/\/gazdasagportal.hu\/index.php\/wp-json\/wp\/v2\/posts\/42656"}],"collection":[{"href":"https:\/\/gazdasagportal.hu\/index.php\/wp-json\/wp\/v2\/posts"}],"about":[{"href":"https:\/\/gazdasagportal.hu\/index.php\/wp-json\/wp\/v2\/types\/post"}],"author":[{"embeddable":true,"href":"https:\/\/gazdasagportal.hu\/index.php\/wp-json\/wp\/v2\/users\/1"}],"replies":[{"embeddable":true,"href":"https:\/\/gazdasagportal.hu\/index.php\/wp-json\/wp\/v2\/comments?post=42656"}],"version-history":[{"count":1,"href":"https:\/\/gazdasagportal.hu\/index.php\/wp-json\/wp\/v2\/posts\/42656\/revisions"}],"predecessor-version":[{"id":42657,"href":"https:\/\/gazdasagportal.hu\/index.php\/wp-json\/wp\/v2\/posts\/42656\/revisions\/42657"}],"wp:attachment":[{"href":"https:\/\/gazdasagportal.hu\/index.php\/wp-json\/wp\/v2\/media?parent=42656"}],"wp:term":[{"taxonomy":"category","embeddable":true,"href":"https:\/\/gazdasagportal.hu\/index.php\/wp-json\/wp\/v2\/categories?post=42656"},{"taxonomy":"post_tag","embeddable":true,"href":"https:\/\/gazdasagportal.hu\/index.php\/wp-json\/wp\/v2\/tags?post=42656"}],"curies":[{"name":"wp","href":"https:\/\/api.w.org\/{rel}","templated":true}]}}