{"id":42650,"date":"2014-08-27T15:47:43","date_gmt":"2014-08-27T13:47:43","guid":{"rendered":"http:\/\/stockportal.hu\/?p=42650"},"modified":"2014-08-27T15:47:43","modified_gmt":"2014-08-27T13:47:43","slug":"ukran-valsag-kijev-orosz-katonak-het-telepulest-foglaltak-el","status":"publish","type":"post","link":"https:\/\/gazdasagportal.hu\/index.php\/ukran-valsag-kijev-orosz-katonak-het-telepulest-foglaltak-el\/","title":{"rendered":"Ukr\u00e1n v\u00e1ls\u00e1g &#8211; Kijev: orosz katon\u00e1k h\u00e9t telep\u00fcl\u00e9st foglaltak el"},"content":{"rendered":"<p><strong>Orosz katonai alakulatok ism\u00e9t behatoltak Ukrajna ter\u00fclet\u00e9re, Donyeck megye d\u00e9li r\u00e9sz\u00e9n, \u00e9s Novoazovszk mellett megsz\u00e1lltak h\u00e9t telep\u00fcl\u00e9st &#8211; mondta szerdai kijevi sajt\u00f3t\u00e1j\u00e9koztat\u00f3j\u00e1n Andrij Liszenko, a Nemzetv\u00e9delmi \u00e9s Biztons\u00e1gi Tan\u00e1cs (RNBO) sz\u00f3viv\u0151je.<\/strong><!--more--><br \/>\n<div class=\"ads-in-post1\"><div id=\"gazdasagportal.hu_fullbanner_wideboard\"><\/div>\r\n<\/div>\n<p>    K\u00e9t napja szint\u00e9n Novoazovszk v\u00e1ros\u00e1n\u00e1l hatoltak be az orosz hadsereg 98-as l\u00e9gi sz\u00e1ll\u00edt\u00e1s\u00fa hadoszt\u00e1ly\u00e1nak katonai j\u00e1rm\u0171vei. Moszkva kedden azt \u00e1ll\u00edtotta, hogy &#8222;elt\u00e9vedtek&#8221;. Az ukr\u00e1n fegyveres er\u0151k aznap t\u00edz orosz deszantos katon\u00e1t vettek \u0151rizetbe, akik viszont azt vallott\u00e1k: parancsnokaik hazudtak nekik, azt mondt\u00e1k, hogy hadgyakorlatra mennek.<br \/>\n    A kelet-ukrajnai katonai konfliktus \u00fajabb fejlem\u00e9ny\u00e9r\u0151l az RNBO sz\u00f3viv\u0151je f\u00e9l nappal azut\u00e1n adott h\u00edrt, hogy Petro Porosenko ukr\u00e1n \u00e1llamf\u0151 bejelentette: a Vlagyimir Putyin orosz eln\u00f6k r\u00e9szv\u00e9tel\u00e9vel lezajlott, t\u00f6bboldal\u00fa minszki tal\u00e1lkoz\u00f3 r\u00e9sztvev\u0151i elfogadt\u00e1k Kijev b\u00e9keterv\u00e9t, s tervet k\u00e9sz\u00edtenek arra, hogy a lehet\u0151 leghamarabb t\u0171zsz\u00fcnet legyen.<br \/>\n    Liszenko szerint az orosz katon\u00e1k \u00e1ltal megsz\u00e1llt falvakb\u00f3l \u00e9s orosz ter\u00fcletr\u0151l heves t\u0171z al\u00e1 vett\u00e9k a k\u00f6rnyez\u0151 telep\u00fcl\u00e9seket. Elmondta, hogy k\u00f6zben a ter\u00fclett\u0151l \u00e9szakabbra fekv\u0151 Donyeck megyei Amvroszijivka v\u00e1ros\u00e1ba is behatoltak orosz katon\u00e1k \u00f6t p\u00e1nc\u00e9lozott j\u00e1rm\u0171vel \u00e9s egy Kamaz teheraut\u00f3val.<br \/>\n    A sz\u00f3viv\u0151 szerint &#8222;szakad\u00e1r fegyveresek az orosz megsz\u00e1ll\u00f3k seg\u00edts\u00e9g\u00e9vel&#8221; elfoglalt\u00e1k Sztarobeseve telep\u00fcl\u00e9st, amely Amvroszijivk\u00e1t\u00f3l nem messze Nyugatra, az ukr\u00e1n fegyveres er\u0151k \u00e1ltal ellen\u0151rz\u00f6tt t\u00e9rs\u00e9gben van. Hozz\u00e1tette, hogy lerombolt\u00e1k a helyi k\u00f3rh\u00e1zat, az el\u0151zetes adatok szerint az ott kezelt s\u00e9r\u00fclteket Mariupolba \u00e9s Bergyanszkba evaku\u00e1lt\u00e1k.<br \/>\n    Az RNBO \u00e9rtes\u00fcl\u00e9sei alapj\u00e1n a d\u00e9l-donyecki kik\u00f6t\u0151v\u00e1rosban, Mariupolban egyel\u0151re nyugodt a helyzet. A telep\u00fcl\u00e9st az ukr\u00e1n fegyveres er\u0151k tartj\u00e1k ellen\u0151rz\u00e9s\u00fck alatt.<br \/>\n    Azt mondta, hogy az Oroszorsz\u00e1g \u00e1ltal bekebelezett Kr\u00edm-f\u00e9lszigettel hat\u00e1ros Herszoni ter\u00fcleten is egyre akt\u00edvabb tev\u00e9kenys\u00e9get folytatnak az orosz fegyveres er\u0151k. A d\u00e9l-ukrajnai megye l\u00e9gter\u00e9ben h\u00e1rom orosz katonai helikoptert \u00e9szleltek el\u0151z\u0151 nap. Szavai szerint az ideiglenesen elcsatolt f\u00e9lsziget \u00e9szaki r\u00e9sz\u00e9n az orosz katon\u00e1k t\u00fczel\u0151\u00e1ll\u00e1sokat alak\u00edtanak ki.<br \/>\n    A sz\u00f3viv\u0151 t\u00e1j\u00e9koztatott tov\u00e1bb\u00e1 arr\u00f3l, hogy az elm\u00falt 24 \u00f3r\u00e1ban 13 ukr\u00e1n katona esett el \u00e9s 36 sebes\u00fclt meg az oroszbar\u00e1t szakad\u00e1rok ellen folytatott &#8222;terrorellenes m\u0171velet&#8221; t\u00e9rs\u00e9g\u00e9ben.<br \/>\n    K\u00f6zben a Donyeckt\u0151l nem messze l\u00e9v\u0151 Ilovajszk v\u00e1ros\u00e1n\u00e1l harcol\u00f3 Dnyipro-1 \u00f6nk\u00e9ntes alakulat parancsnoka, Volodimir Paraszjuk a Facebook-on azt k\u00f6z\u00f6lte, hogy t\u00fcz\u00e9rs\u00e9gi t\u00e1mogat\u00e1st kaptak, \u00e9s elkezdt\u00e9k visszaszor\u00edtani a szakad\u00e1rokat. Paraszjuk szerint az el\u0151z\u0151 nap s\u00falyos vesztes\u00e9geket szenvedtek, az alakulat n\u00e9gy tagja vesztette \u00e9let\u00e9t \u00e9s 14-en sebes\u00fcltek meg.<br \/>\n    A luhanszki v\u00e1rosi tan\u00e1cs k\u00f6zlem\u00e9nye szerint a megyesz\u00e9khelyen a sz\u0171nni nem akar\u00f3 t\u0171zharcok miatt napr\u00f3l napra romlik a helyzet. A v\u00e1rosban m\u00e1r 25 napja nincs \u00e1ram, vezet\u00e9kes v\u00edz, nem m\u0171k\u00f6dnek a mobil- \u00e9s a vezet\u00e9kes telefonok sem. Luhanszkban m\u00e1r csak a legalapvet\u0151bb \u00e9lelmiszerek kaphat\u00f3k a boltokban, az iv\u00f3v\u00edzhi\u00e1ny pedig m\u00e1r v\u00e1ls\u00e1goss\u00e1 v\u00e1lt.(MTI)<\/p>\n","protected":false},"excerpt":{"rendered":"<p>Orosz katonai alakulatok ism\u00e9t behatoltak Ukrajna ter\u00fclet\u00e9re, Donyeck megye d\u00e9li r\u00e9sz\u00e9n, \u00e9s Novoazovszk mellett megsz\u00e1lltak h\u00e9t telep\u00fcl\u00e9st &#8211; mondta szerdai kijevi sajt\u00f3t\u00e1j\u00e9koztat\u00f3j\u00e1n Andrij Liszenko, a Nemzetv\u00e9delmi \u00e9s Biztons\u00e1gi Tan\u00e1cs (RNBO) sz\u00f3viv\u0151je.<\/p>\n","protected":false},"author":1,"featured_media":0,"comment_status":"open","ping_status":"closed","sticky":false,"template":"","format":"standard","meta":[],"categories":[139],"tags":[],"_links":{"self":[{"href":"https:\/\/gazdasagportal.hu\/index.php\/wp-json\/wp\/v2\/posts\/42650"}],"collection":[{"href":"https:\/\/gazdasagportal.hu\/index.php\/wp-json\/wp\/v2\/posts"}],"about":[{"href":"https:\/\/gazdasagportal.hu\/index.php\/wp-json\/wp\/v2\/types\/post"}],"author":[{"embeddable":true,"href":"https:\/\/gazdasagportal.hu\/index.php\/wp-json\/wp\/v2\/users\/1"}],"replies":[{"embeddable":true,"href":"https:\/\/gazdasagportal.hu\/index.php\/wp-json\/wp\/v2\/comments?post=42650"}],"version-history":[{"count":1,"href":"https:\/\/gazdasagportal.hu\/index.php\/wp-json\/wp\/v2\/posts\/42650\/revisions"}],"predecessor-version":[{"id":42651,"href":"https:\/\/gazdasagportal.hu\/index.php\/wp-json\/wp\/v2\/posts\/42650\/revisions\/42651"}],"wp:attachment":[{"href":"https:\/\/gazdasagportal.hu\/index.php\/wp-json\/wp\/v2\/media?parent=42650"}],"wp:term":[{"taxonomy":"category","embeddable":true,"href":"https:\/\/gazdasagportal.hu\/index.php\/wp-json\/wp\/v2\/categories?post=42650"},{"taxonomy":"post_tag","embeddable":true,"href":"https:\/\/gazdasagportal.hu\/index.php\/wp-json\/wp\/v2\/tags?post=42650"}],"curies":[{"name":"wp","href":"https:\/\/api.w.org\/{rel}","templated":true}]}}