{"id":42610,"date":"2014-08-27T10:28:30","date_gmt":"2014-08-27T08:28:30","guid":{"rendered":"http:\/\/stockportal.hu\/?p=42610"},"modified":"2014-08-27T10:28:30","modified_gmt":"2014-08-27T08:28:30","slug":"gyurcsany-egyseges-demokrata-partot-kellene-letrehozni","status":"publish","type":"post","link":"https:\/\/gazdasagportal.hu\/index.php\/gyurcsany-egyseges-demokrata-partot-kellene-letrehozni\/","title":{"rendered":"Gyurcs\u00e1ny: egys\u00e9ges Demokrata P\u00e1rtot kellene l\u00e9trehozni"},"content":{"rendered":"<p><strong>Gyurcs\u00e1ny Ferenc szerint a demokratikus p\u00e1rtok a jelenlegi v\u00e1laszt\u00e1si rendszerben egy\u00fcttes l\u00e9tre vannak \u00edt\u00e9lve, &#8222;egy\u00fcttm\u0171k\u00f6d\u00e9s vagy politikai hal\u00e1l&#8221; &#8211; fogalmazott az egykori minisztereln\u00f6k, a DK eln\u00f6ke a N\u00e9pszabads\u00e1gban szerd\u00e1n k\u00f6z\u00f6lt \u00edr\u00e1s\u00e1ban.<\/strong><!--more--><br \/>\n<div class=\"ads-in-post1\"><div id=\"gazdasagportal.hu_fullbanner_wideboard\"><\/div>\r\n<\/div>\n<p>    &#8222;Az optim\u00e1lis v\u00e9gc\u00e9l vil\u00e1gos: egys\u00e9ges Demokrata P\u00e1rtot kellene l\u00e9trehozni. De l\u00e1tva a mostani \u00f6nkorm\u00e1nyzati v\u00e1laszt\u00e1sra val\u00f3 felk\u00e9sz\u00fcl\u00e9s bukd\u00e1csol\u00f3 t\u00e1rgyal\u00e1sait, a kompromisszumk\u00e9ptelens\u00e9g riaszt\u00f3 fok\u00e1t, a mai \u00e9rz\u00e9seim szerint ez m\u00e9g nagyon messze van.&#8221;<br \/>\n    Hozz\u00e1tette: ha nem v\u00e1ltozik a v\u00e1laszt\u00e1si rendszer, 2018-ban is \u00f6ssze kell fogniuk ezen p\u00e1rtoknak. A DK eln\u00f6ke k\u00f6ztes megold\u00e1sokat is lehets\u00e9gesnek tart: a p\u00e1rtuni\u00f3t, k\u00f6z\u00f6s eln\u00f6ks\u00e9get vagy m\u00e9g laz\u00e1bb egy\u00fcttm\u0171k\u00f6d\u00e9st, \u00e1lland\u00f3 p\u00e1rtk\u00f6zi egyeztet\u00e9ssel.<br \/>\n    &#8222;Sz\u00f6vetkezni, ellen\u00e1llni, programot adni \u00e9s legf\u0151k\u00e9pp vigy\u00e1zni egym\u00e1sra &#8211; ez a feladat&#8221; &#8211; fogalmazott Gyurcs\u00e1ny Ferenc.(MTI)<\/p>\n","protected":false},"excerpt":{"rendered":"<p>Gyurcs\u00e1ny Ferenc szerint a demokratikus p\u00e1rtok a jelenlegi v\u00e1laszt\u00e1si rendszerben egy\u00fcttes l\u00e9tre vannak \u00edt\u00e9lve, &#8222;egy\u00fcttm\u0171k\u00f6d\u00e9s vagy politikai hal\u00e1l&#8221; &#8211; fogalmazott az egykori minisztereln\u00f6k, a DK eln\u00f6ke a N\u00e9pszabads\u00e1gban szerd\u00e1n k\u00f6z\u00f6lt \u00edr\u00e1s\u00e1ban.<\/p>\n","protected":false},"author":1,"featured_media":0,"comment_status":"open","ping_status":"closed","sticky":false,"template":"","format":"standard","meta":[],"categories":[18],"tags":[],"_links":{"self":[{"href":"https:\/\/gazdasagportal.hu\/index.php\/wp-json\/wp\/v2\/posts\/42610"}],"collection":[{"href":"https:\/\/gazdasagportal.hu\/index.php\/wp-json\/wp\/v2\/posts"}],"about":[{"href":"https:\/\/gazdasagportal.hu\/index.php\/wp-json\/wp\/v2\/types\/post"}],"author":[{"embeddable":true,"href":"https:\/\/gazdasagportal.hu\/index.php\/wp-json\/wp\/v2\/users\/1"}],"replies":[{"embeddable":true,"href":"https:\/\/gazdasagportal.hu\/index.php\/wp-json\/wp\/v2\/comments?post=42610"}],"version-history":[{"count":1,"href":"https:\/\/gazdasagportal.hu\/index.php\/wp-json\/wp\/v2\/posts\/42610\/revisions"}],"predecessor-version":[{"id":42611,"href":"https:\/\/gazdasagportal.hu\/index.php\/wp-json\/wp\/v2\/posts\/42610\/revisions\/42611"}],"wp:attachment":[{"href":"https:\/\/gazdasagportal.hu\/index.php\/wp-json\/wp\/v2\/media?parent=42610"}],"wp:term":[{"taxonomy":"category","embeddable":true,"href":"https:\/\/gazdasagportal.hu\/index.php\/wp-json\/wp\/v2\/categories?post=42610"},{"taxonomy":"post_tag","embeddable":true,"href":"https:\/\/gazdasagportal.hu\/index.php\/wp-json\/wp\/v2\/tags?post=42610"}],"curies":[{"name":"wp","href":"https:\/\/api.w.org\/{rel}","templated":true}]}}